{"id":27453,"date":"2023-05-27T15:46:15","date_gmt":"2023-05-27T15:46:15","guid":{"rendered":"https:\/\/tintafresca.net\/?p=27453"},"modified":"2023-05-27T16:10:04","modified_gmt":"2023-05-27T16:10:04","slug":"hospital-distrital-de-santarem-inicia-tratamento-de-varizes-com-radiofrequencia","status":"publish","type":"post","link":"https:\/\/tintafresca.net\/index.php\/2023\/05\/27\/hospital-distrital-de-santarem-inicia-tratamento-de-varizes-com-radiofrequencia\/","title":{"rendered":"Hospital Distrital de Santar\u00e9m inicia tratamento de varizes com radiofrequ\u00eancia"},"content":{"rendered":"<div id=\"attachment_27455\" style=\"width: 510px\" class=\"wp-caption alignleft\"><img loading=\"lazy\" decoding=\"async\" aria-describedby=\"caption-attachment-27455\" class=\"wp-image-27455 size-full\" src=\"https:\/\/tintafresca.net\/wp-content\/uploads\/2023\/05\/Santarem_HDS_varizes10.jpg\" alt=\"\" width=\"500\" height=\"375\" srcset=\"https:\/\/tintafresca.net\/wp-content\/uploads\/2023\/05\/Santarem_HDS_varizes10.jpg 500w, https:\/\/tintafresca.net\/wp-content\/uploads\/2023\/05\/Santarem_HDS_varizes10-300x225.jpg 300w\" sizes=\"auto, (max-width: 500px) 100vw, 500px\" \/><p id=\"caption-attachment-27455\" class=\"wp-caption-text\">Tratamento de varizes<\/p><\/div>\n<p>O Servi\u00e7o de Cirurgia Vascular do Hospital Distrital de Santar\u00e9m (HDS) iniciou em 2023 o tratamento de varizes dos membros inferiores com radiofrequ\u00eancia para termoabla\u00e7\u00e3o da veia safena interna.<\/p>\n<p>De acordo com Pedro Martins, diretor do Servi\u00e7o de Cirurgia Vascular do HDS, \u201ca implementa\u00e7\u00e3o desta t\u00e9cnica de termoabla\u00e7\u00e3o, atual e recomendada como op\u00e7\u00e3o preferencial para tratamento cir\u00fargico da maioria dos doentes com doen\u00e7a venosa cr\u00f3nica, permite oferecer uma alternativa minimamente invasiva \u00e0 cirurgia convencional, com menos dor e dias de convalesc\u00eancia p\u00f3s-operat\u00f3ria do doente\u201d.<\/p>\n<p>Segundo o cirurgi\u00e3o vascular, al\u00e9m do benef\u00edcio cl\u00ednico referido, esta t\u00e9cnica permitiu \u201cpotenciar a capacidade instalada no HDS na Unidade de Cirurgia de Ambulat\u00f3rio, sendo poss\u00edvel realizar a interven\u00e7\u00e3o em regime exclusivamente ambulat\u00f3rio, contribuindo para o aumento da capacidade de resposta e redu\u00e7\u00e3o do tempo de espera para cirurgia\u201d.<\/p>\n<p>Pedro Martins destaca o caso de um homem de 34 anos, saud\u00e1vel, referenciado a Consulta de Cirurgia Vascular por \u00falcera maleolar direita ativa, em contexto de insufici\u00eancia da crossa e eixo da veia safena interna direita. De acordo com o m\u00e9dico, \u201csob anestesia local e em regime ambulat\u00f3rio, procedeu-se a termoabla\u00e7\u00e3o do eixo da veia safena interna direita e remo\u00e7\u00e3o de colaterais varic\u00f3ticos na perna direita\u201d, relata.<\/p>\n<p>E acrescenta: \u201cNa consulta de p\u00f3s-operat\u00f3rio duas semanas ap\u00f3s a interven\u00e7\u00e3o, verificou-se marcada melhoria sintom\u00e1tica, redu\u00e7\u00e3o dos sinais inflamat\u00f3rios e cicatriza\u00e7\u00e3o completa da \u00falcera de perna, demonstrando a doente satisfa\u00e7\u00e3o pela t\u00e9cnica e resultados obtidos.\u201d<\/p>\n<p>A presidente do Conselho de Administra\u00e7\u00e3o do HDS, Ana Infante, congratula-se com mais esta diferencia\u00e7\u00e3o t\u00e9cnica implementada no HDS, muito agradecendo \u201ca din\u00e2mica instalada no Servi\u00e7o de Cirurgia Vascular nos \u00faltimos tempos e o contributo de todos os profissionais envolvidos na concretiza\u00e7\u00e3o desta nova t\u00e9cnica\u201d.<\/p>\n<p><strong>\u00a0 \u00a0 \u00a0Fonte: GCI|HDS<\/strong><\/p>\n","protected":false},"excerpt":{"rendered":"<p>O Servi\u00e7o de Cirurgia Vascular do Hospital Distrital de Santar\u00e9m (HDS) iniciou em 2023 o tratamento de varizes dos membros inferiores com radiofrequ\u00eancia para termoabla\u00e7\u00e3o da veia safena interna. De acordo com Pedro Martins, diretor do Servi\u00e7o de Cirurgia Vascular do HDS, \u201ca implementa\u00e7\u00e3o desta t\u00e9cnica de termoabla\u00e7\u00e3o, atual e recomendada como op\u00e7\u00e3o preferencial para [&hellip;]<\/p>\n","protected":false},"author":2,"featured_media":27456,"comment_status":"open","ping_status":"open","sticky":false,"template":"","format":"standard","meta":{"footnotes":""},"categories":[6],"tags":[],"class_list":["post-27453","post","type-post","status-publish","format-standard","has-post-thumbnail","hentry","category-saude"],"_links":{"self":[{"href":"https:\/\/tintafresca.net\/index.php\/wp-json\/wp\/v2\/posts\/27453","targetHints":{"allow":["GET"]}}],"collection":[{"href":"https:\/\/tintafresca.net\/index.php\/wp-json\/wp\/v2\/posts"}],"about":[{"href":"https:\/\/tintafresca.net\/index.php\/wp-json\/wp\/v2\/types\/post"}],"author":[{"embeddable":true,"href":"https:\/\/tintafresca.net\/index.php\/wp-json\/wp\/v2\/users\/2"}],"replies":[{"embeddable":true,"href":"https:\/\/tintafresca.net\/index.php\/wp-json\/wp\/v2\/comments?post=27453"}],"version-history":[{"count":2,"href":"https:\/\/tintafresca.net\/index.php\/wp-json\/wp\/v2\/posts\/27453\/revisions"}],"predecessor-version":[{"id":27457,"href":"https:\/\/tintafresca.net\/index.php\/wp-json\/wp\/v2\/posts\/27453\/revisions\/27457"}],"wp:featuredmedia":[{"embeddable":true,"href":"https:\/\/tintafresca.net\/index.php\/wp-json\/wp\/v2\/media\/27456"}],"wp:attachment":[{"href":"https:\/\/tintafresca.net\/index.php\/wp-json\/wp\/v2\/media?parent=27453"}],"wp:term":[{"taxonomy":"category","embeddable":true,"href":"https:\/\/tintafresca.net\/index.php\/wp-json\/wp\/v2\/categories?post=27453"},{"taxonomy":"post_tag","embeddable":true,"href":"https:\/\/tintafresca.net\/index.php\/wp-json\/wp\/v2\/tags?post=27453"}],"curies":[{"name":"wp","href":"https:\/\/api.w.org\/{rel}","templated":true}]}}