{"id":2746,"date":"2021-03-29T14:04:54","date_gmt":"2021-03-29T14:04:54","guid":{"rendered":"https:\/\/tintafresca.net\/?p=2746"},"modified":"2021-03-29T14:06:09","modified_gmt":"2021-03-29T14:06:09","slug":"centro-hospitalar-de-leiria-altera-horarios-de-visitas-acompanhantes-cuidadores","status":"publish","type":"post","link":"https:\/\/tintafresca.net\/index.php\/2021\/03\/29\/centro-hospitalar-de-leiria-altera-horarios-de-visitas-acompanhantes-cuidadores\/","title":{"rendered":"Centro Hospitalar de Leiria altera hor\u00e1rios de visitas\/acompanhantes\/cuidadores"},"content":{"rendered":"<div id=\"attachment_448\" style=\"width: 508px\" class=\"wp-caption alignleft\"><img loading=\"lazy\" decoding=\"async\" aria-describedby=\"caption-attachment-448\" class=\"wp-image-448 size-full\" src=\"https:\/\/tintafresca.net\/wp-content\/uploads\/2021\/01\/Hospital_santo_andre10.jpg\" alt=\"\" width=\"498\" height=\"411\" srcset=\"https:\/\/tintafresca.net\/wp-content\/uploads\/2021\/01\/Hospital_santo_andre10.jpg 498w, https:\/\/tintafresca.net\/wp-content\/uploads\/2021\/01\/Hospital_santo_andre10-300x248.jpg 300w\" sizes=\"auto, (max-width: 498px) 100vw, 498px\" \/><p id=\"caption-attachment-448\" class=\"wp-caption-text\">Sede do Centro Hospitalar de Leiria<\/p><\/div>\n<p>De acordo com a tend\u00eancia descendente da atividade da doen\u00e7a por Covid-19 no pa\u00eds, o Conselho de Administra\u00e7\u00e3o do Centro Hospitalar de Leiria (CHL) aprovou a segunda revis\u00e3o do procedimento de acesso \u00e0s instala\u00e7\u00f5es do CHL por n\u00e3o profissionais, na sua reuni\u00e3o de 24 de mar\u00e7o, que define a altera\u00e7\u00e3o aos hor\u00e1rios de visitas, que entra em vigor esta segunda-fera, dia 29 de mar\u00e7o. Est\u00e1 restringida a entrada a um acompanhante\/cuidador, sem a possibilidade de troca, e nas primeiras 24 horas ap\u00f3s o internamento est\u00e3o suspensas as entradas do acompanhante\/cuidador.<\/p>\n<p><strong><u>Hospital de Santo Andr\u00e9, Leiria<\/u><\/strong><\/p>\n<p><strong>Torre Nascente<\/strong><\/p>\n<table>\n<tbody>\n<tr>\n<td rowspan=\"2\" width=\"150\"><\/td>\n<td colspan=\"2\" width=\"278\">ALA A<\/td>\n<td colspan=\"2\" width=\"278\">ALA B<\/td>\n<\/tr>\n<tr>\n<td width=\"139\">Camas Pares<\/td>\n<td width=\"139\">Camas \u00cdmpares<\/td>\n<td width=\"139\">Camas Pares<\/td>\n<td width=\"139\">Camas \u00cdmpares<\/td>\n<\/tr>\n<tr>\n<td width=\"150\">Piso 1: Ortopedia I e II<\/td>\n<td width=\"139\">2\u00aa feira 17:00-17:30<\/p>\n<p>S\u00e1bado 17:00-18:00<\/td>\n<td width=\"139\">3\u00aa feira 17:00-17:30<\/p>\n<p>Domingo 17:00-18:00<\/td>\n<td width=\"139\">4\u00aa feira 17:00-17:30<\/p>\n<p>S\u00e1bado 17:00-18:00<\/td>\n<td width=\"139\">5\u00aa feira 17:00-17:30<\/p>\n<p>Domingo 17:00-18:00<\/td>\n<\/tr>\n<tr>\n<td width=\"150\">Piso 2: Cirurgia I e II<\/td>\n<td width=\"139\">2\u00aa feira 17:45-18:15<\/p>\n<p>S\u00e1bado 18:00-19:00<\/td>\n<td width=\"139\">3\u00aa feira 17:45-18:15<\/p>\n<p>Domingo 18:00-19:00<\/td>\n<td width=\"139\">4\u00aa feira 17:45-18:15<\/p>\n<p>S\u00e1bado 18:00-19:00<\/td>\n<td width=\"139\">5\u00aa feira 17:45-18:15<\/p>\n<p>Domingo 18:00-19:00<\/td>\n<\/tr>\n<tr>\n<td width=\"150\">Piso 3: Medicina Interna<\/td>\n<td width=\"139\">2\u00aa feira 18:30-19:00<\/p>\n<p>S\u00e1bado 18:30-19:30<\/td>\n<td width=\"139\">3\u00aa feira 18:30-19:00<\/p>\n<p>Domingo 18:30-19:30<\/td>\n<td width=\"139\">4\u00aa feira 18:30-19:00<\/p>\n<p>S\u00e1bado 17:00-18:00<\/td>\n<td width=\"139\">5\u00aa feira 18:30-19:00<\/p>\n<p>Domingo 17:00-18:00<\/td>\n<\/tr>\n<tr>\n<td width=\"150\">Piso 4: Medicina Interna<\/td>\n<td width=\"139\">2\u00aa feira 19:15-19:45<\/p>\n<p>S\u00e1bado 19:00-20:00<\/td>\n<td width=\"139\">3\u00aa feira 19:15-19:45<\/p>\n<p>Domingo 19:00-20:00<\/td>\n<td width=\"139\"><\/td>\n<td width=\"139\"><\/td>\n<\/tr>\n<tr>\n<td width=\"150\">Piso 5: Cardiologia<\/td>\n<td width=\"139\">4\u00aa feira 20:00-20:30<\/p>\n<p>S\u00e1bado 19:30-20:30<\/td>\n<td width=\"139\">5\u00aa feira 20:00-20:30<\/p>\n<p>Domingo 19:30-20:30<\/td>\n<td width=\"139\"><\/td>\n<td width=\"139\"><\/td>\n<\/tr>\n<\/tbody>\n<\/table>\n<p><strong><br \/>\nTorre Poente<\/strong><\/p>\n<table>\n<tbody>\n<tr>\n<td rowspan=\"2\" width=\"199\"><\/td>\n<td colspan=\"2\" width=\"268\">ALA A<\/td>\n<td colspan=\"2\" width=\"268\">ALA B<\/td>\n<\/tr>\n<tr>\n<td width=\"129\">Camas Pares<\/td>\n<td width=\"138\">Camas \u00cdmpares<\/td>\n<td width=\"129\">Camas Pares<\/td>\n<td width=\"138\">Camas \u00cdmpares<\/td>\n<\/tr>\n<tr>\n<td width=\"199\">Piso 1: Obstetr\u00edcia<\/td>\n<td width=\"129\">Todos os dias<\/p>\n<p>16:00-16.30<\/td>\n<td width=\"138\">Todos os dias<\/p>\n<p>16:45-17:15<\/td>\n<td width=\"129\"><\/td>\n<td width=\"138\"><\/td>\n<\/tr>\n<tr>\n<td width=\"199\">Piso 2: Medicina Interna e Pneumologia<\/td>\n<td width=\"129\">2\u00aa feira 17:45-18:15<\/p>\n<p>S\u00e1bado 18:00-19:00<\/td>\n<td width=\"138\">3\u00aa feira 17:45-18:15<\/p>\n<p>Domingo 18:00-19:00<\/td>\n<td width=\"129\">4\u00aa feira 17:45-18:15<\/p>\n<p>S\u00e1bado 18:00-19:00<\/td>\n<td width=\"138\">5\u00aa feira 17:45-18:15<\/p>\n<p>Domingo 18:00-19:00<\/td>\n<\/tr>\n<tr>\n<td width=\"199\">Piso 3: Urologia, Gastro, Nefrologia e Otorrinolaringologia<\/td>\n<td width=\"129\">2\u00aa feira 18:30-19:00<\/p>\n<p>S\u00e1bado 18:30-19:30<\/td>\n<td width=\"138\">3\u00aa feira 18:30-19:00<\/p>\n<p>Domingo 18:30-19:30<\/td>\n<td width=\"129\">4\u00aa feira 18:30-19:00<\/p>\n<p>S\u00e1bado 17:00-18:00<\/td>\n<td width=\"138\">5\u00aa feira 18:30-19:00<\/p>\n<p>Domingo 17:00-18:00<\/td>\n<\/tr>\n<tr>\n<td width=\"199\">Piso 4: Neurologia e Psiquiatria<\/td>\n<td width=\"129\">2\u00aa feira 17:00-17:30<\/p>\n<p>S\u00e1bado 17:00-18:00<\/td>\n<td width=\"138\">3\u00aa feira 17:00-17:30<\/p>\n<p>Domingo 17:00-18:00<\/td>\n<td width=\"129\">4\u00aa feira 17:00-17:30<\/p>\n<p>S\u00e1bado 18:00-19:00<\/td>\n<td width=\"138\">5\u00aa feira 17:00-17:30<\/p>\n<p>Domingo 18:00-19:00<\/td>\n<\/tr>\n<\/tbody>\n<\/table>\n<p>&nbsp;<\/p>\n<p><strong><u>Hospital Distrital de Pombal (HDP)<\/u><\/strong><\/p>\n<p><strong>Medicina Interna<\/strong><\/p>\n<table>\n<tbody>\n<tr>\n<td width=\"139\">Camas Pares<\/td>\n<td width=\"139\">Camas \u00cdmpares<\/td>\n<\/tr>\n<tr>\n<td width=\"139\">2\u00aa feira 18:30-19:00<\/p>\n<p>S\u00e1bado 19:00-20:00<\/td>\n<td width=\"139\">3\u00aa feira 18:30-19:00<\/p>\n<p>Domingo 19:00-20:00<\/td>\n<\/tr>\n<\/tbody>\n<\/table>\n<p>&nbsp;<\/p>\n<p><strong><u>Hospital de Alcoba\u00e7a Bernardino Lopes de Oliveira (HABLO)<\/u><\/strong><\/p>\n<p><strong>Medicina Interna<\/strong><\/p>\n<table>\n<tbody>\n<tr>\n<td width=\"139\">Camas Pares<\/td>\n<td width=\"139\">Camas \u00cdmpares<\/td>\n<\/tr>\n<tr>\n<td width=\"139\">2\u00aa feira 18:30-19:00<\/p>\n<p>S\u00e1bado 19:00-20:00<\/td>\n<td width=\"139\">3\u00aa feira 18:30-19:00<\/p>\n<p>Domingo 19:00-20:00<\/td>\n<\/tr>\n<\/tbody>\n<\/table>\n<p>No caso de servi\u00e7os de internamento em que n\u00e3o exista a figura de acompanhante\/cuidador, \u00e9 permitida uma visita num per\u00edodo \u00fanico:<\/p>\n<p><strong>&#8211;<\/strong> <strong>Servi\u00e7o de Medicina Intensiva:<\/strong> 19h00-19h30 (quartas-feiras, sextas-feiras)<\/p>\n<p><strong>&#8211;<\/strong> <strong>Unidade de Cuidados Agudos Polivalente (UCAP):<\/strong> 19h00-19h30 (camas pares: quartas-feiras e domingos; campas \u00edmpares: ter\u00e7as-feiras e s\u00e1bados)<\/p>\n<p><strong>&#8211;<\/strong> <strong>Unidade de Cuidados Intensivos Card\u00edacos (UCIC):<\/strong> 19h00-19h30 (quartas-feiras, sextas-feiras)<\/p>\n<p><strong>&#8211;<\/strong> <strong>Unidade de Internamento de Curta Dura\u00e7\u00e3o (UICD) (HABLO\/HDP):<\/strong> 19h00-19h30 (quartas-feiras, sextas-feiras)<\/p>\n<p><strong>&#8211; Unidade de Internamento de Doentes de Evolu\u00e7\u00e3o Prolongada de Psiquiatria (UIDEPP),<\/strong> nos Andrinos: por marca\u00e7\u00e3o pr\u00e9via, no hor\u00e1rio das 17h30 \u00e0s 18h00.<\/p>\n<p><strong>\u00a0 \u00a0 Fonte: Midlandcom<\/strong><\/p>\n","protected":false},"excerpt":{"rendered":"<p>De acordo com a tend\u00eancia descendente da atividade da doen\u00e7a por Covid-19 no pa\u00eds, o Conselho de Administra\u00e7\u00e3o do Centro Hospitalar de Leiria (CHL) aprovou a segunda revis\u00e3o do procedimento de acesso \u00e0s instala\u00e7\u00f5es do CHL por n\u00e3o profissionais, na sua reuni\u00e3o de 24 de mar\u00e7o, que define a altera\u00e7\u00e3o aos hor\u00e1rios de visitas, que [&hellip;]<\/p>\n","protected":false},"author":2,"featured_media":1993,"comment_status":"open","ping_status":"open","sticky":false,"template":"","format":"standard","meta":{"footnotes":""},"categories":[6],"tags":[],"class_list":["post-2746","post","type-post","status-publish","format-standard","has-post-thumbnail","hentry","category-saude"],"_links":{"self":[{"href":"https:\/\/tintafresca.net\/index.php\/wp-json\/wp\/v2\/posts\/2746","targetHints":{"allow":["GET"]}}],"collection":[{"href":"https:\/\/tintafresca.net\/index.php\/wp-json\/wp\/v2\/posts"}],"about":[{"href":"https:\/\/tintafresca.net\/index.php\/wp-json\/wp\/v2\/types\/post"}],"author":[{"embeddable":true,"href":"https:\/\/tintafresca.net\/index.php\/wp-json\/wp\/v2\/users\/2"}],"replies":[{"embeddable":true,"href":"https:\/\/tintafresca.net\/index.php\/wp-json\/wp\/v2\/comments?post=2746"}],"version-history":[{"count":2,"href":"https:\/\/tintafresca.net\/index.php\/wp-json\/wp\/v2\/posts\/2746\/revisions"}],"predecessor-version":[{"id":2748,"href":"https:\/\/tintafresca.net\/index.php\/wp-json\/wp\/v2\/posts\/2746\/revisions\/2748"}],"wp:featuredmedia":[{"embeddable":true,"href":"https:\/\/tintafresca.net\/index.php\/wp-json\/wp\/v2\/media\/1993"}],"wp:attachment":[{"href":"https:\/\/tintafresca.net\/index.php\/wp-json\/wp\/v2\/media?parent=2746"}],"wp:term":[{"taxonomy":"category","embeddable":true,"href":"https:\/\/tintafresca.net\/index.php\/wp-json\/wp\/v2\/categories?post=2746"},{"taxonomy":"post_tag","embeddable":true,"href":"https:\/\/tintafresca.net\/index.php\/wp-json\/wp\/v2\/tags?post=2746"}],"curies":[{"name":"wp","href":"https:\/\/api.w.org\/{rel}","templated":true}]}}