{"id":27509,"date":"2023-05-29T19:59:55","date_gmt":"2023-05-29T19:59:55","guid":{"rendered":"https:\/\/tintafresca.net\/?p=27509"},"modified":"2023-05-29T20:24:41","modified_gmt":"2023-05-29T20:24:41","slug":"sociedade-portuguesa-do-acidente-vascular-cerebral-organiza-em-peniche-o-2o-encontro-avc-360o-integrar-e-aplicar","status":"publish","type":"post","link":"https:\/\/tintafresca.net\/index.php\/2023\/05\/29\/sociedade-portuguesa-do-acidente-vascular-cerebral-organiza-em-peniche-o-2o-encontro-avc-360o-integrar-e-aplicar\/","title":{"rendered":"Sociedade Portuguesa do Acidente Vascular Cerebral organiza em Peniche 2\u00ba encontro AVC 360\u00ba- Integrar e Aplicar"},"content":{"rendered":"<div id=\"attachment_27511\" style=\"width: 484px\" class=\"wp-caption alignleft\"><img loading=\"lazy\" decoding=\"async\" aria-describedby=\"caption-attachment-27511\" class=\"wp-image-27511 size-full\" src=\"https:\/\/tintafresca.net\/wp-content\/uploads\/2023\/05\/Medico_alexandre_amaral_silva.jpg\" alt=\"\" width=\"474\" height=\"474\" srcset=\"https:\/\/tintafresca.net\/wp-content\/uploads\/2023\/05\/Medico_alexandre_amaral_silva.jpg 474w, https:\/\/tintafresca.net\/wp-content\/uploads\/2023\/05\/Medico_alexandre_amaral_silva-300x300.jpg 300w, https:\/\/tintafresca.net\/wp-content\/uploads\/2023\/05\/Medico_alexandre_amaral_silva-150x150.jpg 150w\" sizes=\"auto, (max-width: 474px) 100vw, 474px\" \/><p id=\"caption-attachment-27511\" class=\"wp-caption-text\">Dr. Alexandre Amaral e Silva<\/p><\/div>\n<p>A Sociedade Portuguesa do Acidente Vascular Cerebral (SPAVC) organiza, nos pr\u00f3ximos dias 2 e 3 de junho, a segunda edi\u00e7\u00e3o do evento \u201cAVC 360\u00ba &#8211; Integrar e Aplicar\u201d. A reuni\u00e3o decorre em formato presencial no Hotel MH Atl\u00e2ntico, em Peniche, sob a coordena\u00e7\u00e3o do Dr. Alexandre Amaral e Silva que explica que \u201co objetivo desta iniciativa formativa \u00e9 criar um espa\u00e7o de discuss\u00e3o interativo assente em casos pr\u00e1ticos do dia a dia da gest\u00e3o do doente com AVC\u201d.<\/p>\n<p>O \u201cAVC 360\u00ba &#8211; Integrar e Aplicar\u201d caracteriza-se pelo seu cariz essencialmente pr\u00e1tico e multidisciplinar e, uma vez mais, destina-se a todos aqueles que se interessam e se dedicam \u00e0 preven\u00e7\u00e3o, diagn\u00f3stico, tratamento e reabilita\u00e7\u00e3o dos doentes com AVC, com particular destaque para a Medicina Geral e Familiar.<\/p>\n<p>\u201c\u00c0 semelhan\u00e7a da edi\u00e7\u00e3o anterior, tamb\u00e9m este ano vamos ter uma reuni\u00e3o muito enriquecedora, com mesas constitu\u00eddas por especialistas de diferentes \u00e1reas como a Neurologia, a Neuroradiologia, a Medicina Interna, a Cardiologia, a Endocrinologia, a Cirurgia Vascular, a Medicina F\u00edsica e Reabilita\u00e7\u00e3o e a Medicina Geral e Familiar\u201d, explica o m\u00e9dico neurologista.<\/p>\n<p>Para al\u00e9m do programa cient\u00edfico abrangente, que toca em todos os aspetos e etapas da doen\u00e7a vascular cerebral, este ano o evento realiza, pela primeira vez, a sess\u00e3o \u201cPerguntas F\u00e1ceis, Respostas Dif\u00edceis\u201d que envolve um conjunto de profissionais dedicados ao estudo do AVC e onde todos os participantes podem colocar as suas quest\u00f5es\u201d, avan\u00e7a o especialista, que pertence \u00e0 Dire\u00e7\u00e3o da SPAVC.<\/p>\n<p>Ainda sobre as novidades que os participantes v\u00e3o poder encontrar, o m\u00e9dico salienta que \u201ceste ano, procuramos alargar os espa\u00e7os de discuss\u00e3o em cada uma das mesas de forma a estimular ainda mais a partilha de vis\u00f5es e opini\u00f5es\u201d.<\/p>\n<p>Depois do sucesso da primeira edi\u00e7\u00e3o, a SPAVC apresenta, para este ano, um programa igualmente excelente, com foco nas principais novidades nas \u00e1reas da hipertens\u00e3o arterial, dislipidemia, diabetes, doen\u00e7a ateroscler\u00f3tica e cardioembolismo. Al\u00e9m disso, temas como o risco cardiovascular, a reabilita\u00e7\u00e3o e a reintegra\u00e7\u00e3o dos doentes com AVC e a imagiologia vascular tamb\u00e9m integram o programa deste ano.<\/p>\n<p>\u201cO objetivo \u00e9 proporcionar uma vis\u00e3o atualizada dessas \u00e1reas, destacando avan\u00e7os recentes, tend\u00eancias e as melhores pr\u00e1ticas\u201d, destaca o coordenador do evento. \u201cCom um programa t\u00e3o amplo esperam-se trocas de conhecimentos e experi\u00eancias enriquecedoras que melhorem a abordagem do AVC, bem como os resultados cl\u00ednicos e a qualidade de vida dos doentes\u201d, acrescenta.<\/p>\n<p>A presen\u00e7a de especialistas de renome de diversas \u00e1reas nesta reuni\u00e3o \u00e9 essencial para promover o debate e facilitar a partilha de experi\u00eancias entre os participantes. Para o Dr. Alexandre Amaral e Silva, \u201cesta troca de conhecimentos \u00e9 de extrema import\u00e2ncia para ajudar os profissionais de sa\u00fade a encontrarem respostas para os desafios di\u00e1rios que enfrentam na gest\u00e3o dos doentes com AVC. O vasto know how dos oradores convidados contribui para uma abordagem mais abrangente e eficaz da gest\u00e3o do AVC ao mesmo tempo que enriquece a reuni\u00e3o com informa\u00e7\u00f5es atualizadas e estrat\u00e9gias inovadoras\u201d.<\/p>\n<p>Tal como na primeira edi\u00e7\u00e3o, o evento termina com a caminhada \u201cStroke Sunset\u201d, uma a\u00e7\u00e3o de educa\u00e7\u00e3o para a sa\u00fade que percorre as ruas de Peniche com o objetivo de divulgar mensagens importantes relacionadas com a preven\u00e7\u00e3o, com identifica\u00e7\u00e3o dos sinais de alarme do AVC e promo\u00e7\u00e3o de estilos de vida saud\u00e1veis.<\/p>\n<p>\u201cEsta caminhada, dirigida aos participantes do evento e \u00e0 popula\u00e7\u00e3o local, visa a sensibiliza\u00e7\u00e3o do p\u00fablico atrav\u00e9s da distribui\u00e7\u00e3o de folhetos informativos enquanto promove a pr\u00e1tica de exerc\u00edcio f\u00edsico com a cidade de Peniche como pano de fundo\u201d, finaliza.<\/p>\n<p>Todas as informa\u00e7\u00f5es sobre o \u201cAVC 360\u00ba &#8211; Integrar e Aplicar\u201d e o formul\u00e1rio de inscri\u00e7\u00f5es online encontram-se dispon\u00edveis em: bit.ly\/3Bv8NSL<\/p>\n","protected":false},"excerpt":{"rendered":"<p>A Sociedade Portuguesa do Acidente Vascular Cerebral (SPAVC) organiza, nos pr\u00f3ximos dias 2 e 3 de junho, a segunda edi\u00e7\u00e3o do evento \u201cAVC 360\u00ba &#8211; Integrar e Aplicar\u201d. A reuni\u00e3o decorre em formato presencial no Hotel MH Atl\u00e2ntico, em Peniche, sob a coordena\u00e7\u00e3o do Dr. Alexandre Amaral e Silva que explica que \u201co objetivo desta [&hellip;]<\/p>\n","protected":false},"author":2,"featured_media":27517,"comment_status":"open","ping_status":"open","sticky":false,"template":"","format":"standard","meta":{"footnotes":""},"categories":[6],"tags":[],"class_list":["post-27509","post","type-post","status-publish","format-standard","has-post-thumbnail","hentry","category-saude"],"_links":{"self":[{"href":"https:\/\/tintafresca.net\/index.php\/wp-json\/wp\/v2\/posts\/27509","targetHints":{"allow":["GET"]}}],"collection":[{"href":"https:\/\/tintafresca.net\/index.php\/wp-json\/wp\/v2\/posts"}],"about":[{"href":"https:\/\/tintafresca.net\/index.php\/wp-json\/wp\/v2\/types\/post"}],"author":[{"embeddable":true,"href":"https:\/\/tintafresca.net\/index.php\/wp-json\/wp\/v2\/users\/2"}],"replies":[{"embeddable":true,"href":"https:\/\/tintafresca.net\/index.php\/wp-json\/wp\/v2\/comments?post=27509"}],"version-history":[{"count":5,"href":"https:\/\/tintafresca.net\/index.php\/wp-json\/wp\/v2\/posts\/27509\/revisions"}],"predecessor-version":[{"id":27516,"href":"https:\/\/tintafresca.net\/index.php\/wp-json\/wp\/v2\/posts\/27509\/revisions\/27516"}],"wp:featuredmedia":[{"embeddable":true,"href":"https:\/\/tintafresca.net\/index.php\/wp-json\/wp\/v2\/media\/27517"}],"wp:attachment":[{"href":"https:\/\/tintafresca.net\/index.php\/wp-json\/wp\/v2\/media?parent=27509"}],"wp:term":[{"taxonomy":"category","embeddable":true,"href":"https:\/\/tintafresca.net\/index.php\/wp-json\/wp\/v2\/categories?post=27509"},{"taxonomy":"post_tag","embeddable":true,"href":"https:\/\/tintafresca.net\/index.php\/wp-json\/wp\/v2\/tags?post=27509"}],"curies":[{"name":"wp","href":"https:\/\/api.w.org\/{rel}","templated":true}]}}