{"id":27548,"date":"2023-05-31T11:33:08","date_gmt":"2023-05-31T11:33:08","guid":{"rendered":"https:\/\/tintafresca.net\/?p=27548"},"modified":"2023-05-31T11:39:23","modified_gmt":"2023-05-31T11:39:23","slug":"politecnico-de-leiria-promove-sustentabilidade-energetica-nos-espacos-academicos","status":"publish","type":"post","link":"https:\/\/tintafresca.net\/index.php\/2023\/05\/31\/politecnico-de-leiria-promove-sustentabilidade-energetica-nos-espacos-academicos\/","title":{"rendered":"Polit\u00e9cnico de Leiria promove sustentabilidade energ\u00e9tica nos espa\u00e7os acad\u00e9micos"},"content":{"rendered":"<div id=\"attachment_18535\" style=\"width: 510px\" class=\"wp-caption alignleft\"><img loading=\"lazy\" decoding=\"async\" aria-describedby=\"caption-attachment-18535\" class=\"wp-image-18535 size-full\" src=\"https:\/\/tintafresca.net\/wp-content\/uploads\/2022\/07\/IPL_Servicos_Centrais10.jpg\" alt=\"\" width=\"500\" height=\"281\" srcset=\"https:\/\/tintafresca.net\/wp-content\/uploads\/2022\/07\/IPL_Servicos_Centrais10.jpg 500w, https:\/\/tintafresca.net\/wp-content\/uploads\/2022\/07\/IPL_Servicos_Centrais10-300x169.jpg 300w\" sizes=\"auto, (max-width: 500px) 100vw, 500px\" \/><p id=\"caption-attachment-18535\" class=\"wp-caption-text\">Servi\u00e7os Centrais do Polit\u00e9cnico de Leiria<\/p><\/div>\n<p>O Instituto Polit\u00e9cnico de Leiria obteve a aprova\u00e7\u00e3o das tr\u00eas candidaturas enquadradas no PRR, submetidas ao Fundo Ambiental no \u00e2mbito do Investimento \u2018Efici\u00eancia Energ\u00e9tica em Edif\u00edcios da Administra\u00e7\u00e3o P\u00fablica Central\u2019, num investimento total de 5.160.306,00 euros, com um financiamento europeu de 95%.<\/p>\n<p>Os edif\u00edcios a intervencionar s\u00e3o o Edif\u00edcio do HUB em Sa\u00fade no Campus 5 do Polit\u00e9cnico de Leiria, o Edif\u00edcio D da Escola Superior de Tecnologia e Gest\u00e3o (ESTG) e o Edif\u00edcio da Biblioteca Jos\u00e9 Saramago, no Campus 2, em Leiria, e o Edif\u00edcio Pedag\u00f3gico da Escola Superior de Turismo e Tecnologia do Mar (ESTM), no Campus 4, em Peniche, devendo as interven\u00e7\u00f5es estar conclu\u00eddas no prazo m\u00e1ximo de dois anos.<\/p>\n<p>As interven\u00e7\u00f5es a efetuar incidem essencialmente na substitui\u00e7\u00e3o de ilumina\u00e7\u00e3o tradicional por ilumina\u00e7\u00e3o LED, substitui\u00e7\u00e3o dos sistemas de AVAC (Aquecimento, Ventila\u00e7\u00e3o e Ar Condicionado) e instala\u00e7\u00e3o de sistemas fotovoltaicos para produ\u00e7\u00e3o de energia para autoconsumo, incluindo ainda campanhas de sensibiliza\u00e7\u00e3o e sistemas de gest\u00e3o e monitoriza\u00e7\u00e3o de energia. Estas interven\u00e7\u00f5es ir\u00e3o permitir uma redu\u00e7\u00e3o anual significativa do consumo de energia prim\u00e1ria nos edif\u00edcios e consequente redu\u00e7\u00e3o das emiss\u00f5es de gases com efeito de estufa e a redu\u00e7\u00e3o anual do consumo de \u00e1gua nos edif\u00edcios p\u00fablicos em 3.608,53 m<sup>3<\/sup>\/ ano.<\/p>\n<p>O Polit\u00e9cnico de Leiria aguarda ainda a an\u00e1lise de outra candidatura para a instala\u00e7\u00e3o de uma central fotovoltaica para uma unidade de Autoconsumo Coletivo, englobando todos os edif\u00edcios do Campus 3 (Escola Superior de Artes e Design) a ainda as duas resid\u00eancias de estudantes de Caldas da Rainha.<\/p>\n<p><strong>\u00a0 \u00a0 Fonte: Midlandcom<\/strong><\/p>\n","protected":false},"excerpt":{"rendered":"<p>O Instituto Polit\u00e9cnico de Leiria obteve a aprova\u00e7\u00e3o das tr\u00eas candidaturas enquadradas no PRR, submetidas ao Fundo Ambiental no \u00e2mbito do Investimento \u2018Efici\u00eancia Energ\u00e9tica em Edif\u00edcios da Administra\u00e7\u00e3o P\u00fablica Central\u2019, num investimento total de 5.160.306,00 euros, com um financiamento europeu de 95%. Os edif\u00edcios a intervencionar s\u00e3o o Edif\u00edcio do HUB em Sa\u00fade no Campus [&hellip;]<\/p>\n","protected":false},"author":2,"featured_media":16224,"comment_status":"open","ping_status":"open","sticky":false,"template":"","format":"standard","meta":{"footnotes":""},"categories":[9,14],"tags":[],"class_list":["post-27548","post","type-post","status-publish","format-standard","has-post-thumbnail","hentry","category-ambiente","category-educacao"],"_links":{"self":[{"href":"https:\/\/tintafresca.net\/index.php\/wp-json\/wp\/v2\/posts\/27548","targetHints":{"allow":["GET"]}}],"collection":[{"href":"https:\/\/tintafresca.net\/index.php\/wp-json\/wp\/v2\/posts"}],"about":[{"href":"https:\/\/tintafresca.net\/index.php\/wp-json\/wp\/v2\/types\/post"}],"author":[{"embeddable":true,"href":"https:\/\/tintafresca.net\/index.php\/wp-json\/wp\/v2\/users\/2"}],"replies":[{"embeddable":true,"href":"https:\/\/tintafresca.net\/index.php\/wp-json\/wp\/v2\/comments?post=27548"}],"version-history":[{"count":3,"href":"https:\/\/tintafresca.net\/index.php\/wp-json\/wp\/v2\/posts\/27548\/revisions"}],"predecessor-version":[{"id":27551,"href":"https:\/\/tintafresca.net\/index.php\/wp-json\/wp\/v2\/posts\/27548\/revisions\/27551"}],"wp:featuredmedia":[{"embeddable":true,"href":"https:\/\/tintafresca.net\/index.php\/wp-json\/wp\/v2\/media\/16224"}],"wp:attachment":[{"href":"https:\/\/tintafresca.net\/index.php\/wp-json\/wp\/v2\/media?parent=27548"}],"wp:term":[{"taxonomy":"category","embeddable":true,"href":"https:\/\/tintafresca.net\/index.php\/wp-json\/wp\/v2\/categories?post=27548"},{"taxonomy":"post_tag","embeddable":true,"href":"https:\/\/tintafresca.net\/index.php\/wp-json\/wp\/v2\/tags?post=27548"}],"curies":[{"name":"wp","href":"https:\/\/api.w.org\/{rel}","templated":true}]}}