{"id":27749,"date":"2023-06-07T16:39:33","date_gmt":"2023-06-07T16:39:33","guid":{"rendered":"https:\/\/tintafresca.net\/?p=27749"},"modified":"2023-06-07T16:50:51","modified_gmt":"2023-06-07T16:50:51","slug":"camara-municipal-de-ourem-vai-pagar-ate-600-euros-mensais-para-a-fixacao-de-medicos-em-ourem","status":"publish","type":"post","link":"https:\/\/tintafresca.net\/index.php\/2023\/06\/07\/camara-municipal-de-ourem-vai-pagar-ate-600-euros-mensais-para-a-fixacao-de-medicos-em-ourem\/","title":{"rendered":"C\u00e2mara de Our\u00e9m vai pagar at\u00e9 600 euros por m\u00eas a m\u00e9dicos que se fixem no concelho"},"content":{"rendered":"<div id=\"attachment_9465\" style=\"width: 462px\" class=\"wp-caption alignleft\"><img loading=\"lazy\" decoding=\"async\" aria-describedby=\"caption-attachment-9465\" class=\"wp-image-9465 size-full\" src=\"https:\/\/tintafresca.net\/wp-content\/uploads\/2021\/10\/Ourem_Pacos_do_concelho.jpg\" alt=\"\" width=\"452\" height=\"300\" srcset=\"https:\/\/tintafresca.net\/wp-content\/uploads\/2021\/10\/Ourem_Pacos_do_concelho.jpg 452w, https:\/\/tintafresca.net\/wp-content\/uploads\/2021\/10\/Ourem_Pacos_do_concelho-300x199.jpg 300w\" sizes=\"auto, (max-width: 452px) 100vw, 452px\" \/><p id=\"caption-attachment-9465\" class=\"wp-caption-text\">Sede da C\u00e2mara Municipal de Our\u00e9m<\/p><\/div>\n<p>A C\u00e2mara Municipal de Our\u00e9m aprovou, na reuni\u00e3o de 5 de junho, ap\u00f3s os 30 dias de consulta p\u00fablica, a vers\u00e3o final da proposta de Regulamento Municipal de atribui\u00e7\u00e3o de incentivos \u00e0 fixa\u00e7\u00e3o de M\u00e9dicos de Medicina Geral e Familiar nas Unidades de Sa\u00fade de Our\u00e9m, que ser\u00e1 agora submetida a aprova\u00e7\u00e3o final na Assembleia Municipal.<\/p>\n<p>Dentro dos benef\u00edcios que poder\u00e3o ser concedidos, destacam-se os apoios financeiros para o pagamento de despesas com arrendamento de habita\u00e7\u00e3o ou comparticipa\u00e7\u00e3o no cr\u00e9dito \u00e0 habita\u00e7\u00e3o (at\u00e9 ao limite m\u00e1ximo de 400\u20ac por m\u00eas), bem como com servi\u00e7os b\u00e1sicos como luz, \u00e1gua, g\u00e1s e internet (at\u00e9 200\u20ac por m\u00eas). As medidas da proposta preveem a concess\u00e3o de incentivos at\u00e9 600 euros mensais para os m\u00e9dicos que cumpram os requisitos exigidos pelo mesmo.<\/p>\n<p>Para al\u00e9m dos apoios referidos, os candidatos residentes no concelho de Our\u00e9m podem ainda beneficiar de um subs\u00eddio de incentivo \u00e0 natalidade, independentemente da naturalidade da crian\u00e7a se encontrar registada no concelho ou do requerente residir h\u00e1 mais de um ano no concelho.<\/p>\n<p>Este incentivo corresponder\u00e1 ao montante do escal\u00e3o imediatamente acima do previsto no regulamento de apoio \u00e0 natalidade e \u00e0 inf\u00e2ncia do munic\u00edpio de Our\u00e9m.<\/p>\n<p>Os candidatos podem ainda beneficiar da isen\u00e7\u00e3o de taxas urban\u00edsticas no caso de constru\u00e7\u00e3o ou remodela\u00e7\u00e3o de habita\u00e7\u00e3o pr\u00f3pria, n\u00e3o podendo a mesma ser transacionada durante o per\u00edodo de vig\u00eancia dos apoios.<\/p>\n<p>J\u00e1 os candidatos n\u00e3o residentes no concelho de Our\u00e9m t\u00eam acesso a um apoio financeiro para despesas de desloca\u00e7\u00e3o do local de habita\u00e7\u00e3o para a unidade de sa\u00fade, at\u00e9 ao limite m\u00e1ximo de 400\u20ac por m\u00eas.<\/p>\n<p>Medidas transversais atribu\u00eddas de forma autom\u00e1tica ap\u00f3s aprova\u00e7\u00e3o da candidatura incluem um cart\u00e3o de estacionamento gratuito no parque do edif\u00edcio municipal e a gratuitidade de utiliza\u00e7\u00e3o dos transportes urbanos de Our\u00e9m e F\u00e1tima, quando os mesmos estiverem dispon\u00edveis.<\/p>\n<p>Os candidatos em situa\u00e7\u00e3o de aposenta\u00e7\u00e3o tamb\u00e9m s\u00e3o eleg\u00edveis para incentivos, sendo que os valores referentes \u00e0s despesas com habita\u00e7\u00e3o, familiares ou de desloca\u00e7\u00e3o ser\u00e3o de 75% dos valores pecuni\u00e1rios m\u00e1ximos, para 20 horas de trabalho. Os restantes 25% ser\u00e3o atribu\u00eddos de forma proporcional ao n\u00famero de horas de trabalho, acima das 20 horas, at\u00e9 ao m\u00e1ximo de 40 horas.<\/p>\n<p><strong>\u00a0 \u00a0Fonte: SC|GIC|CMO<\/strong><\/p>\n","protected":false},"excerpt":{"rendered":"<p>A C\u00e2mara Municipal de Our\u00e9m aprovou, na reuni\u00e3o de 5 de junho, ap\u00f3s os 30 dias de consulta p\u00fablica, a vers\u00e3o final da proposta de Regulamento Municipal de atribui\u00e7\u00e3o de incentivos \u00e0 fixa\u00e7\u00e3o de M\u00e9dicos de Medicina Geral e Familiar nas Unidades de Sa\u00fade de Our\u00e9m, que ser\u00e1 agora submetida a aprova\u00e7\u00e3o final na Assembleia [&hellip;]<\/p>\n","protected":false},"author":2,"featured_media":13620,"comment_status":"open","ping_status":"open","sticky":false,"template":"","format":"standard","meta":{"footnotes":""},"categories":[6],"tags":[],"class_list":["post-27749","post","type-post","status-publish","format-standard","has-post-thumbnail","hentry","category-saude"],"_links":{"self":[{"href":"https:\/\/tintafresca.net\/index.php\/wp-json\/wp\/v2\/posts\/27749","targetHints":{"allow":["GET"]}}],"collection":[{"href":"https:\/\/tintafresca.net\/index.php\/wp-json\/wp\/v2\/posts"}],"about":[{"href":"https:\/\/tintafresca.net\/index.php\/wp-json\/wp\/v2\/types\/post"}],"author":[{"embeddable":true,"href":"https:\/\/tintafresca.net\/index.php\/wp-json\/wp\/v2\/users\/2"}],"replies":[{"embeddable":true,"href":"https:\/\/tintafresca.net\/index.php\/wp-json\/wp\/v2\/comments?post=27749"}],"version-history":[{"count":5,"href":"https:\/\/tintafresca.net\/index.php\/wp-json\/wp\/v2\/posts\/27749\/revisions"}],"predecessor-version":[{"id":27754,"href":"https:\/\/tintafresca.net\/index.php\/wp-json\/wp\/v2\/posts\/27749\/revisions\/27754"}],"wp:featuredmedia":[{"embeddable":true,"href":"https:\/\/tintafresca.net\/index.php\/wp-json\/wp\/v2\/media\/13620"}],"wp:attachment":[{"href":"https:\/\/tintafresca.net\/index.php\/wp-json\/wp\/v2\/media?parent=27749"}],"wp:term":[{"taxonomy":"category","embeddable":true,"href":"https:\/\/tintafresca.net\/index.php\/wp-json\/wp\/v2\/categories?post=27749"},{"taxonomy":"post_tag","embeddable":true,"href":"https:\/\/tintafresca.net\/index.php\/wp-json\/wp\/v2\/tags?post=27749"}],"curies":[{"name":"wp","href":"https:\/\/api.w.org\/{rel}","templated":true}]}}