{"id":27783,"date":"2023-06-08T20:13:06","date_gmt":"2023-06-08T20:13:06","guid":{"rendered":"https:\/\/tintafresca.net\/?p=27783"},"modified":"2023-06-08T20:51:28","modified_gmt":"2023-06-08T20:51:28","slug":"cdu-entregou-6-mil-receitas-medicas-no-ministerio-da-saude-mas-nenhum-responsavel-do-governo-veio-recebe-las","status":"publish","type":"post","link":"https:\/\/tintafresca.net\/index.php\/2023\/06\/08\/cdu-entregou-6-mil-receitas-medicas-no-ministerio-da-saude-mas-nenhum-responsavel-do-governo-veio-recebe-las\/","title":{"rendered":"CDU entrega 6 mil \u201creceitas m\u00e9dicas\u201d no Minist\u00e9rio da Sa\u00fade mas nenhum respons\u00e1vel do Governo vem receb\u00ea-las"},"content":{"rendered":"<div id=\"attachment_27785\" style=\"width: 510px\" class=\"wp-caption alignleft\"><img loading=\"lazy\" decoding=\"async\" aria-describedby=\"caption-attachment-27785\" class=\"wp-image-27785 size-full\" src=\"https:\/\/tintafresca.net\/wp-content\/uploads\/2023\/06\/Oeste_Saude_CDU20.jpg\" alt=\"\" width=\"500\" height=\"375\" srcset=\"https:\/\/tintafresca.net\/wp-content\/uploads\/2023\/06\/Oeste_Saude_CDU20.jpg 500w, https:\/\/tintafresca.net\/wp-content\/uploads\/2023\/06\/Oeste_Saude_CDU20-300x225.jpg 300w\" sizes=\"auto, (max-width: 500px) 100vw, 500px\" \/><p id=\"caption-attachment-27785\" class=\"wp-caption-text\">Presidente da C\u00e2mara Municipal de Sobral de Monte Agra\u00e7o integrou a comitiva<\/p><\/div>\n<p>Ap\u00f3s v\u00e1rias a\u00e7\u00f5es de recolha de \u201creceitas m\u00e9dicas\u201d onde se prescrevem solu\u00e7\u00f5es para os problemas de sa\u00fade na regi\u00e3o oeste, uma delega\u00e7\u00e3o da CDU entregou no dia 7 de junho, na sede do Minist\u00e9rio da Sa\u00fade, em Lisboa, mais de 6000 receitas assinadas por habitantes do Oeste. Para al\u00e9m disso, foi entregue um abaixo-assinado com mais de 2000 assinaturas reivindicando melhores cuidados de sa\u00fade.<\/p>\n<p>A delega\u00e7\u00e3o integrou representantes dos v\u00e1rios concelhos do Oeste: Cadaval, Lourinh\u00e3, Torres Vedras, Mafra e Sobral de Monte Agra\u00e7o sublinhando-se a presen\u00e7a dos eleitos da CDU na C\u00e2mara Municipal do Sobral tendo o presidente do Munic\u00edpio proferido uma declara\u00e7\u00e3o \u00e0 comunica\u00e7\u00e3o social presente lamentando que nenhum respons\u00e1vel pol\u00edtico tenha estado para receber a delega\u00e7\u00e3o e sublinhando a degrada\u00e7\u00e3o acentuada nos cuidados de sa\u00fade na regi\u00e3o mas valorizando as v\u00e1rias a\u00e7\u00f5es feitas nos v\u00e1rios concelhos que se traduzem em mais de 8000 protestos.<\/p>\n<p><strong> Fonte: CDU|Oeste<\/strong><\/p>\n","protected":false},"excerpt":{"rendered":"<p>Ap\u00f3s v\u00e1rias a\u00e7\u00f5es de recolha de \u201creceitas m\u00e9dicas\u201d onde se prescrevem solu\u00e7\u00f5es para os problemas de sa\u00fade na regi\u00e3o oeste, uma delega\u00e7\u00e3o da CDU entregou no dia 7 de junho, na sede do Minist\u00e9rio da Sa\u00fade, em Lisboa, mais de 6000 receitas assinadas por habitantes do Oeste. Para al\u00e9m disso, foi entregue um abaixo-assinado com [&hellip;]<\/p>\n","protected":false},"author":2,"featured_media":27790,"comment_status":"open","ping_status":"open","sticky":false,"template":"","format":"standard","meta":{"footnotes":""},"categories":[6],"tags":[],"class_list":["post-27783","post","type-post","status-publish","format-standard","has-post-thumbnail","hentry","category-saude"],"_links":{"self":[{"href":"https:\/\/tintafresca.net\/index.php\/wp-json\/wp\/v2\/posts\/27783","targetHints":{"allow":["GET"]}}],"collection":[{"href":"https:\/\/tintafresca.net\/index.php\/wp-json\/wp\/v2\/posts"}],"about":[{"href":"https:\/\/tintafresca.net\/index.php\/wp-json\/wp\/v2\/types\/post"}],"author":[{"embeddable":true,"href":"https:\/\/tintafresca.net\/index.php\/wp-json\/wp\/v2\/users\/2"}],"replies":[{"embeddable":true,"href":"https:\/\/tintafresca.net\/index.php\/wp-json\/wp\/v2\/comments?post=27783"}],"version-history":[{"count":6,"href":"https:\/\/tintafresca.net\/index.php\/wp-json\/wp\/v2\/posts\/27783\/revisions"}],"predecessor-version":[{"id":27791,"href":"https:\/\/tintafresca.net\/index.php\/wp-json\/wp\/v2\/posts\/27783\/revisions\/27791"}],"wp:featuredmedia":[{"embeddable":true,"href":"https:\/\/tintafresca.net\/index.php\/wp-json\/wp\/v2\/media\/27790"}],"wp:attachment":[{"href":"https:\/\/tintafresca.net\/index.php\/wp-json\/wp\/v2\/media?parent=27783"}],"wp:term":[{"taxonomy":"category","embeddable":true,"href":"https:\/\/tintafresca.net\/index.php\/wp-json\/wp\/v2\/categories?post=27783"},{"taxonomy":"post_tag","embeddable":true,"href":"https:\/\/tintafresca.net\/index.php\/wp-json\/wp\/v2\/tags?post=27783"}],"curies":[{"name":"wp","href":"https:\/\/api.w.org\/{rel}","templated":true}]}}