{"id":27862,"date":"2023-06-11T11:19:55","date_gmt":"2023-06-11T11:19:55","guid":{"rendered":"https:\/\/tintafresca.net\/?p=27862"},"modified":"2023-06-11T11:27:05","modified_gmt":"2023-06-11T11:27:05","slug":"mulheres-socialistas-assinalam-dia-internacional-da-saude-feminina-com-visita-ao-centro-hospitalar-de-leiria","status":"publish","type":"post","link":"https:\/\/tintafresca.net\/index.php\/2023\/06\/11\/mulheres-socialistas-assinalam-dia-internacional-da-saude-feminina-com-visita-ao-centro-hospitalar-de-leiria\/","title":{"rendered":"Mulheres Socialistas assinalam Dia Internacional da Sa\u00fade Feminina com visita ao Centro Hospitalar de Leiria"},"content":{"rendered":"<div id=\"attachment_27864\" style=\"width: 510px\" class=\"wp-caption alignleft\"><img loading=\"lazy\" decoding=\"async\" aria-describedby=\"caption-attachment-27864\" class=\"wp-image-27864 size-full\" src=\"https:\/\/tintafresca.net\/wp-content\/uploads\/2023\/06\/Leiria_CHL_PS_bebes20.jpg\" alt=\"\" width=\"500\" height=\"220\" srcset=\"https:\/\/tintafresca.net\/wp-content\/uploads\/2023\/06\/Leiria_CHL_PS_bebes20.jpg 500w, https:\/\/tintafresca.net\/wp-content\/uploads\/2023\/06\/Leiria_CHL_PS_bebes20-300x132.jpg 300w\" sizes=\"auto, (max-width: 500px) 100vw, 500px\" \/><p id=\"caption-attachment-27864\" class=\"wp-caption-text\">Reuni\u00e3o das Mulheres Socialistas de Leiria com o corpo cl\u00ednico da \u00e1rea da sa\u00fade feminina do Hospital de Santo Andr\u00e9<\/p><\/div>\n<p>No dia 29 de maio, a presidente da Federa\u00e7\u00e3o Distrital de Leiria das MS-ID, Cl\u00e1udia Avelar, acompanhada de V\u00e2nia de Oliveira, do Secretariado da Estrutura Federativa das MS-ID de Leiria, de C\u00e1tia Faria, adjunta do Secretariado e de Margarida Guedes, adjunta do Secretariado e Membro da Comiss\u00e3o Pol\u00edtica da Estrutura Federativa das MS-ID de Leiria, realizaram uma visita institucional ao Centro Hospitalar de Leiria, EPE, no \u00e2mbito do Dia Internacional da Sa\u00fade Feminina. O objetivo da comemora\u00e7\u00e3o deste dia \u00e9 consciencializar para as quest\u00f5es relacionadas com o bem-estar da mulher, como a sa\u00fade e os direitos sexuais e reprodutivos.<\/p>\n<p>Reuniram com o Conselho de Administra\u00e7\u00e3o do Centro Hospitalar de Leiria, num encontro que contou tamb\u00e9m com a presen\u00e7a e contributos do diretor do Servi\u00e7o de Pediatria, Dr. Jo\u00e3o Agro, da enfermeira Cesaltina Sousa, da enfermeira Ana Rita Sousa, e pelos m\u00e9dicos internos do servi\u00e7o de obstetr\u00edcia.<\/p>\n<p>Durante a reuni\u00e3o de trabalho formam identificadas algumas preocupa\u00e7\u00f5es, nomeadamente: a mulher pu\u00e9rpera, por vezes, sente dificuldade\u00a0de criar la\u00e7os com o beb\u00e9 ou at\u00e9 rejei\u00e7\u00e3o do beb\u00e9. O sentimento de incapacidade, ansiedade, fobias, cansa\u00e7o extremo, apatia, pensamentos negativos obsessivos tamb\u00e9m s\u00e3o sentidos durante per\u00edodo puerperal verificando-se uma necessidade de acompanhamento permanente dos profissionais de sa\u00fade. Tamb\u00e9m os fundamentalismos\/ cren\u00e7as individuais m\u00faltiplas, por vezes s\u00e3o dif\u00edceis de satisfazer por parte dos profissionais de sa\u00fade materna.<\/p>\n<p>Apesar da forma\u00e7\u00e3o de excel\u00eancia dos profissionais de sa\u00fade, que se encontram em per\u00edodo de est\u00e1gio, as gr\u00e1vidas e pu\u00e9rperas manifestam, por vezes, alguma inseguran\u00e7a. O luto na gravidez \u00e9 outra preocupa\u00e7\u00e3o destes profissionais de sa\u00fade materna. \u00c9 uma realidade muito dif\u00edcil de lidar. \u00c9 necess\u00e1rio garantir um maior acompanhamento aos pais enlutados. Defendem ainda o registo di\u00e1rio dos rec\u00e9m-nascidos, sendo necess\u00e1rias medidas estruturais urgentes. A necessidade de equipamento hospitalar \u00e9 outra necessidade identificada.<\/p>\n<p>Seguiu-se uma breve visita ao Servi\u00e7o de Urg\u00eancia de Obstetr\u00edcia e Ginecologia\/ Bloco de Partos, com o objetivo de ficarem a conhecer como este funciona.<\/p>\n<p>Durante a visita e no contacto com os profissionais de sa\u00fade, foi poss\u00edvel verificar a determina\u00e7\u00e3o e o empenho de todos aqueles que no dia a dia garantem servi\u00e7os de alta qualidade, em defender Servi\u00e7o Nacional de Sa\u00fade.<\/p>\n<p>O puerp\u00e9rio \u2014 fase mais conhecida como p\u00f3s-parto \u2014 \u00e9 um per\u00edodo muito determinante na vida da mulher e uma altura de especial vulnerabilidade, particularmente marcado por\u00a0dificuldades\u00a0a v\u00e1rios n\u00edveis. Um dos objetivos dos profissionais de sa\u00fade materna consiste em promover o bem-estar da m\u00e3e e do\u00a0beb\u00e9, ressalvando a import\u00e2ncia de tratar cada mulher como \u00fanica.<\/p>\n<p>Na ocasi\u00e3o, a Federa\u00e7\u00e3o Distrital de Leiria das MS-ID deixou uma mensagem de otimismo e incentivo a todos os profissionais de sa\u00fade e um especial agradecimento ao Conselho de Administra\u00e7\u00e3o do CHL, na pessoa do presidente Dr. Lic\u00ednio Carvalho e a todos os profissionais de sa\u00fade envolvidos, a oportunidade de realiza\u00e7\u00e3o da visita e o acolhimento.<\/p>\n<p>O Centro Hospitalar de Leiria, EPE \u00e9 vanguarda num conjunto de especialidades de grande complexidade, gra\u00e7as \u00e0 qualidade dos seus profissionais (m\u00e9dicos, enfermeiros e auxiliares). S\u00f3 assim tem sido poss\u00edvel alcan\u00e7ar resultados que colocam o CHL como uma refer\u00eancia no plano nacional e internacional. Foi poss\u00edvel verificar e concluir <em>in loco<\/em> que o CHL trabalha diariamente para que o percurso da gravidez e os momentos de parto e p\u00f3s-parto sejam realizados de forma segura, com respeito pelos desejos dos pais e com todo o rigor na atua\u00e7\u00e3o cl\u00ednica, refere Cl\u00e1udia Avelar.<\/p>\n<p>Esta iniciativa teve como objetivo: conhecer com mais rigor e profundidade o trabalho desenvolvido, as linhas de atua\u00e7\u00e3o, preocupa\u00e7\u00f5es e dificuldades e interven\u00e7\u00f5es\/ projetos planeados para o futuro, inserido num programa desta Estrutura Federativa que visa essencialmente estabelecer e promover uma pol\u00edtica de proximidade com as pessoas e as institui\u00e7\u00f5es, denominado \u201cCiclo de Visitas Pelo Distrito de Leiria, Afirmar, Comprometer e Valorizar!\u201d<\/p>\n<p><strong>\u00a0 \u00a0 \u00a0Fonte: FDLMS<\/strong><\/p>\n","protected":false},"excerpt":{"rendered":"<p>No dia 29 de maio, a presidente da Federa\u00e7\u00e3o Distrital de Leiria das MS-ID, Cl\u00e1udia Avelar, acompanhada de V\u00e2nia de Oliveira, do Secretariado da Estrutura Federativa das MS-ID de Leiria, de C\u00e1tia Faria, adjunta do Secretariado e de Margarida Guedes, adjunta do Secretariado e Membro da Comiss\u00e3o Pol\u00edtica da Estrutura Federativa das MS-ID de Leiria, [&hellip;]<\/p>\n","protected":false},"author":2,"featured_media":27865,"comment_status":"open","ping_status":"open","sticky":false,"template":"","format":"standard","meta":{"footnotes":""},"categories":[6],"tags":[],"class_list":["post-27862","post","type-post","status-publish","format-standard","has-post-thumbnail","hentry","category-saude"],"_links":{"self":[{"href":"https:\/\/tintafresca.net\/index.php\/wp-json\/wp\/v2\/posts\/27862","targetHints":{"allow":["GET"]}}],"collection":[{"href":"https:\/\/tintafresca.net\/index.php\/wp-json\/wp\/v2\/posts"}],"about":[{"href":"https:\/\/tintafresca.net\/index.php\/wp-json\/wp\/v2\/types\/post"}],"author":[{"embeddable":true,"href":"https:\/\/tintafresca.net\/index.php\/wp-json\/wp\/v2\/users\/2"}],"replies":[{"embeddable":true,"href":"https:\/\/tintafresca.net\/index.php\/wp-json\/wp\/v2\/comments?post=27862"}],"version-history":[{"count":2,"href":"https:\/\/tintafresca.net\/index.php\/wp-json\/wp\/v2\/posts\/27862\/revisions"}],"predecessor-version":[{"id":27866,"href":"https:\/\/tintafresca.net\/index.php\/wp-json\/wp\/v2\/posts\/27862\/revisions\/27866"}],"wp:featuredmedia":[{"embeddable":true,"href":"https:\/\/tintafresca.net\/index.php\/wp-json\/wp\/v2\/media\/27865"}],"wp:attachment":[{"href":"https:\/\/tintafresca.net\/index.php\/wp-json\/wp\/v2\/media?parent=27862"}],"wp:term":[{"taxonomy":"category","embeddable":true,"href":"https:\/\/tintafresca.net\/index.php\/wp-json\/wp\/v2\/categories?post=27862"},{"taxonomy":"post_tag","embeddable":true,"href":"https:\/\/tintafresca.net\/index.php\/wp-json\/wp\/v2\/tags?post=27862"}],"curies":[{"name":"wp","href":"https:\/\/api.w.org\/{rel}","templated":true}]}}