{"id":27897,"date":"2023-06-12T20:01:11","date_gmt":"2023-06-12T20:01:11","guid":{"rendered":"https:\/\/tintafresca.net\/?p=27897"},"modified":"2023-06-12T20:19:54","modified_gmt":"2023-06-12T20:19:54","slug":"foz-do-arelho-recebe-termino-do-projeto-iren-internacionalizacao-da-rede-de-estacoes-nauticas-portugal","status":"publish","type":"post","link":"https:\/\/tintafresca.net\/index.php\/2023\/06\/12\/foz-do-arelho-recebe-termino-do-projeto-iren-internacionalizacao-da-rede-de-estacoes-nauticas-portugal\/","title":{"rendered":"Foz do Arelho recebe t\u00e9rmino do Projeto IREN \u2013 Internacionaliza\u00e7\u00e3o da Rede de Esta\u00e7\u00f5es N\u00e1uticas Portugal"},"content":{"rendered":"<div id=\"attachment_27899\" style=\"width: 510px\" class=\"wp-caption alignleft\"><img loading=\"lazy\" decoding=\"async\" aria-describedby=\"caption-attachment-27899\" class=\"wp-image-27899 size-full\" src=\"https:\/\/tintafresca.net\/wp-content\/uploads\/2023\/06\/Caldas_Foz_Arelho10.jpg\" alt=\"\" width=\"500\" height=\"333\" srcset=\"https:\/\/tintafresca.net\/wp-content\/uploads\/2023\/06\/Caldas_Foz_Arelho10.jpg 500w, https:\/\/tintafresca.net\/wp-content\/uploads\/2023\/06\/Caldas_Foz_Arelho10-300x200.jpg 300w\" sizes=\"auto, (max-width: 500px) 100vw, 500px\" \/><p id=\"caption-attachment-27899\" class=\"wp-caption-text\">Foz do Arelho<\/p><\/div>\n<p>O F\u00f3rum Oceano, o cluster que gere o mar portugu\u00eas, promove, no dia 26 de junho, o evento que assinala o t\u00e9rmino do Projeto\u00a0IREN \u2013 Internacionaliza\u00e7\u00e3o da Rede de\u00a0<a href=\"https:\/\/www.nauticalportugal.com\/\">Esta\u00e7\u00f5es N\u00e1uticas Portugal,<\/a>\u00a0fruto uma campanha internacional focada em tr\u00eas mercados-alvo (Alemanha, Fran\u00e7a e Pa\u00edses Baixos), e que visa promover, al\u00e9m-fronteiras, as Esta\u00e7\u00f5es N\u00e1uticas e toda a sua oferta. O ponto de encontro para in\u00edcio de atividades ser\u00e1 no\u00a0Cais da Foz do Arelho, \u00e0s 10h00, \u00a0prevendo-se a conclus\u00e3o dos trabalhos at\u00e9 \u00e0s 18h00.<\/p>\n<p><strong>Programa<\/strong><\/p>\n<p><strong>Manh\u00e3<\/strong><br \/>\nCais da Foz do Arelho<\/p>\n<p>10h00 Concentra\u00e7\u00e3o no Cais da Foz do Arelho<br \/>\n10h30 Atividades N\u00e1uticas (Canoagem, Remo, Windsurf, Stand Up Paddle, Vela, Water Bike)<br \/>\n12h00 Fim das atividades<\/p>\n<p>Tarde<br \/>\nINATEL Foz do Arelho Hotel<\/p>\n<p>12h30 Almo\u00e7o<\/p>\n<p>14h30 Abertura<br \/>\nCoordenador da Rede de Esta\u00e7\u00f5es N\u00e1uticas de Portugal, Ant\u00f3nio Jos\u00e9 Correia<br \/>\nEsta\u00e7\u00e3o N\u00e1utica do Oeste, Presidente da CIM Oeste, Pedro Folgado<br \/>\nPresidente da C\u00e2mara Municipal das Caldas da Rainha, V\u00edtor Marques<br \/>\nPresidente da Entidade Regional da Turismo do Centro de Portugal, Pedro Machado<\/p>\n<p>15h00 Apresenta\u00e7\u00e3o dos Resultados do Projeto<br \/>\nTestemunhos: Esta\u00e7\u00f5es N\u00e1uticas, Empresas Parceiras e outros parceiros<\/p>\n<p>15h45 &#8220;Agenda +INTERIOR Turismo&#8221;<br \/>\n. Turismo de Portugal<\/p>\n<p>16h00 Painel &#8211; &#8220;As Esta\u00e7\u00f5es N\u00e1uticas de Portugal: Presente e Futuro&#8221;<br \/>\nRepresentante do Turismo de Portugal<br \/>\nERT\/Ag\u00eancias Regionais de Promo\u00e7\u00e3o Tur\u00edstica<br \/>\nLu\u00eds Pedro Martins &#8211; Porto e Norte<br \/>\nPedro Machado &#8211; Centro de Portugal<br \/>\nV\u00edtor Silva &#8211; Alentejo e Ribatejo<br \/>\nEsta\u00e7\u00f5es N\u00e1uticas<br \/>\nEmpresas Parceiras<br \/>\n&#8211; Debate<\/p>\n<p>17h00 Encerramento<\/p>\n","protected":false},"excerpt":{"rendered":"<p>O F\u00f3rum Oceano, o cluster que gere o mar portugu\u00eas, promove, no dia 26 de junho, o evento que assinala o t\u00e9rmino do Projeto\u00a0IREN \u2013 Internacionaliza\u00e7\u00e3o da Rede de\u00a0Esta\u00e7\u00f5es N\u00e1uticas Portugal,\u00a0fruto uma campanha internacional focada em tr\u00eas mercados-alvo (Alemanha, Fran\u00e7a e Pa\u00edses Baixos), e que visa promover, al\u00e9m-fronteiras, as Esta\u00e7\u00f5es N\u00e1uticas e toda a sua [&hellip;]<\/p>\n","protected":false},"author":2,"featured_media":27900,"comment_status":"open","ping_status":"open","sticky":false,"template":"","format":"standard","meta":{"footnotes":""},"categories":[9,7],"tags":[],"class_list":["post-27897","post","type-post","status-publish","format-standard","has-post-thumbnail","hentry","category-ambiente","category-economia"],"_links":{"self":[{"href":"https:\/\/tintafresca.net\/index.php\/wp-json\/wp\/v2\/posts\/27897","targetHints":{"allow":["GET"]}}],"collection":[{"href":"https:\/\/tintafresca.net\/index.php\/wp-json\/wp\/v2\/posts"}],"about":[{"href":"https:\/\/tintafresca.net\/index.php\/wp-json\/wp\/v2\/types\/post"}],"author":[{"embeddable":true,"href":"https:\/\/tintafresca.net\/index.php\/wp-json\/wp\/v2\/users\/2"}],"replies":[{"embeddable":true,"href":"https:\/\/tintafresca.net\/index.php\/wp-json\/wp\/v2\/comments?post=27897"}],"version-history":[{"count":2,"href":"https:\/\/tintafresca.net\/index.php\/wp-json\/wp\/v2\/posts\/27897\/revisions"}],"predecessor-version":[{"id":27901,"href":"https:\/\/tintafresca.net\/index.php\/wp-json\/wp\/v2\/posts\/27897\/revisions\/27901"}],"wp:featuredmedia":[{"embeddable":true,"href":"https:\/\/tintafresca.net\/index.php\/wp-json\/wp\/v2\/media\/27900"}],"wp:attachment":[{"href":"https:\/\/tintafresca.net\/index.php\/wp-json\/wp\/v2\/media?parent=27897"}],"wp:term":[{"taxonomy":"category","embeddable":true,"href":"https:\/\/tintafresca.net\/index.php\/wp-json\/wp\/v2\/categories?post=27897"},{"taxonomy":"post_tag","embeddable":true,"href":"https:\/\/tintafresca.net\/index.php\/wp-json\/wp\/v2\/tags?post=27897"}],"curies":[{"name":"wp","href":"https:\/\/api.w.org\/{rel}","templated":true}]}}