{"id":27957,"date":"2023-06-14T22:34:19","date_gmt":"2023-06-14T22:34:19","guid":{"rendered":"https:\/\/tintafresca.net\/?p=27957"},"modified":"2023-06-14T22:42:35","modified_gmt":"2023-06-14T22:42:35","slug":"camara-de-ourem-de-aprova-transferencia-de-competencias-no-setor-da-saude","status":"publish","type":"post","link":"https:\/\/tintafresca.net\/index.php\/2023\/06\/14\/camara-de-ourem-de-aprova-transferencia-de-competencias-no-setor-da-saude\/","title":{"rendered":"C\u00e2mara de Our\u00e9m de aprova transfer\u00eancia de compet\u00eancias no setor da sa\u00fade"},"content":{"rendered":"<p><img loading=\"lazy\" decoding=\"async\" class=\"alignleft wp-image-27959 size-full\" src=\"https:\/\/tintafresca.net\/wp-content\/uploads\/2023\/06\/Ourem_logotipo10.png\" alt=\"\" width=\"500\" height=\"275\" srcset=\"https:\/\/tintafresca.net\/wp-content\/uploads\/2023\/06\/Ourem_logotipo10.png 500w, https:\/\/tintafresca.net\/wp-content\/uploads\/2023\/06\/Ourem_logotipo10-300x165.png 300w\" sizes=\"auto, (max-width: 500px) 100vw, 500px\" \/>A C\u00e2mara Municipal de Our\u00e9m aprovou, em reuni\u00e3o extraordin\u00e1ria de 12 de junho, o auto de transfer\u00eancia no setor da sa\u00fade no concelho de Our\u00e9m.<\/p>\n<p>Esta anu\u00eancia em Reuni\u00e3o de C\u00e2mara faz agora o dossi\u00ea seguir para aprecia\u00e7\u00e3o em sede de Assembleia Municipal e torna compet\u00eancia municipal, os seguintes setores da sa\u00fade no concelho de Our\u00e9m: Assistentes Operacionais afetos aos estabelecimentos de sa\u00fade do concelho, Frota autom\u00f3vel afeta aos estabelecimentos de sa\u00fade do concelho e Manuten\u00e7\u00e3o e gest\u00e3o dos edif\u00edcios afetos ao UCSP Our\u00e9m (incluindo Unidades de Cuidados de Sa\u00fade).<\/p>\n<p>Esta transfer\u00eancia de compet\u00eancias, com efeitos a partir de 1 de setembro, n\u00e3o contempla a coloca\u00e7\u00e3o e gest\u00e3o de m\u00e9dicos de medicina geral e familiar nas unidades de sa\u00fade de Our\u00e9m, responsabilidade que continua a caber ao Minist\u00e9rio da Sa\u00fade.<\/p>\n<p><strong>\u00a0Fonte: JO|GIC|CMO<\/strong><\/p>\n","protected":false},"excerpt":{"rendered":"<p>A C\u00e2mara Municipal de Our\u00e9m aprovou, em reuni\u00e3o extraordin\u00e1ria de 12 de junho, o auto de transfer\u00eancia no setor da sa\u00fade no concelho de Our\u00e9m. Esta anu\u00eancia em Reuni\u00e3o de C\u00e2mara faz agora o dossi\u00ea seguir para aprecia\u00e7\u00e3o em sede de Assembleia Municipal e torna compet\u00eancia municipal, os seguintes setores da sa\u00fade no concelho de [&hellip;]<\/p>\n","protected":false},"author":2,"featured_media":27960,"comment_status":"open","ping_status":"open","sticky":false,"template":"","format":"standard","meta":{"footnotes":""},"categories":[6],"tags":[],"class_list":["post-27957","post","type-post","status-publish","format-standard","has-post-thumbnail","hentry","category-saude"],"_links":{"self":[{"href":"https:\/\/tintafresca.net\/index.php\/wp-json\/wp\/v2\/posts\/27957","targetHints":{"allow":["GET"]}}],"collection":[{"href":"https:\/\/tintafresca.net\/index.php\/wp-json\/wp\/v2\/posts"}],"about":[{"href":"https:\/\/tintafresca.net\/index.php\/wp-json\/wp\/v2\/types\/post"}],"author":[{"embeddable":true,"href":"https:\/\/tintafresca.net\/index.php\/wp-json\/wp\/v2\/users\/2"}],"replies":[{"embeddable":true,"href":"https:\/\/tintafresca.net\/index.php\/wp-json\/wp\/v2\/comments?post=27957"}],"version-history":[{"count":3,"href":"https:\/\/tintafresca.net\/index.php\/wp-json\/wp\/v2\/posts\/27957\/revisions"}],"predecessor-version":[{"id":27962,"href":"https:\/\/tintafresca.net\/index.php\/wp-json\/wp\/v2\/posts\/27957\/revisions\/27962"}],"wp:featuredmedia":[{"embeddable":true,"href":"https:\/\/tintafresca.net\/index.php\/wp-json\/wp\/v2\/media\/27960"}],"wp:attachment":[{"href":"https:\/\/tintafresca.net\/index.php\/wp-json\/wp\/v2\/media?parent=27957"}],"wp:term":[{"taxonomy":"category","embeddable":true,"href":"https:\/\/tintafresca.net\/index.php\/wp-json\/wp\/v2\/categories?post=27957"},{"taxonomy":"post_tag","embeddable":true,"href":"https:\/\/tintafresca.net\/index.php\/wp-json\/wp\/v2\/tags?post=27957"}],"curies":[{"name":"wp","href":"https:\/\/api.w.org\/{rel}","templated":true}]}}