{"id":28102,"date":"2023-06-20T17:59:30","date_gmt":"2023-06-20T17:59:30","guid":{"rendered":"https:\/\/tintafresca.net\/?p=28102"},"modified":"2023-06-20T18:13:48","modified_gmt":"2023-06-20T18:13:48","slug":"vagas-para-medicos-no-hospital-distrital-de-santarem-alargadas-a-ortopedia-e-ginecologia-obstetricia","status":"publish","type":"post","link":"https:\/\/tintafresca.net\/index.php\/2023\/06\/20\/vagas-para-medicos-no-hospital-distrital-de-santarem-alargadas-a-ortopedia-e-ginecologia-obstetricia\/","title":{"rendered":"Vagas para m\u00e9dicos no Hospital Distrital de Santar\u00e9m alargadas a ortopedia e ginecologia \/ obstetr\u00edcia"},"content":{"rendered":"<div id=\"attachment_28104\" style=\"width: 410px\" class=\"wp-caption alignleft\"><img loading=\"lazy\" decoding=\"async\" aria-describedby=\"caption-attachment-28104\" class=\"wp-image-28104\" src=\"https:\/\/tintafresca.net\/wp-content\/uploads\/2023\/06\/Santarem_HDS_Vagas-Carenciadas_10.png\" alt=\"\" width=\"400\" height=\"400\" srcset=\"https:\/\/tintafresca.net\/wp-content\/uploads\/2023\/06\/Santarem_HDS_Vagas-Carenciadas_10.png 500w, https:\/\/tintafresca.net\/wp-content\/uploads\/2023\/06\/Santarem_HDS_Vagas-Carenciadas_10-300x300.png 300w, https:\/\/tintafresca.net\/wp-content\/uploads\/2023\/06\/Santarem_HDS_Vagas-Carenciadas_10-150x150.png 150w\" sizes=\"auto, (max-width: 400px) 100vw, 400px\" \/><p id=\"caption-attachment-28104\" class=\"wp-caption-text\">Cartaz<\/p><\/div>\n<p>H\u00e1 mais especialidades com vagas carenciadas para contrata\u00e7\u00e3o de m\u00e9dicos (com bonifica\u00e7\u00e3o salarial) no Hospital Distrital de Santar\u00e9m (HDS). \u00c0s especialidades contempladas anteriormente nas 10 vagas concedidas pelo Governo \u2013 anestesiologia, dermatovenereologia, gastrenterologia, medicina interna, pneumologia, psiquiatria e psiquiatria da inf\u00e2ncia e da adolesc\u00eancia \u2013, juntam-se a ortopedia e a ginecologia\/obstetr\u00edcia.<\/p>\n<p>A Declara\u00e7\u00e3o de Retifica\u00e7\u00e3o n.\u00ba430\/2023, publicada a 13 de junho de 2023, corrige o Despacho n.\u00ba 5104-E\/2023, publicado no Di\u00e1rio da Rep\u00fablica, ap\u00f3s identifica\u00e7\u00e3o de \u201clapsos na reda\u00e7\u00e3o do n.\u00ba 2, bem como na identifica\u00e7\u00e3o de especialidades com direito aos incentivos\u201d.<\/p>\n<p>As vagas para fixa\u00e7\u00e3o de m\u00e9dicos em zonas geogr\u00e1ficas carenciadas s\u00e3o definidas, anualmente, por estabelecimento de sa\u00fade e especialidade m\u00e9dica, por despacho dos membros do Governo respons\u00e1veis pelas \u00e1reas das finan\u00e7as e da sa\u00fade.<\/p>\n<p>As candidaturas \u00e0s vagas carenciadas dever\u00e3o ser efetuadas atrav\u00e9s do email recrutamento@hds.min-saude.pt.<\/p>\n<p><strong>\u00a0 \u00a0 \u00a0Fonte: GCI|HDS<\/strong><\/p>\n","protected":false},"excerpt":{"rendered":"<p>H\u00e1 mais especialidades com vagas carenciadas para contrata\u00e7\u00e3o de m\u00e9dicos (com bonifica\u00e7\u00e3o salarial) no Hospital Distrital de Santar\u00e9m (HDS). \u00c0s especialidades contempladas anteriormente nas 10 vagas concedidas pelo Governo \u2013 anestesiologia, dermatovenereologia, gastrenterologia, medicina interna, pneumologia, psiquiatria e psiquiatria da inf\u00e2ncia e da adolesc\u00eancia \u2013, juntam-se a ortopedia e a ginecologia\/obstetr\u00edcia. A Declara\u00e7\u00e3o de Retifica\u00e7\u00e3o [&hellip;]<\/p>\n","protected":false},"author":2,"featured_media":28106,"comment_status":"open","ping_status":"open","sticky":false,"template":"","format":"standard","meta":{"footnotes":""},"categories":[6],"tags":[],"class_list":["post-28102","post","type-post","status-publish","format-standard","has-post-thumbnail","hentry","category-saude"],"_links":{"self":[{"href":"https:\/\/tintafresca.net\/index.php\/wp-json\/wp\/v2\/posts\/28102","targetHints":{"allow":["GET"]}}],"collection":[{"href":"https:\/\/tintafresca.net\/index.php\/wp-json\/wp\/v2\/posts"}],"about":[{"href":"https:\/\/tintafresca.net\/index.php\/wp-json\/wp\/v2\/types\/post"}],"author":[{"embeddable":true,"href":"https:\/\/tintafresca.net\/index.php\/wp-json\/wp\/v2\/users\/2"}],"replies":[{"embeddable":true,"href":"https:\/\/tintafresca.net\/index.php\/wp-json\/wp\/v2\/comments?post=28102"}],"version-history":[{"count":2,"href":"https:\/\/tintafresca.net\/index.php\/wp-json\/wp\/v2\/posts\/28102\/revisions"}],"predecessor-version":[{"id":28105,"href":"https:\/\/tintafresca.net\/index.php\/wp-json\/wp\/v2\/posts\/28102\/revisions\/28105"}],"wp:featuredmedia":[{"embeddable":true,"href":"https:\/\/tintafresca.net\/index.php\/wp-json\/wp\/v2\/media\/28106"}],"wp:attachment":[{"href":"https:\/\/tintafresca.net\/index.php\/wp-json\/wp\/v2\/media?parent=28102"}],"wp:term":[{"taxonomy":"category","embeddable":true,"href":"https:\/\/tintafresca.net\/index.php\/wp-json\/wp\/v2\/categories?post=28102"},{"taxonomy":"post_tag","embeddable":true,"href":"https:\/\/tintafresca.net\/index.php\/wp-json\/wp\/v2\/tags?post=28102"}],"curies":[{"name":"wp","href":"https:\/\/api.w.org\/{rel}","templated":true}]}}