{"id":28123,"date":"2023-06-21T15:12:48","date_gmt":"2023-06-21T15:12:48","guid":{"rendered":"https:\/\/tintafresca.net\/?p=28123"},"modified":"2023-06-21T20:14:27","modified_gmt":"2023-06-21T20:14:27","slug":"maca-de-alcobaca-expande-exportacoes-para-brasil-e-espanha","status":"publish","type":"post","link":"https:\/\/tintafresca.net\/index.php\/2023\/06\/21\/maca-de-alcobaca-expande-exportacoes-para-brasil-e-espanha\/","title":{"rendered":"Produtores de Ma\u00e7\u00e3 de Alcoba\u00e7a expandem exporta\u00e7\u00f5es para Brasil e Espanha"},"content":{"rendered":"<div id=\"attachment_28128\" style=\"width: 410px\" class=\"wp-caption alignleft\"><img loading=\"lazy\" decoding=\"async\" aria-describedby=\"caption-attachment-28128\" class=\"wp-image-28128\" src=\"https:\/\/tintafresca.net\/wp-content\/uploads\/2023\/06\/Alcobaca_Maca.jpg\" alt=\"\" width=\"400\" height=\"533\" srcset=\"https:\/\/tintafresca.net\/wp-content\/uploads\/2023\/06\/Alcobaca_Maca.jpg 457w, https:\/\/tintafresca.net\/wp-content\/uploads\/2023\/06\/Alcobaca_Maca-225x300.jpg 225w\" sizes=\"auto, (max-width: 400px) 100vw, 400px\" \/><p id=\"caption-attachment-28128\" class=\"wp-caption-text\">Delega\u00e7\u00e3o que visitou os pomares de ma\u00e7\u00e3 da regi\u00e3o de Alcoba\u00e7a<\/p><\/div>\n<p>Dando continuidade \u00e0 grande aposta que t\u00eam feito na internacionaliza\u00e7\u00e3o da \u201c\u00fanica ma\u00e7\u00e3 do Atl\u00e2ntico\u201d, a APMA &#8211; Associa\u00e7\u00e3o dos Produtores de Ma\u00e7\u00e3 de Alcoba\u00e7a recebeu um grupo de jornalistas e importadores do Brasil e de Espanha para dar a conhecer o melhor que a regi\u00e3o tem para oferecer.<\/p>\n<p>Na visita, que decorreu entre os dias 11 e 14 de junho, \u201co grupo teve a oportunidade de visitar a regi\u00e3o, os pomares e as centrais fruteiras, mas tamb\u00e9m alguns lugares turisticamente emblem\u00e1ticos de Lisboa, Nazar\u00e9 e \u00d3bidos. Tiveram, ainda, a oportunidade de degustar n\u00e3o s\u00f3 os diversos tipos de Ma\u00e7\u00e3 de Alcoba\u00e7a como outros produtos que utilizam como ingrediente a Ma\u00e7\u00e3 de Alcoba\u00e7a IGP\u201d, refere a APMA.<\/p>\n<p>No \u00e2mbito do fomento da internacionaliza\u00e7\u00e3o, a Ma\u00e7\u00e3 de Alcoba\u00e7a tem feito uma grande aposta no mercado brasileiro e pretende crescer no mercado espanhol. Esta visita integrou o \u201cProjeto de Promo\u00e7\u00e3o da Ma\u00e7\u00e3 de Alcoba\u00e7a em Mercados Externos\u201d, que pretende dar palco a \u201cuma nova onda de sabor vinda de Portugal\u201d oriunda da \u201c\u00fanica ma\u00e7\u00e3 do Atl\u00e2ntico\u201d.<\/p>\n<p>Uma estrat\u00e9gia que a APMA considera \u201cfundamental para contribuir para a valoriza\u00e7\u00e3o e diferencia\u00e7\u00e3o da Ma\u00e7\u00e3 de Alcoba\u00e7a IGP, a \u00fanica ma\u00e7\u00e3 com influ\u00eancia atl\u00e2ntica, fomentando as exporta\u00e7\u00f5es e a inova\u00e7\u00e3o deste produto portugu\u00eas, ao mesmo tempo que contribui para o aumento da competitividade e visibilidade internacional de Portugal\u201d.<\/p>\n<p>&nbsp;<\/p>\n<p><strong>A Ma\u00e7\u00e3 de Alcoba\u00e7a \u00e9 diferente e tem uma hist\u00f3ria<\/strong><\/p>\n<p>&nbsp;<\/p>\n<p>Oriunda do Oeste de Portugal, entre o Oceano Atl\u00e2ntico e as Serras de Candeeiros e de Montejunto, a Ma\u00e7\u00e3 de Alcoba\u00e7a \u00e9 produzida por um processo racional e controlado, com recurso a t\u00e9cnicas de bio-controlo e de fomento da biodiversidade, que garantem a elevada qualidade em sabor e nutrientes e, ao mesmo tempo, contribuem para o equil\u00edbrio ambiental. Este terroir especial propicia frutos ricos e concentrados, de inigual\u00e1vel car\u00e1cter gustativo, dif\u00edcil de encontrar na generalidade das ma\u00e7\u00e3s europeias.<\/p>\n<div id=\"attachment_28129\" style=\"width: 510px\" class=\"wp-caption alignleft\"><img loading=\"lazy\" decoding=\"async\" aria-describedby=\"caption-attachment-28129\" class=\"wp-image-28129 size-full\" src=\"https:\/\/tintafresca.net\/wp-content\/uploads\/2023\/06\/Alcobaca_Maca20.jpg\" alt=\"\" width=\"500\" height=\"375\" srcset=\"https:\/\/tintafresca.net\/wp-content\/uploads\/2023\/06\/Alcobaca_Maca20.jpg 500w, https:\/\/tintafresca.net\/wp-content\/uploads\/2023\/06\/Alcobaca_Maca20-300x225.jpg 300w\" sizes=\"auto, (max-width: 500px) 100vw, 500px\" \/><p id=\"caption-attachment-28129\" class=\"wp-caption-text\">Pomar de Ma\u00e7\u00e3 de Alcoba\u00e7a<\/p><\/div>\n<p>Existem 9 variedades e as suas caracter\u00edsticas s\u00e3o distintivas: t\u00eam uma colora\u00e7\u00e3o mais acentuada, um sabor agridoce mais intenso, um aroma fresco e uma elevada riqueza nutricional o que faz dela um ingrediente perfeito para ser consumido de diferentes formas: em fresco, em sobremesas, em compotas ou em licores. E \u00e9 esta diferencia\u00e7\u00e3o aliada \u00e0 hist\u00f3ria e tradi\u00e7\u00e3o que justificaram que em 1994 a Uni\u00e3o Europeia a reconhecesse como IGP &#8211; Indica\u00e7\u00e3o Geogr\u00e1fica Protegida.<\/p>\n<p>&nbsp;<\/p>\n<p><strong>Ma\u00e7\u00e3 de Alcoba\u00e7a \u00e9 considerada uma fileira agroalimentar diferenciadora, inovadora, evolu\u00edda e reconhecida como a mais organizada do setor das frutas e legumes em Portugal<\/strong><\/p>\n<p>&nbsp;<\/p>\n<p>Fundada em 2001, A APMA &#8211; Associa\u00e7\u00e3o dos Produtores de Ma\u00e7\u00e3 de Alcoba\u00e7a \u00e9 a entidade gestora da Indica\u00e7\u00e3o Geogr\u00e1fica Protegida (IGP) \u201cMa\u00e7\u00e3 de Alcoba\u00e7a\u201d e detentora da Marca e imagem Coletiva.<\/p>\n<p>Constitu\u00edda por 22 associados, empresas e organiza\u00e7\u00f5es de produtores que produzem Ma\u00e7\u00e3 de Alcoba\u00e7a IGP, tem como miss\u00e3o a promo\u00e7\u00e3o e valoriza\u00e7\u00e3o das ma\u00e7\u00e3s qualificadas da regi\u00e3o Oeste e como principais objetivos: regular e gerir a marca regional Ma\u00e7\u00e3 de Alcoba\u00e7a IGP, diferenciar e evidenciar os principais valores e atributos, divulgar e promover a Ma\u00e7\u00e3 de Alcoba\u00e7a, valorizar as ma\u00e7\u00e3s e a atividade frut\u00edcola dos seus membros, estimular o consumo na perspetiva de h\u00e1bitos de alimenta\u00e7\u00e3o saud\u00e1veis e promover o associativismo e as parcerias entre os membros associados.<\/p>\n<div id=\"attachment_28130\" style=\"width: 510px\" class=\"wp-caption alignleft\"><img loading=\"lazy\" decoding=\"async\" aria-describedby=\"caption-attachment-28130\" class=\"wp-image-28130 size-full\" src=\"https:\/\/tintafresca.net\/wp-content\/uploads\/2023\/06\/Alcobaca_Maca30.jpg\" alt=\"\" width=\"500\" height=\"231\" srcset=\"https:\/\/tintafresca.net\/wp-content\/uploads\/2023\/06\/Alcobaca_Maca30.jpg 500w, https:\/\/tintafresca.net\/wp-content\/uploads\/2023\/06\/Alcobaca_Maca30-300x139.jpg 300w\" sizes=\"auto, (max-width: 500px) 100vw, 500px\" \/><p id=\"caption-attachment-28130\" class=\"wp-caption-text\">Visita \u00e0 esta\u00e7\u00e3o fruteira<\/p><\/div>\n<p>Recorde-se que a Ma\u00e7\u00e3 de Alcoba\u00e7a \u00e9 considerada uma fileira agroalimentar diferenciadora, inovadora, evolu\u00edda e reconhecida pelo mercado e institui\u00e7\u00f5es oficiais como a mais organizada do setor das frutas e legumes em Portugal. Um exemplo not\u00e1vel de percurso, de orienta\u00e7\u00e3o, de estrat\u00e9gia produtiva e comercial e de afirma\u00e7\u00e3o positiva, que vive e pratica uma ruralidade moderna e respons\u00e1vel, baseado em muito e bom conhecimento t\u00e9cnico e cient\u00edfico e saber fazer secular.<\/p>\n<p>O elevado n\u00edvel de associativismo e a exist\u00eancia de variad\u00edssimas estrat\u00e9gias coletivas e comuns, permitem praticar uma produ\u00e7\u00e3o extremamente amiga do ambiente, tornando-a uma atividade que valoriza o territ\u00f3rio rural, o que atrai atualmente muitos novos empreendedores e jovens agricultores. Contribui, ainda, racionalmente para uma natureza regenerativa e bem cuidada e para a produ\u00e7\u00e3o de alimentos de elevada qualidade, saud\u00e1veis e seguros.<\/p>\n<p><strong> \u00a0 \u00a0Fonte: APMA<\/strong><\/p>\n","protected":false},"excerpt":{"rendered":"<p>Dando continuidade \u00e0 grande aposta que t\u00eam feito na internacionaliza\u00e7\u00e3o da \u201c\u00fanica ma\u00e7\u00e3 do Atl\u00e2ntico\u201d, a APMA &#8211; Associa\u00e7\u00e3o dos Produtores de Ma\u00e7\u00e3 de Alcoba\u00e7a recebeu um grupo de jornalistas e importadores do Brasil e de Espanha para dar a conhecer o melhor que a regi\u00e3o tem para oferecer. Na visita, que decorreu entre os [&hellip;]<\/p>\n","protected":false},"author":2,"featured_media":28126,"comment_status":"open","ping_status":"open","sticky":false,"template":"","format":"standard","meta":{"footnotes":""},"categories":[7],"tags":[],"class_list":["post-28123","post","type-post","status-publish","format-standard","has-post-thumbnail","hentry","category-economia"],"_links":{"self":[{"href":"https:\/\/tintafresca.net\/index.php\/wp-json\/wp\/v2\/posts\/28123","targetHints":{"allow":["GET"]}}],"collection":[{"href":"https:\/\/tintafresca.net\/index.php\/wp-json\/wp\/v2\/posts"}],"about":[{"href":"https:\/\/tintafresca.net\/index.php\/wp-json\/wp\/v2\/types\/post"}],"author":[{"embeddable":true,"href":"https:\/\/tintafresca.net\/index.php\/wp-json\/wp\/v2\/users\/2"}],"replies":[{"embeddable":true,"href":"https:\/\/tintafresca.net\/index.php\/wp-json\/wp\/v2\/comments?post=28123"}],"version-history":[{"count":12,"href":"https:\/\/tintafresca.net\/index.php\/wp-json\/wp\/v2\/posts\/28123\/revisions"}],"predecessor-version":[{"id":28150,"href":"https:\/\/tintafresca.net\/index.php\/wp-json\/wp\/v2\/posts\/28123\/revisions\/28150"}],"wp:featuredmedia":[{"embeddable":true,"href":"https:\/\/tintafresca.net\/index.php\/wp-json\/wp\/v2\/media\/28126"}],"wp:attachment":[{"href":"https:\/\/tintafresca.net\/index.php\/wp-json\/wp\/v2\/media?parent=28123"}],"wp:term":[{"taxonomy":"category","embeddable":true,"href":"https:\/\/tintafresca.net\/index.php\/wp-json\/wp\/v2\/categories?post=28123"},{"taxonomy":"post_tag","embeddable":true,"href":"https:\/\/tintafresca.net\/index.php\/wp-json\/wp\/v2\/tags?post=28123"}],"curies":[{"name":"wp","href":"https:\/\/api.w.org\/{rel}","templated":true}]}}