{"id":28151,"date":"2023-06-21T20:51:15","date_gmt":"2023-06-21T20:51:15","guid":{"rendered":"https:\/\/tintafresca.net\/?p=28151"},"modified":"2023-06-21T21:07:06","modified_gmt":"2023-06-21T21:07:06","slug":"cim-das-regioes-de-leiria-e-coimbra-medio-tejo-e-beira-baixa-apoiam-futuro-aeroporto-internacional-em-santarem","status":"publish","type":"post","link":"https:\/\/tintafresca.net\/index.php\/2023\/06\/21\/cim-das-regioes-de-leiria-e-coimbra-medio-tejo-e-beira-baixa-apoiam-futuro-aeroporto-internacional-em-santarem\/","title":{"rendered":"CIM das Regi\u00f5es de Leiria e Coimbra, M\u00e9dio Tejo e Beira Baixa apoiam futuro aeroporto internacional em Santar\u00e9m"},"content":{"rendered":"<div id=\"attachment_28154\" style=\"width: 510px\" class=\"wp-caption alignleft\"><img loading=\"lazy\" decoding=\"async\" aria-describedby=\"caption-attachment-28154\" class=\"wp-image-28154 size-full\" src=\"https:\/\/tintafresca.net\/wp-content\/uploads\/2023\/06\/PM_CIM_aeroporto_Santarem10.jpg\" alt=\"\" width=\"500\" height=\"375\" srcset=\"https:\/\/tintafresca.net\/wp-content\/uploads\/2023\/06\/PM_CIM_aeroporto_Santarem10.jpg 500w, https:\/\/tintafresca.net\/wp-content\/uploads\/2023\/06\/PM_CIM_aeroporto_Santarem10-300x225.jpg 300w\" sizes=\"auto, (max-width: 500px) 100vw, 500px\" \/><p id=\"caption-attachment-28154\" class=\"wp-caption-text\">Presidentes das 4 Comunidades assinaram uma declara\u00e7\u00e3o conjunta de apoio \u00e0 localiza\u00e7\u00e3o do novo aeroporto internacional em Santar\u00e9m (Foto: CIMMT)<\/p><\/div>\n<p>As Comunidades Intermunicipais da Regi\u00e3o de Leiria, M\u00e9dio Tejo, Beira Baixa e da Regi\u00e3o de Coimbra apresentaram esta ter\u00e7a-feira, dia 20 de junho, na Central das Artes, em Porto de M\u00f3s uma posi\u00e7\u00e3o conjunta das comunidades intermunicipais em defesa da localiza\u00e7\u00e3o do futuro aeroporto internacional em Santar\u00e9m.<\/p>\n<p>As quatro Comunidades Intermunicipais da Regi\u00e3o Centro reconheceram a import\u00e2ncia estrat\u00e9gica de contar com um novo aeroporto internacional que sirva como porta de entrada para o nosso pa\u00eds e que promova o desenvolvimento econ\u00f3mico, tur\u00edstico e social de todos os munic\u00edpios envolvidos.<\/p>\n<p>Na ocasi\u00e3o, foi ainda revelado que a futura gest\u00e3o do Memorial em Homenagem \u00e0s V\u00edtimas dos Inc\u00eandios Florestais em Portugal, localizado em Pedrog\u00e3o Grande ter\u00e1 um car\u00e1ter supramunicipal.<\/p>\n","protected":false},"excerpt":{"rendered":"<p>As Comunidades Intermunicipais da Regi\u00e3o de Leiria, M\u00e9dio Tejo, Beira Baixa e da Regi\u00e3o de Coimbra apresentaram esta ter\u00e7a-feira, dia 20 de junho, na Central das Artes, em Porto de M\u00f3s uma posi\u00e7\u00e3o conjunta das comunidades intermunicipais em defesa da localiza\u00e7\u00e3o do futuro aeroporto internacional em Santar\u00e9m. As quatro Comunidades Intermunicipais da Regi\u00e3o Centro reconheceram [&hellip;]<\/p>\n","protected":false},"author":2,"featured_media":28155,"comment_status":"open","ping_status":"open","sticky":false,"template":"","format":"standard","meta":{"footnotes":""},"categories":[7],"tags":[],"class_list":["post-28151","post","type-post","status-publish","format-standard","has-post-thumbnail","hentry","category-economia"],"_links":{"self":[{"href":"https:\/\/tintafresca.net\/index.php\/wp-json\/wp\/v2\/posts\/28151","targetHints":{"allow":["GET"]}}],"collection":[{"href":"https:\/\/tintafresca.net\/index.php\/wp-json\/wp\/v2\/posts"}],"about":[{"href":"https:\/\/tintafresca.net\/index.php\/wp-json\/wp\/v2\/types\/post"}],"author":[{"embeddable":true,"href":"https:\/\/tintafresca.net\/index.php\/wp-json\/wp\/v2\/users\/2"}],"replies":[{"embeddable":true,"href":"https:\/\/tintafresca.net\/index.php\/wp-json\/wp\/v2\/comments?post=28151"}],"version-history":[{"count":4,"href":"https:\/\/tintafresca.net\/index.php\/wp-json\/wp\/v2\/posts\/28151\/revisions"}],"predecessor-version":[{"id":28157,"href":"https:\/\/tintafresca.net\/index.php\/wp-json\/wp\/v2\/posts\/28151\/revisions\/28157"}],"wp:featuredmedia":[{"embeddable":true,"href":"https:\/\/tintafresca.net\/index.php\/wp-json\/wp\/v2\/media\/28155"}],"wp:attachment":[{"href":"https:\/\/tintafresca.net\/index.php\/wp-json\/wp\/v2\/media?parent=28151"}],"wp:term":[{"taxonomy":"category","embeddable":true,"href":"https:\/\/tintafresca.net\/index.php\/wp-json\/wp\/v2\/categories?post=28151"},{"taxonomy":"post_tag","embeddable":true,"href":"https:\/\/tintafresca.net\/index.php\/wp-json\/wp\/v2\/tags?post=28151"}],"curies":[{"name":"wp","href":"https:\/\/api.w.org\/{rel}","templated":true}]}}