{"id":28183,"date":"2023-06-23T12:47:07","date_gmt":"2023-06-23T12:47:07","guid":{"rendered":"https:\/\/tintafresca.net\/?p=28183"},"modified":"2023-06-23T12:50:31","modified_gmt":"2023-06-23T12:50:31","slug":"centro-hospitalar-do-oeste-cria-centro-de-responsabilidade-integrado-de-oftalmologia","status":"publish","type":"post","link":"https:\/\/tintafresca.net\/index.php\/2023\/06\/23\/centro-hospitalar-do-oeste-cria-centro-de-responsabilidade-integrado-de-oftalmologia\/","title":{"rendered":"Centro Hospitalar do Oeste cria Centro de Responsabilidade Integrado de Oftalmologia"},"content":{"rendered":"<div id=\"attachment_28185\" style=\"width: 510px\" class=\"wp-caption alignleft\"><img loading=\"lazy\" decoding=\"async\" aria-describedby=\"caption-attachment-28185\" class=\"wp-image-28185 size-full\" src=\"https:\/\/tintafresca.net\/wp-content\/uploads\/2023\/06\/CHO_Elementos-equipa-CRIO.O10.jpg\" alt=\"\" width=\"500\" height=\"309\" srcset=\"https:\/\/tintafresca.net\/wp-content\/uploads\/2023\/06\/CHO_Elementos-equipa-CRIO.O10.jpg 500w, https:\/\/tintafresca.net\/wp-content\/uploads\/2023\/06\/CHO_Elementos-equipa-CRIO.O10-300x185.jpg 300w\" sizes=\"auto, (max-width: 500px) 100vw, 500px\" \/><p id=\"caption-attachment-28185\" class=\"wp-caption-text\">Equipa do CRIO Oeste<\/p><\/div>\n<p>O Centro Hospitalar do Oeste criou um novo Centro de Responsabilidade Integrado de Oftalmologia do Oeste (CRIO.O), que tem como objetivo potenciar o aumento de consultas e cirurgias na especialidade de oftalmologia, e diminuir as listas de espera de forma mais eficaz, respondendo \u00e0s necessidades de sa\u00fade visual dos utentes dos concelhos da \u00e1rea de abrang\u00eancia do CHOeste.<\/p>\n<p>Este CRI est\u00e1 vocacionado para prestar um atendimento oftalmol\u00f3gico em regime de ambulat\u00f3rio, dando prioridade aos utentes em idade pedi\u00e1trica, utentes diab\u00e9ticos e utentes com marcada diminui\u00e7\u00e3o da acuidade visual, nomeadamente em contexto de patologia prevalente como a Degeneresc\u00eancia Macular ligada \u00e0 idade ou a catarata. Nesse sentido, o CRIO.O pretende construir uma plataforma para a presta\u00e7\u00e3o de um atendimento oftalmol\u00f3gico de qualidade, direcionado para patologias agudas e cr\u00f3nicas, de elevada preval\u00eancia e complexidade, e que exigem cuidados complexos e diferenciados.<\/p>\n<p>O Centro de Responsabilidade Integrado de Oftalmologia do Oeste (CRIO.O) \u00e9 dirigido por um conselho de gest\u00e3o constitu\u00eddo pelo Dr. Pedro Alfaiate, diretor do Servi\u00e7o de Oftalmologia do CHOeste, e pelas vogais Dra. Maria Jos\u00e9 Mira e Enf.\u00aa Teresa Leal, e composto por uma equipa dedicada multidisciplinar de 16 profissionais de diferentes categorias e compet\u00eancias.<\/p>\n<p>Segundo Pedro Alfaiate, diretor do CRIO.O, este novo modelo de gest\u00e3o permitir\u00e1 expandir o desempenho da atividade assistencial, que se reveste de uma elevada import\u00e2ncia, sobretudo agora, em que a procura pelos cuidados de sa\u00fade no SNS est\u00e1 a aumentar. Nesse sentido, estima que durante o primeiro ano de atividade do CRIO.O, possam ser realizadas mais de 2.200 cirurgias e mais de 7.700 consultas.<\/p>\n<p>Acrescenta ainda que a cria\u00e7\u00e3o do CRIO.O \u00e9 de capital import\u00e2ncia para expandir a atividade e diferencia\u00e7\u00e3o no Servi\u00e7o de Oftalmologia, quer pelos recursos a incentivos aos profissionais que j\u00e1 s\u00e3o colaboradores, quer pela vinda de novos profissionais que se possam sentir estimulados pelo modelo de incentivos e\/ou postura vanguardista da organiza\u00e7\u00e3o.<\/p>\n<p>Recorde-se que este \u00e9 o terceiro Centro de Responsabilidade criado no CHOeste, sendo que os dois primeiros foram criados em 2020, nas \u00e1reas da Pneumologia e da Psiquiatria e Sa\u00fade Mental.<\/p>\n<p>Para o Conselho de Administra\u00e7\u00e3o do Centro Hospitalar do Oeste, estas estruturas de gest\u00e3o permitem dar respostas assistenciais mais flex\u00edveis e de maior proximidade, em articula\u00e7\u00e3o com os cuidados de sa\u00fade prim\u00e1rios, particularmente \u00fateis para ajustar o modelo de presta\u00e7\u00e3o de cuidados \u00e0s necessidades dos utentes. Ao mesmo tempo, ser\u00e1 poss\u00edvel atribuir \u00e0s equipas envolvidas mais autonomia e responsabilidade para rentabilizar a capacidade instalada e cumprir os tempos de resposta, centrados nas necessidades dos utentes e com incentivo \u00e0 melhoria cont\u00ednua.<\/p>\n<p>O Centro Hospitalar do Oeste integra os hospitais de Caldas da Rainha, Peniche e Torres Vedras, tendo uma \u00e1rea de influ\u00eancia constitu\u00edda pelas popula\u00e7\u00f5es dos concelhos de Caldas da Rainha, \u00d3bidos, Peniche, Bombarral, Torres Vedras, Cadaval e Lourinh\u00e3 e de parte dos concelhos de Alcoba\u00e7a (freguesias de Alfeizer\u00e3o, Benedita e S\u00e3o Martinho do Porto) e de Mafra (com exce\u00e7\u00e3o das freguesias de Malveira, Milharado, Santo Est\u00eav\u00e3o das Gal\u00e9s e Venda do Pinheiro), abrangendo 298.390 habitantes.<\/p>\n<p><strong> Fonte: GC|CHO<\/strong><\/p>\n","protected":false},"excerpt":{"rendered":"<p>O Centro Hospitalar do Oeste criou um novo Centro de Responsabilidade Integrado de Oftalmologia do Oeste (CRIO.O), que tem como objetivo potenciar o aumento de consultas e cirurgias na especialidade de oftalmologia, e diminuir as listas de espera de forma mais eficaz, respondendo \u00e0s necessidades de sa\u00fade visual dos utentes dos concelhos da \u00e1rea de [&hellip;]<\/p>\n","protected":false},"author":2,"featured_media":28186,"comment_status":"open","ping_status":"open","sticky":false,"template":"","format":"standard","meta":{"footnotes":""},"categories":[6],"tags":[],"class_list":["post-28183","post","type-post","status-publish","format-standard","has-post-thumbnail","hentry","category-saude"],"_links":{"self":[{"href":"https:\/\/tintafresca.net\/index.php\/wp-json\/wp\/v2\/posts\/28183","targetHints":{"allow":["GET"]}}],"collection":[{"href":"https:\/\/tintafresca.net\/index.php\/wp-json\/wp\/v2\/posts"}],"about":[{"href":"https:\/\/tintafresca.net\/index.php\/wp-json\/wp\/v2\/types\/post"}],"author":[{"embeddable":true,"href":"https:\/\/tintafresca.net\/index.php\/wp-json\/wp\/v2\/users\/2"}],"replies":[{"embeddable":true,"href":"https:\/\/tintafresca.net\/index.php\/wp-json\/wp\/v2\/comments?post=28183"}],"version-history":[{"count":2,"href":"https:\/\/tintafresca.net\/index.php\/wp-json\/wp\/v2\/posts\/28183\/revisions"}],"predecessor-version":[{"id":28187,"href":"https:\/\/tintafresca.net\/index.php\/wp-json\/wp\/v2\/posts\/28183\/revisions\/28187"}],"wp:featuredmedia":[{"embeddable":true,"href":"https:\/\/tintafresca.net\/index.php\/wp-json\/wp\/v2\/media\/28186"}],"wp:attachment":[{"href":"https:\/\/tintafresca.net\/index.php\/wp-json\/wp\/v2\/media?parent=28183"}],"wp:term":[{"taxonomy":"category","embeddable":true,"href":"https:\/\/tintafresca.net\/index.php\/wp-json\/wp\/v2\/categories?post=28183"},{"taxonomy":"post_tag","embeddable":true,"href":"https:\/\/tintafresca.net\/index.php\/wp-json\/wp\/v2\/tags?post=28183"}],"curies":[{"name":"wp","href":"https:\/\/api.w.org\/{rel}","templated":true}]}}