{"id":28196,"date":"2023-06-23T17:30:14","date_gmt":"2023-06-23T17:30:14","guid":{"rendered":"https:\/\/tintafresca.net\/?p=28196"},"modified":"2023-06-23T17:41:05","modified_gmt":"2023-06-23T17:41:05","slug":"estacoes-nauticas-mostram-a-sua-oferta-e-preparam-futuro","status":"publish","type":"post","link":"https:\/\/tintafresca.net\/index.php\/2023\/06\/23\/estacoes-nauticas-mostram-a-sua-oferta-e-preparam-futuro\/","title":{"rendered":"Esta\u00e7\u00f5es N\u00e1uticas mostram a sua oferta e preparam futuro na Foz do Arelho"},"content":{"rendered":"<div id=\"attachment_28198\" style=\"width: 510px\" class=\"wp-caption alignleft\"><img loading=\"lazy\" decoding=\"async\" aria-describedby=\"caption-attachment-28198\" class=\"wp-image-28198 size-full\" src=\"https:\/\/tintafresca.net\/wp-content\/uploads\/2023\/06\/Obidos_Estacoes_Nauticas10.jpg\" alt=\"\" width=\"500\" height=\"281\" srcset=\"https:\/\/tintafresca.net\/wp-content\/uploads\/2023\/06\/Obidos_Estacoes_Nauticas10.jpg 500w, https:\/\/tintafresca.net\/wp-content\/uploads\/2023\/06\/Obidos_Estacoes_Nauticas10-300x169.jpg 300w\" sizes=\"auto, (max-width: 500px) 100vw, 500px\" \/><p id=\"caption-attachment-28198\" class=\"wp-caption-text\">Cartaz<\/p><\/div>\n<p>A Rede das Esta\u00e7\u00f5es N\u00e1uticas (EN) apresenta o evento \u201cWater Fun in Portugal by Nautical Portugal\u201d, no que ser\u00e1 a Jornada de Encerramento do Projeto de Internacionaliza\u00e7\u00e3o, esta segunda-feira, dia 26 de junho, na Lagoa de \u00d3bidos &#8211; Foz do Arelho, pelas 10h (programa <u><a href=\"https:\/\/drive.google.com\/drive\/folders\/1pyURZ3wjz9wvEB4TELP3BKDj-AEym2O7?usp=sharing\">\u00a0aqui<\/a>)<\/u> Estar\u00e1 dispon\u00edvel a toda a oferta de atividades n\u00e1uticas, incluindo pranchas de surf com <em>foil <\/em>el\u00e9trico. O evento inclui experi\u00eancia de balonismo, em parceria com o munic\u00edpio do Alandroal, integrando a n\u00e1utica com outros produtos tur\u00edsticos de natureza. O secret\u00e1rio de Estado do Turismo, Com\u00e9rcio e Servi\u00e7os, presidentes das Regi\u00f5es de Turismo, presidente da CCDR do Centro, entre outros oradores de destaque, s\u00e3o convidados.<\/p>\n<p>Este evento tem como principal objetivo fazer o balan\u00e7o das atividades e perspetivar o futuro das EN e ir\u00e1 ser dividido em dois momentos: de manh\u00e3, na Lagoa de \u00d3bidos, onde, logo cedinho, ir\u00e1 ser disponibilizada uma experi\u00eancia \u00fanica de Balonismo, em parceria com a Esta\u00e7\u00e3o N\u00e1utica de Alandroal, seguida pela disponibiliza\u00e7\u00e3o da oferta das Esta\u00e7\u00f5es N\u00e1uticas ao n\u00edvel das atividades n\u00e1uticas, nomeadamente pranchas de surf com <em>foil<\/em> el\u00e9trico, canoagem, remo, windsurf, surf, stand up paddle, vela, waterbike, entre outras; e a tarde, onde ser\u00e1 feita a apresenta\u00e7\u00e3o dos resultados da internacionaliza\u00e7\u00e3o por diversos parceiros e debater o futuro das Esta\u00e7\u00f5es N\u00e1uticas.<\/p>\n<p>As experi\u00eancias n\u00e1uticas contar\u00e3o com a participa\u00e7\u00e3o de Embaixadores das Esta\u00e7\u00f5es N\u00e1uticas em v\u00e1rias modalidades e de atletas que t\u00eam representado as cores de Portugal al\u00e9m-fronteiras. De entre eles, <strong>Pedro Fra<\/strong>ga, remador ol\u00edmpico, e <strong>Kevin Santos<\/strong> da equipa portuguesa de Canoagem s\u00e3o presen\u00e7as confirmadas. O <em>e-foil<\/em> estar\u00e1 presente atrav\u00e9s da <em>waterwoman<\/em> <strong>Isa Sebasti\u00e3o<\/strong>, detentora do record mundial inscrito no Guiness de 24 horas em cima de uma prancha de SUP (stand uppaddle), numa travessia de 170 kms no rio Sado. Destaque tamb\u00e9m para a produ\u00e7\u00e3o nacional por parceiros das Esta\u00e7\u00f5es N\u00e1uticas com a disponibiliza\u00e7\u00e3o de embarca\u00e7\u00f5es de canoagem e de remo pela marca \u201cNelo\u201d e de pranchas em madeira para <em>stand up paddle<\/em> e surf, da Picapeixe e da Yoni, respectivamente.<\/p>\n<p>Recorde-se que a internacionaliza\u00e7\u00e3o das EN &#8211; Projeto IREN &#8211; teve como mercados-alvo Fran\u00e7a, Alemanha e Pa\u00edses Baixos, tendo como objetivo divulgar a oferta da rede e atrair pessoas al\u00e9m-fronteiras. Durante o evento, ser\u00e3o divulgados os resultados do projeto e preparados os caminhos do futuro das Esta\u00e7\u00f5es N\u00e1uticas no quadro Portugal 2030.<\/p>\n<p>A jornada de encerramento conta com a colabora\u00e7\u00e3o\u00a0 da Esta\u00e7\u00e3o N\u00e1utica do Oeste, da C\u00e2mara da Caldas da Rainha, da\u00a0 Entidade Regional de Turismo (ERT) e da Ag\u00eancia Regional de Promo\u00e7\u00e3o Tur\u00edstica (ARPT) \/ Centro de Portugal e pretende juntar as Coordena\u00e7\u00f5es das Esta\u00e7\u00f5es N\u00e1uticas certificadas e em processo de certifica\u00e7\u00e3o, Munic\u00edpios\/CIM com manifesta\u00e7\u00f5es de interesse para certifica\u00e7\u00e3o e empresas parceiras do projeto de internacionaliza\u00e7\u00e3o.<\/p>\n<p><strong>Mais 40 Esta\u00e7\u00f5es N\u00e1uticas certificadas previstas at\u00e9 2024<\/strong><\/p>\n<p>Prev\u00ea-se que, at\u00e9 ao final de 2024, o n\u00famero de Esta\u00e7\u00f5es N\u00e1uticas certificadas poder\u00e1 rondar as 40 esta\u00e7\u00f5es n\u00e1uticas. Em 2023 foram j\u00e1 certificadas mais tr\u00eas EN, estando mais de uma dezena de manifesta\u00e7\u00f5es de interesse de ades\u00e3o e candidaturas a caminho, com preponder\u00e2ncia para o interior. No total, s\u00e3o j\u00e1 32 as Esta\u00e7\u00f5es N\u00e1uticas certificadas Toda a oferta pode ser lida na <u><a href=\"https:\/\/www.nauticalportugal.com\/\">Plataforma Nautical Portugal<\/a><\/u>.<\/p>\n<p><strong>Apresenta\u00e7\u00e3o dos resultados da Internacionaliza\u00e7\u00e3o<\/strong><\/p>\n<p>A Internacionaliza\u00e7\u00e3o da Rede das Esta\u00e7\u00f5es N\u00e1uticas de Portugal foi apresentada na BTL 2023, tendo como miss\u00e3o promover a oferta da rede junto de operadores tur\u00edsticos, media, clubes n\u00e1uticos, federa\u00e7\u00f5es de desportos n\u00e1uticos, marinas, entre outros atores do sector n\u00e1utico, dos tr\u00eas mercados selecionados (Fran\u00e7a, Alemanha e Pa\u00edses Baixos).<\/p>\n<p>O projeto concretizou-se em iniciativas de promo\u00e7\u00e3o junto de prospetores internacionais, com a realiza\u00e7\u00e3o de a\u00e7\u00f5es de charme nos mercados selecionados e de tr\u00eas fam trips para a apresenta\u00e7\u00e3o da oferta da rede no dom\u00ednio da n\u00e1utica nos mercados escolhidos.<\/p>\n<p>Financiado pelo Compete, o processo de internacionaliza\u00e7\u00e3o envolveu\u00a0 130 micro e pequenas empresas com produto estruturado para o mercado internacional, tendo a oferta sido promovida como produto tur\u00edstico integrado (alojamento, servi\u00e7os n\u00e1uticos, gastronomia\u2026).<\/p>\n<p>&#8220;Esta jornada de encerramento ir\u00e1 ser, sem sombra de d\u00favida, ser um dia ativo, no nosso meio privilegiado: a \u00c1GUA. Reunimos toda a oferta das atividades das Esta\u00e7\u00f5es N\u00e1uticas, acrescida de uma experi\u00eancia \u00fanica de balonismo, bem como os intervenientes no caminho das Esta\u00e7\u00f5es N\u00e1uticas, para fazer um balan\u00e7o da internacionaliza\u00e7\u00e3o e debater caminhos futuros&#8221;, refere Ant\u00f3nio Jos\u00e9 Correia, coordenador das Esta\u00e7\u00f5es N\u00e1uticas.<\/p>\n<p>&nbsp;<\/p>\n<p><strong>Esta\u00e7\u00f5es N\u00e1uticas em cinco zonas do pa\u00eds<\/strong><\/p>\n<p>&nbsp;<\/p>\n<p>As 32 Esta\u00e7\u00f5es N\u00e1uticas de Portugal, de Norte a Sul e do Interior ao Litoral est\u00e3o agrupadas por cinco zonas: Porto e Norte; Centro; Lisboa; Alentejo; Algarve,\u00a0 com diferencia\u00e7\u00e3o de \u00e1guas costeiras e \u00e1guas interiores. A saber:<\/p>\n<p>&nbsp;<\/p>\n<p>Na Regi\u00e3o do Porto e Norte contabilizam-se 11 Esta\u00e7\u00f5es N\u00e1uticas: Alij\u00f3 (interior), Alto Minho (interior\/litoral), Cabeceiras de Basto (interior), Espinho (litoral), Foz C\u00f4a (interior), Esposende (litoral), Macedo de Cavaleiros (interior), Matosinhos (litoral), P\u00f3voa de Varzim (litoral), Vila do Conde (litoral) e Vila Verde (interior).<\/p>\n<p>&nbsp;<\/p>\n<p>Na regi\u00e3o do Centro de Portugal existem oito Esta\u00e7\u00f5es N\u00e1uticas: Aveiro (litoral), Castelo do Bode (interior), Estarreja (litoral), \u00cdlhavo (litoral), Murtosa (litoral), Oeste (litoral), Ovar (litoral) e Vagos (litoral).<\/p>\n<p>&nbsp;<\/p>\n<p>Em Lisboa existem duas Esta\u00e7\u00f5es N\u00e1uticas: Litoral de Cascais (litoral) e Sesimbra (litoral).<\/p>\n<p>&nbsp;<\/p>\n<p>Na regi\u00e3o do Alentejo e Ribatejo contabilizam-se sete Esta\u00e7\u00f5es N\u00e1uticas nomeadamente: Alandroal (interior), Avis (interior), Moura-Alqueva (interior), M\u00e9rtola (interior), Odemira (litoral), Monsaraz (interior) e Sines (litoral).<\/p>\n<p>Por fim, no Algarve existem quatro Esta\u00e7\u00f5es N\u00e1uticas: Portim\u00e3o (litoral), Vilamoura (litoral), Lagos (litoral) e Faro (litoral).<\/p>\n<p><strong>\u00a0<\/strong><\/p>\n<p><u>Sobre o F\u00f3rum Oceano<\/u><\/p>\n<p>&nbsp;<\/p>\n<p>O F\u00f3rum Oceano \u00e9 a entidade que gere o Cluster do Mar Portugu\u00eas.<\/p>\n<p>&nbsp;<\/p>\n<p>A nossa Miss\u00e3o \u00e9 refor\u00e7ar din\u00e2micas de coopera\u00e7\u00e3o estrat\u00e9gica entre atores \u2013 empresas, centros de IDT, institui\u00e7\u00f5es de ensino superior, organismos da Administra\u00e7\u00e3o P\u00fablica \u2013 para promover a inova\u00e7\u00e3o, o emprego qualificado e a competitividade das empresas que utilizam o Mar e os recursos marinhos como elementos centrais da sua atividade.<\/p>\n<p>&nbsp;<\/p>\n<p>No \u00e2mbito da nossa Miss\u00e3o pretendemos contribuir para a digitaliza\u00e7\u00e3o, a descarboniza\u00e7\u00e3o e a circularidade dos processos produtivos da Economia do Mar.<\/p>\n<p>&nbsp;<\/p>\n<p><u>Sobre as Esta\u00e7\u00f5es N\u00e1uticas\u00a0\u00a0<\/u><\/p>\n<p><u>\u00a0<\/u><\/p>\n<p>No seguimento dos resultados do projeto Portugal N\u00e1utico desenvolvido pela Associa\u00e7\u00e3o Empresarial de Portugal (AEP) em coopera\u00e7\u00e3o com o F\u00f3rum Oceano, foi criado o Grupo Dinamizador do Portugal N\u00e1utico. Constitu\u00eddo no \u00e2mbito do F\u00f3rum Oceano e aberto \u00e0 participa\u00e7\u00e3o volunt\u00e1ria de todas as entidades interessadas, o Grupo prop\u00f5e-se a dinamizar a fileira do turismo n\u00e1utico em Portugal.<\/p>\n<p>&nbsp;<\/p>\n<p>Neste contexto, avan\u00e7ou com um trabalho com vista ao desenvolvimento, promo\u00e7\u00e3o e certifica\u00e7\u00e3o de Esta\u00e7\u00f5es N\u00e1uticas em Portugal.<\/p>\n<p>&nbsp;<\/p>\n<p>Reconhecendo a valia dos recursos e o potencial que Portugal apresenta na \u00e1rea do turismo n\u00e1utico e tendo como exemplo as experi\u00eancias existentes em Fran\u00e7a e em Espanha, foi redigido um regulamento para a certifica\u00e7\u00e3o das Esta\u00e7\u00f5es N\u00e1uticas, que beneficiou igualmente do enquadramento fornecido pela FEDETON \u2013 F\u00e9d\u00e9ration Europ\u00e9enne de Destinations Touristiques Nautiques, entidade gestora da rede internacional das esta\u00e7\u00f5es n\u00e1uticas, da qual a F\u00f3rum Oceano \u00e9 membro desde 2016.<\/p>\n","protected":false},"excerpt":{"rendered":"<p>A Rede das Esta\u00e7\u00f5es N\u00e1uticas (EN) apresenta o evento \u201cWater Fun in Portugal by Nautical Portugal\u201d, no que ser\u00e1 a Jornada de Encerramento do Projeto de Internacionaliza\u00e7\u00e3o, esta segunda-feira, dia 26 de junho, na Lagoa de \u00d3bidos &#8211; Foz do Arelho, pelas 10h (programa \u00a0aqui) Estar\u00e1 dispon\u00edvel a toda a oferta de atividades n\u00e1uticas, incluindo [&hellip;]<\/p>\n","protected":false},"author":2,"featured_media":28199,"comment_status":"open","ping_status":"open","sticky":false,"template":"","format":"standard","meta":{"footnotes":""},"categories":[7],"tags":[],"class_list":["post-28196","post","type-post","status-publish","format-standard","has-post-thumbnail","hentry","category-economia"],"_links":{"self":[{"href":"https:\/\/tintafresca.net\/index.php\/wp-json\/wp\/v2\/posts\/28196","targetHints":{"allow":["GET"]}}],"collection":[{"href":"https:\/\/tintafresca.net\/index.php\/wp-json\/wp\/v2\/posts"}],"about":[{"href":"https:\/\/tintafresca.net\/index.php\/wp-json\/wp\/v2\/types\/post"}],"author":[{"embeddable":true,"href":"https:\/\/tintafresca.net\/index.php\/wp-json\/wp\/v2\/users\/2"}],"replies":[{"embeddable":true,"href":"https:\/\/tintafresca.net\/index.php\/wp-json\/wp\/v2\/comments?post=28196"}],"version-history":[{"count":3,"href":"https:\/\/tintafresca.net\/index.php\/wp-json\/wp\/v2\/posts\/28196\/revisions"}],"predecessor-version":[{"id":28201,"href":"https:\/\/tintafresca.net\/index.php\/wp-json\/wp\/v2\/posts\/28196\/revisions\/28201"}],"wp:featuredmedia":[{"embeddable":true,"href":"https:\/\/tintafresca.net\/index.php\/wp-json\/wp\/v2\/media\/28199"}],"wp:attachment":[{"href":"https:\/\/tintafresca.net\/index.php\/wp-json\/wp\/v2\/media?parent=28196"}],"wp:term":[{"taxonomy":"category","embeddable":true,"href":"https:\/\/tintafresca.net\/index.php\/wp-json\/wp\/v2\/categories?post=28196"},{"taxonomy":"post_tag","embeddable":true,"href":"https:\/\/tintafresca.net\/index.php\/wp-json\/wp\/v2\/tags?post=28196"}],"curies":[{"name":"wp","href":"https:\/\/api.w.org\/{rel}","templated":true}]}}