{"id":28219,"date":"2023-06-24T22:06:04","date_gmt":"2023-06-24T22:06:04","guid":{"rendered":"https:\/\/tintafresca.net\/?p=28219"},"modified":"2023-06-24T22:12:15","modified_gmt":"2023-06-24T22:12:15","slug":"municipio-de-ourem-vai-apoiar-aquisicao-de-colonias-de-abelhas-para-retoma-da-atividade-apicola","status":"publish","type":"post","link":"https:\/\/tintafresca.net\/index.php\/2023\/06\/24\/municipio-de-ourem-vai-apoiar-aquisicao-de-colonias-de-abelhas-para-retoma-da-atividade-apicola\/","title":{"rendered":"Munic\u00edpio de Our\u00e9m vai apoiar aquisi\u00e7\u00e3o de col\u00f3nias de abelhas para retoma da atividade ap\u00edcola"},"content":{"rendered":"<p><img loading=\"lazy\" decoding=\"async\" class=\"alignleft wp-image-28221 size-full\" src=\"https:\/\/tintafresca.net\/wp-content\/uploads\/2023\/06\/Apicultores.png\" alt=\"\" width=\"395\" height=\"284\" srcset=\"https:\/\/tintafresca.net\/wp-content\/uploads\/2023\/06\/Apicultores.png 395w, https:\/\/tintafresca.net\/wp-content\/uploads\/2023\/06\/Apicultores-300x216.png 300w\" sizes=\"auto, (max-width: 395px) 100vw, 395px\" \/>A C\u00e2mara Municipal de Our\u00e9m aprovou uma proposta de protocolo a firmar com a Associa\u00e7\u00e3o de Apicultores da Regi\u00e3o de Leiria, Ribatejo e Oeste, que vai viabilizar a aquisi\u00e7\u00e3o de col\u00f3nias de abelhas, contribuindo para o equil\u00edbrio do ecossistema e para a retoma da atividade ap\u00edcola na regi\u00e3o.<\/p>\n<p>Segundo a Associa\u00e7\u00e3o de Apicultores da Regi\u00e3o de Leiria, Ribatejo e Oeste, Our\u00e9m perdeu recentemente 1717 colmeias de 30 apicultores, o correspondente a aproximadamente 1.717.000 abelhas, essencialmente devido aos inc\u00eandios que atingiram o territ\u00f3rio e tamb\u00e9m \u00e0 a\u00e7\u00e3o da vespa velutina. As abelhas s\u00e3o essenciais para polinizarem as \u00e1rvores de fruto e outras esp\u00e9cies, pelo que este decr\u00e9scimo se torna muito preocupante para o equil\u00edbrio do ecossistema. Neste contexto, a autarquia vai disponibilizar um apoio financeiro at\u00e9 ao montante de mil e quinhentos euros para permitir a aquisi\u00e7\u00e3o de col\u00f3nias de abelhas pela Associa\u00e7\u00e3o de Apicultores da Regi\u00e3o de Leiria, Ribatejo e Oeste.<\/p>\n<p>A Associa\u00e7\u00e3o de Apicultores da Regi\u00e3o de Leiria, Ribatejo e Oeste \u00e9 uma organiza\u00e7\u00e3o sem fins lucrativos, constitu\u00edda em 7 de dezembro de 1989, que visa o apoio t\u00e9cnico e consultoria aos apicultores da regi\u00e3o, a forma\u00e7\u00e3o, o encaminhamento e liga\u00e7\u00e3o com entidades reguladoras, assim como o registo do apicultor e da sua explora\u00e7\u00e3o, entre outras atividades.<\/p>\n","protected":false},"excerpt":{"rendered":"<p>A C\u00e2mara Municipal de Our\u00e9m aprovou uma proposta de protocolo a firmar com a Associa\u00e7\u00e3o de Apicultores da Regi\u00e3o de Leiria, Ribatejo e Oeste, que vai viabilizar a aquisi\u00e7\u00e3o de col\u00f3nias de abelhas, contribuindo para o equil\u00edbrio do ecossistema e para a retoma da atividade ap\u00edcola na regi\u00e3o. Segundo a Associa\u00e7\u00e3o de Apicultores da Regi\u00e3o [&hellip;]<\/p>\n","protected":false},"author":2,"featured_media":28222,"comment_status":"open","ping_status":"open","sticky":false,"template":"","format":"standard","meta":{"footnotes":""},"categories":[9,7],"tags":[],"class_list":["post-28219","post","type-post","status-publish","format-standard","has-post-thumbnail","hentry","category-ambiente","category-economia"],"_links":{"self":[{"href":"https:\/\/tintafresca.net\/index.php\/wp-json\/wp\/v2\/posts\/28219","targetHints":{"allow":["GET"]}}],"collection":[{"href":"https:\/\/tintafresca.net\/index.php\/wp-json\/wp\/v2\/posts"}],"about":[{"href":"https:\/\/tintafresca.net\/index.php\/wp-json\/wp\/v2\/types\/post"}],"author":[{"embeddable":true,"href":"https:\/\/tintafresca.net\/index.php\/wp-json\/wp\/v2\/users\/2"}],"replies":[{"embeddable":true,"href":"https:\/\/tintafresca.net\/index.php\/wp-json\/wp\/v2\/comments?post=28219"}],"version-history":[{"count":2,"href":"https:\/\/tintafresca.net\/index.php\/wp-json\/wp\/v2\/posts\/28219\/revisions"}],"predecessor-version":[{"id":28223,"href":"https:\/\/tintafresca.net\/index.php\/wp-json\/wp\/v2\/posts\/28219\/revisions\/28223"}],"wp:featuredmedia":[{"embeddable":true,"href":"https:\/\/tintafresca.net\/index.php\/wp-json\/wp\/v2\/media\/28222"}],"wp:attachment":[{"href":"https:\/\/tintafresca.net\/index.php\/wp-json\/wp\/v2\/media?parent=28219"}],"wp:term":[{"taxonomy":"category","embeddable":true,"href":"https:\/\/tintafresca.net\/index.php\/wp-json\/wp\/v2\/categories?post=28219"},{"taxonomy":"post_tag","embeddable":true,"href":"https:\/\/tintafresca.net\/index.php\/wp-json\/wp\/v2\/tags?post=28219"}],"curies":[{"name":"wp","href":"https:\/\/api.w.org\/{rel}","templated":true}]}}