{"id":28250,"date":"2023-06-26T19:31:50","date_gmt":"2023-06-26T19:31:50","guid":{"rendered":"https:\/\/tintafresca.net\/?p=28250"},"modified":"2023-06-26T19:41:23","modified_gmt":"2023-06-26T19:41:23","slug":"nerlei-reconhecida-como-camara-de-comercio-e-industria-do-distrito-de-leiria","status":"publish","type":"post","link":"https:\/\/tintafresca.net\/index.php\/2023\/06\/26\/nerlei-reconhecida-como-camara-de-comercio-e-industria-do-distrito-de-leiria\/","title":{"rendered":"Nerlei reconhecida como C\u00e2mara de Com\u00e9rcio e Ind\u00fastria do Distrito de Leiria"},"content":{"rendered":"<div id=\"attachment_9440\" style=\"width: 510px\" class=\"wp-caption alignleft\"><img loading=\"lazy\" decoding=\"async\" aria-describedby=\"caption-attachment-9440\" class=\"wp-image-9440 size-full\" src=\"https:\/\/tintafresca.net\/wp-content\/uploads\/2021\/10\/Nerlei_2010.jpg\" alt=\"\" width=\"500\" height=\"375\" srcset=\"https:\/\/tintafresca.net\/wp-content\/uploads\/2021\/10\/Nerlei_2010.jpg 500w, https:\/\/tintafresca.net\/wp-content\/uploads\/2021\/10\/Nerlei_2010-300x225.jpg 300w\" sizes=\"auto, (max-width: 500px) 100vw, 500px\" \/><p id=\"caption-attachment-9440\" class=\"wp-caption-text\">Sede da Nerlei<\/p><\/div>\n<p>Foi publicado esta segunda-feira, dia 26 de junho de 2023, em Di\u00e1rio da Rep\u00fablica, a Portaria n.\u00ba 176\/2023, do Minist\u00e9rio da Economia e do Mar, que reconhece a NERLEI \u2013 Associa\u00e7\u00e3o Empresarial da Regi\u00e3o de Leiria, como C\u00e2mara de Com\u00e9rcio e Ind\u00fastria.<\/p>\n<p>A Portaria tem efeitos no dia seguinte \u00e0 publica\u00e7\u00e3o, o que significa que a partir de amanh\u00e3, dia 27 de junho, a NERLEI passar\u00e1 a ser a C\u00e2mara de Com\u00e9rcio e Ind\u00fastria do Distrito de Leiria.<\/p>\n<p>Enquanto C\u00e2mara de Com\u00e9rcio e Ind\u00fastria \u00e9 objetivo da NERLEI refor\u00e7ar o relacionamento institucional com institui\u00e7\u00f5es europeias e outras entidades que apoiam a atividade das empresas nos v\u00e1rios mercados. De facto, o acesso da NERLEI \u00e0 rede de C\u00e2maras de Com\u00e9rcio e Ind\u00fastria de todo o mundo ir\u00e1 permitir disponibilizar ao tecido empresarial uma vasta rede de contatos e oportunidades de neg\u00f3cios, os quais possibilitar\u00e3o aumentar a atividade internacional das empresas que representa.<\/p>\n<p>Ant\u00f3nio Po\u00e7as, presidente da Dire\u00e7\u00e3o da NERLEI refere que \u201cUm dia depois de a NERLEI completar 38 anos de atividade (a 25 de junho) \u00e9 uma satisfa\u00e7\u00e3o enorme vermos reconhecido o trabalho que todos, ao longo destes 38 anos, desenvolveram: desde membros dos \u00f3rg\u00e3os sociais e colaboradores, a todos os associados e parceiros, que nos ajudam a desenvolver o nosso trabalho. Temos agora uma responsabilidade acrescida e tudo faremos para estar \u00e0 altura deste novo desafio\u201d.<\/p>\n<p>Al\u00e9m das fun\u00e7\u00f5es j\u00e1 desempenhadas de \u201cdefesa dos interesses e representa\u00e7\u00e3o dos seus associados a n\u00edvel local, nacional ou internacional\u201d e da \u201cpresta\u00e7\u00e3o de servi\u00e7os aos seus associados e aos agentes econ\u00f3micos em geral, dentro do seu \u00e2mbito\u201d este estatuto atribui tamb\u00e9m \u00e0 NERLEI a fun\u00e7\u00e3o de \u201ccolabora\u00e7\u00e3o com a administra\u00e7\u00e3o central, regional ou local na prossecu\u00e7\u00e3o do interesse p\u00fablico\u201d.<\/p>\n<p><strong>\u00a0 \u00a0Sobre a Nerlei<\/strong><\/p>\n<p>Fundada em 1985 e, atualmente, com cerca de 1000 associados a NERLEI \u00e9 a associa\u00e7\u00e3o que representa o tecido empresarial da Regi\u00e3o de Leiria e tem como miss\u00e3o principal prestar servi\u00e7os \u00fateis que contribuam positivamente para os resultados alcan\u00e7ados pelas empresas, fortalecendo o tecido empresarial e promovendo o desenvolvimento econ\u00f3mico e social da regi\u00e3o de Leiria e, por essa via, de Portugal.<\/p>\n<p><strong>Fonte: Nerlei<\/strong><\/p>\n","protected":false},"excerpt":{"rendered":"<p>Foi publicado esta segunda-feira, dia 26 de junho de 2023, em Di\u00e1rio da Rep\u00fablica, a Portaria n.\u00ba 176\/2023, do Minist\u00e9rio da Economia e do Mar, que reconhece a NERLEI \u2013 Associa\u00e7\u00e3o Empresarial da Regi\u00e3o de Leiria, como C\u00e2mara de Com\u00e9rcio e Ind\u00fastria. A Portaria tem efeitos no dia seguinte \u00e0 publica\u00e7\u00e3o, o que significa que [&hellip;]<\/p>\n","protected":false},"author":2,"featured_media":9818,"comment_status":"open","ping_status":"open","sticky":false,"template":"","format":"standard","meta":{"footnotes":""},"categories":[7],"tags":[],"class_list":["post-28250","post","type-post","status-publish","format-standard","has-post-thumbnail","hentry","category-economia"],"_links":{"self":[{"href":"https:\/\/tintafresca.net\/index.php\/wp-json\/wp\/v2\/posts\/28250","targetHints":{"allow":["GET"]}}],"collection":[{"href":"https:\/\/tintafresca.net\/index.php\/wp-json\/wp\/v2\/posts"}],"about":[{"href":"https:\/\/tintafresca.net\/index.php\/wp-json\/wp\/v2\/types\/post"}],"author":[{"embeddable":true,"href":"https:\/\/tintafresca.net\/index.php\/wp-json\/wp\/v2\/users\/2"}],"replies":[{"embeddable":true,"href":"https:\/\/tintafresca.net\/index.php\/wp-json\/wp\/v2\/comments?post=28250"}],"version-history":[{"count":2,"href":"https:\/\/tintafresca.net\/index.php\/wp-json\/wp\/v2\/posts\/28250\/revisions"}],"predecessor-version":[{"id":28252,"href":"https:\/\/tintafresca.net\/index.php\/wp-json\/wp\/v2\/posts\/28250\/revisions\/28252"}],"wp:featuredmedia":[{"embeddable":true,"href":"https:\/\/tintafresca.net\/index.php\/wp-json\/wp\/v2\/media\/9818"}],"wp:attachment":[{"href":"https:\/\/tintafresca.net\/index.php\/wp-json\/wp\/v2\/media?parent=28250"}],"wp:term":[{"taxonomy":"category","embeddable":true,"href":"https:\/\/tintafresca.net\/index.php\/wp-json\/wp\/v2\/categories?post=28250"},{"taxonomy":"post_tag","embeddable":true,"href":"https:\/\/tintafresca.net\/index.php\/wp-json\/wp\/v2\/tags?post=28250"}],"curies":[{"name":"wp","href":"https:\/\/api.w.org\/{rel}","templated":true}]}}