{"id":28265,"date":"2023-06-26T21:29:26","date_gmt":"2023-06-26T21:29:26","guid":{"rendered":"https:\/\/tintafresca.net\/?p=28265"},"modified":"2023-06-26T21:35:21","modified_gmt":"2023-06-26T21:35:21","slug":"presidente-da-camara-municipal-de-santarem-visita-o-hospital-distrital-de-santarem","status":"publish","type":"post","link":"https:\/\/tintafresca.net\/index.php\/2023\/06\/26\/presidente-da-camara-municipal-de-santarem-visita-o-hospital-distrital-de-santarem\/","title":{"rendered":"Presidente da C\u00e2mara Municipal de Santar\u00e9m visita o Hospital Distrital de Santar\u00e9m"},"content":{"rendered":"<div id=\"attachment_28266\" style=\"width: 510px\" class=\"wp-caption alignleft\"><img loading=\"lazy\" decoding=\"async\" aria-describedby=\"caption-attachment-28266\" class=\"wp-image-28266 size-full\" src=\"https:\/\/tintafresca.net\/wp-content\/uploads\/2023\/06\/Santarem_HDS02.jpg\" alt=\"\" width=\"500\" height=\"333\" srcset=\"https:\/\/tintafresca.net\/wp-content\/uploads\/2023\/06\/Santarem_HDS02.jpg 500w, https:\/\/tintafresca.net\/wp-content\/uploads\/2023\/06\/Santarem_HDS02-300x200.jpg 300w\" sizes=\"auto, (max-width: 500px) 100vw, 500px\" \/><p id=\"caption-attachment-28266\" class=\"wp-caption-text\">Ricardo Gon\u00e7alves, Jo\u00e3o Leite e Ana Infante<\/p><\/div>\n<p>O presidente da C\u00e2mara Municipal de Santar\u00e9m, Ricardo Gon\u00e7alves, acompanhado de alguns dos vereadores do Munic\u00edpio, estiveram reunidos esta segunda-feira, dia 26 de junho, com o Conselho de Administra\u00e7\u00e3o do Hospital Distrital de Santar\u00e9m (HDS).<\/p>\n<p>Durante a reuni\u00e3o, foram abordados os principais constrangimentos do Hospital, nomeadamente no que respeita \u00e0 contrata\u00e7\u00e3o de m\u00e9dicos, tendo sido evidenciado o trabalho que tem vindo a ser desenvolvido nessa \u00e1rea.<\/p>\n<p>Os elementos do Conselho de Administra\u00e7\u00e3o apresentaram ainda os projetos a implementar e em curso no HDS.<\/p>\n<p><strong>\u00a0 \u00a0 \u00a0Fonte: HDS<\/strong><\/p>\n","protected":false},"excerpt":{"rendered":"<p>O presidente da C\u00e2mara Municipal de Santar\u00e9m, Ricardo Gon\u00e7alves, acompanhado de alguns dos vereadores do Munic\u00edpio, estiveram reunidos esta segunda-feira, dia 26 de junho, com o Conselho de Administra\u00e7\u00e3o do Hospital Distrital de Santar\u00e9m (HDS). Durante a reuni\u00e3o, foram abordados os principais constrangimentos do Hospital, nomeadamente no que respeita \u00e0 contrata\u00e7\u00e3o de m\u00e9dicos, tendo sido [&hellip;]<\/p>\n","protected":false},"author":2,"featured_media":28267,"comment_status":"open","ping_status":"open","sticky":false,"template":"","format":"standard","meta":{"footnotes":""},"categories":[6],"tags":[],"class_list":["post-28265","post","type-post","status-publish","format-standard","has-post-thumbnail","hentry","category-saude"],"_links":{"self":[{"href":"https:\/\/tintafresca.net\/index.php\/wp-json\/wp\/v2\/posts\/28265","targetHints":{"allow":["GET"]}}],"collection":[{"href":"https:\/\/tintafresca.net\/index.php\/wp-json\/wp\/v2\/posts"}],"about":[{"href":"https:\/\/tintafresca.net\/index.php\/wp-json\/wp\/v2\/types\/post"}],"author":[{"embeddable":true,"href":"https:\/\/tintafresca.net\/index.php\/wp-json\/wp\/v2\/users\/2"}],"replies":[{"embeddable":true,"href":"https:\/\/tintafresca.net\/index.php\/wp-json\/wp\/v2\/comments?post=28265"}],"version-history":[{"count":1,"href":"https:\/\/tintafresca.net\/index.php\/wp-json\/wp\/v2\/posts\/28265\/revisions"}],"predecessor-version":[{"id":28268,"href":"https:\/\/tintafresca.net\/index.php\/wp-json\/wp\/v2\/posts\/28265\/revisions\/28268"}],"wp:featuredmedia":[{"embeddable":true,"href":"https:\/\/tintafresca.net\/index.php\/wp-json\/wp\/v2\/media\/28267"}],"wp:attachment":[{"href":"https:\/\/tintafresca.net\/index.php\/wp-json\/wp\/v2\/media?parent=28265"}],"wp:term":[{"taxonomy":"category","embeddable":true,"href":"https:\/\/tintafresca.net\/index.php\/wp-json\/wp\/v2\/categories?post=28265"},{"taxonomy":"post_tag","embeddable":true,"href":"https:\/\/tintafresca.net\/index.php\/wp-json\/wp\/v2\/tags?post=28265"}],"curies":[{"name":"wp","href":"https:\/\/api.w.org\/{rel}","templated":true}]}}