{"id":28281,"date":"2023-06-27T17:10:30","date_gmt":"2023-06-27T17:10:30","guid":{"rendered":"https:\/\/tintafresca.net\/?p=28281"},"modified":"2023-06-28T22:35:33","modified_gmt":"2023-06-28T22:35:33","slug":"ministro-da-saude-anuncia-novo-hospital-do-oeste-no-bombarral","status":"publish","type":"post","link":"https:\/\/tintafresca.net\/index.php\/2023\/06\/27\/ministro-da-saude-anuncia-novo-hospital-do-oeste-no-bombarral\/","title":{"rendered":"Ministro da Sa\u00fade anuncia novo Hospital do Oeste no Bombarral"},"content":{"rendered":"<div id=\"attachment_7441\" style=\"width: 410px\" class=\"wp-caption alignleft\"><img loading=\"lazy\" decoding=\"async\" aria-describedby=\"caption-attachment-7441\" class=\"wp-image-7441\" src=\"https:\/\/tintafresca.net\/wp-content\/uploads\/2021\/08\/Caldas_CP40.jpg\" alt=\"\" width=\"400\" height=\"533\" \/><p id=\"caption-attachment-7441\" class=\"wp-caption-text\">Esta\u00e7\u00e3o da CP do Bombarral<\/p><\/div>\n<p>O ministro da Sa\u00fade, Manuel Pizarro, anunciou esta ter\u00e7a-feira, dia 27 de junho, na sede da Comunidade Intermunicipal do Oeste, nas Caldas da Rainha, que o novo hospital do Oeste vai ser constru\u00eddo na Quinta do Falc\u00e3o, no Bombarral, num prazo de cinco anos.<\/p>\n<p>As raz\u00f5es da escolha desta localiza\u00e7\u00e3o, que n\u00e3o foi consensual (a outra hip\u00f3tese seria o concelho de Caldas da Rainha), prendem-se com a localiza\u00e7\u00e3o privilegiada no centro da Regi\u00e3o Oeste, entre Caldas da Rainha e Torres Vedras, os dois maiores n\u00facleos urbanos que ir\u00e3o ser servidos pela nova unidade hospitalar, com acesso direto \u00e0 A8, podendo o acesso ser ainda feito pela Linha do Oeste, na esta\u00e7\u00e3o de caminho de ferro do Bombarral.<\/p>\n<p>O novo hospital ir\u00e1 ser dotado de 480 camas e beneficiar de todas as especialidades m\u00e9dicas.<\/p>\n","protected":false},"excerpt":{"rendered":"<p>O ministro da Sa\u00fade, Manuel Pizarro, anunciou esta ter\u00e7a-feira, dia 27 de junho, na sede da Comunidade Intermunicipal do Oeste, nas Caldas da Rainha, que o novo hospital do Oeste vai ser constru\u00eddo na Quinta do Falc\u00e3o, no Bombarral, num prazo de cinco anos. As raz\u00f5es da escolha desta localiza\u00e7\u00e3o, que n\u00e3o foi consensual (a [&hellip;]<\/p>\n","protected":false},"author":2,"featured_media":7443,"comment_status":"open","ping_status":"open","sticky":false,"template":"","format":"standard","meta":{"footnotes":""},"categories":[6],"tags":[],"class_list":["post-28281","post","type-post","status-publish","format-standard","has-post-thumbnail","hentry","category-saude"],"_links":{"self":[{"href":"https:\/\/tintafresca.net\/index.php\/wp-json\/wp\/v2\/posts\/28281","targetHints":{"allow":["GET"]}}],"collection":[{"href":"https:\/\/tintafresca.net\/index.php\/wp-json\/wp\/v2\/posts"}],"about":[{"href":"https:\/\/tintafresca.net\/index.php\/wp-json\/wp\/v2\/types\/post"}],"author":[{"embeddable":true,"href":"https:\/\/tintafresca.net\/index.php\/wp-json\/wp\/v2\/users\/2"}],"replies":[{"embeddable":true,"href":"https:\/\/tintafresca.net\/index.php\/wp-json\/wp\/v2\/comments?post=28281"}],"version-history":[{"count":4,"href":"https:\/\/tintafresca.net\/index.php\/wp-json\/wp\/v2\/posts\/28281\/revisions"}],"predecessor-version":[{"id":28285,"href":"https:\/\/tintafresca.net\/index.php\/wp-json\/wp\/v2\/posts\/28281\/revisions\/28285"}],"wp:featuredmedia":[{"embeddable":true,"href":"https:\/\/tintafresca.net\/index.php\/wp-json\/wp\/v2\/media\/7443"}],"wp:attachment":[{"href":"https:\/\/tintafresca.net\/index.php\/wp-json\/wp\/v2\/media?parent=28281"}],"wp:term":[{"taxonomy":"category","embeddable":true,"href":"https:\/\/tintafresca.net\/index.php\/wp-json\/wp\/v2\/categories?post=28281"},{"taxonomy":"post_tag","embeddable":true,"href":"https:\/\/tintafresca.net\/index.php\/wp-json\/wp\/v2\/tags?post=28281"}],"curies":[{"name":"wp","href":"https:\/\/api.w.org\/{rel}","templated":true}]}}