{"id":28286,"date":"2023-06-27T20:22:48","date_gmt":"2023-06-27T20:22:48","guid":{"rendered":"https:\/\/tintafresca.net\/?p=28286"},"modified":"2023-06-27T20:28:04","modified_gmt":"2023-06-27T20:28:04","slug":"anuncio-do-ministro-da-saude-sobre-a-localizacao-do-novo-hospital-do-oeste-apanhou-autarcas-de-surpresa","status":"publish","type":"post","link":"https:\/\/tintafresca.net\/index.php\/2023\/06\/27\/anuncio-do-ministro-da-saude-sobre-a-localizacao-do-novo-hospital-do-oeste-apanhou-autarcas-de-surpresa\/","title":{"rendered":"An\u00fancio do ministro da Sa\u00fade sobre a localiza\u00e7\u00e3o do novo Hospital do Oeste apanhou autarcas de surpresa"},"content":{"rendered":"<div id=\"attachment_18126\" style=\"width: 410px\" class=\"wp-caption alignleft\"><img loading=\"lazy\" decoding=\"async\" aria-describedby=\"caption-attachment-18126\" class=\"wp-image-18126\" src=\"https:\/\/tintafresca.net\/wp-content\/uploads\/2022\/07\/Caldas_Vitor_Marques_Saude.jpg\" alt=\"\" width=\"400\" height=\"500\" srcset=\"https:\/\/tintafresca.net\/wp-content\/uploads\/2022\/07\/Caldas_Vitor_Marques_Saude.jpg 1440w, https:\/\/tintafresca.net\/wp-content\/uploads\/2022\/07\/Caldas_Vitor_Marques_Saude-240x300.jpg 240w, https:\/\/tintafresca.net\/wp-content\/uploads\/2022\/07\/Caldas_Vitor_Marques_Saude-819x1024.jpg 819w, https:\/\/tintafresca.net\/wp-content\/uploads\/2022\/07\/Caldas_Vitor_Marques_Saude-768x960.jpg 768w, https:\/\/tintafresca.net\/wp-content\/uploads\/2022\/07\/Caldas_Vitor_Marques_Saude-1229x1536.jpg 1229w\" sizes=\"auto, (max-width: 400px) 100vw, 400px\" \/><p id=\"caption-attachment-18126\" class=\"wp-caption-text\">V\u00edtor Marques<\/p><\/div>\n<p>No dia 27 de junho, pelas 10 horas, reuniu o Conselho Intermunicipal da Comunidade Intermunicipal do Oeste (CIM) com o ministro da Sa\u00fade, Manuel Pizarro, nas Caldas da Rainha, sobre o tema \u201cSa\u00fade no Oeste\u201d.<\/p>\n<p>De modo a preparar devidamente esta reuni\u00e3o, o presidente da C\u00e2mara Municipal de Caldas da Rainha, na sua dupla qualidade de Membro do Conselho e de representante do ACES Oeste Norte no Conselho da CIM, solicitou \u00e0s diversas entidades de Sa\u00fade um diagn\u00f3stico dos servi\u00e7os de sa\u00fade da regi\u00e3o Oeste, de forma a preparar convenientemente a reuni\u00e3o fazendo um relat\u00f3rio de toda a informa\u00e7\u00e3o recolhida visando fornecer ao ministro dados para apoiar as suas decis\u00f5es.<\/p>\n<p>Ao inv\u00e9s do esperado, n\u00e3o foi realizada uma reuni\u00e3o aprofundada sobre o estado da Sa\u00fade no Oeste, tendo-se assistido a uma reuni\u00e3o em que o ministro da Sa\u00fade criou condi\u00e7\u00f5es para transmitir a sua decis\u00e3o quanto \u00e0 localiza\u00e7\u00e3o do Novo Centro Hospitalar do Oeste, apoiada no Relat\u00f3rio do Grupo de trabalho nomeado pelo despacho 556\/2023 do Gabinete do Ministro da Sa\u00fade, documento apenas dado a conhecer aos presentes no in\u00edcio da reuni\u00e3o.<\/p>\n<p>A Presid\u00eancia da C\u00e2mara Municipal de Caldas da Rainha, n\u00e3o obstante a necessidade de uma an\u00e1lise aprofundada que o referido relat\u00f3rio deva merecer, manifesta desde j\u00e1 o seu espanto e rejei\u00e7\u00e3o pelo facto de a reuni\u00e3o destinada \u00e0 an\u00e1lise da Sa\u00fade no Oeste se ter transformado, afinal, na entrega do Relat\u00f3rio do Grupo de Trabalho e na efetiva comunica\u00e7\u00e3o da decis\u00e3o sobre a localiza\u00e7\u00e3o do novo Hospital do Oeste (Bombarral E).<\/p>\n<p>V\u00edtor Marques tamb\u00e9m relembra que o ministro se tinha comprometido, verbalmente e por escrito, a consultar, previamente, os Munic\u00edpios de Caldas da Rainha e de \u00d3bidos antes de tomar qualquer decis\u00e3o, facto que n\u00e3o se verificou.<\/p>\n<p>Assim, \u201ca decis\u00e3o hoje anunciada pelo Senhor Ministro n\u00e3o tem a concord\u00e2ncia do Munic\u00edpio de Caldas da Rainha, vai contra o sentido e esp\u00edrito de unidade de todas as for\u00e7as pol\u00edticas e movimentos da sociedade civil e, sublinhe-se, responsabiliza o pr\u00f3prio, indo contra os interesses do territ\u00f3rio, da nossa identidade territorial e dos interesses dos cidad\u00e3os\u201d, considera o autarca.<\/p>\n<p>Considera-se, ainda, que o anuncio desta decis\u00e3o \u00e9 \u201cverdadeiramente atentat\u00f3rio dos interesses da nossa popula\u00e7\u00e3o e absolutamente lesivo do territ\u00f3rio de Caldas da Rainha, com fortes impactos negativos de natureza econ\u00f3mica e social.\u201d<\/p>\n<p>Pelas raz\u00f5es expostas, a Presid\u00eancia da C\u00e2mara Municipal de Caldas da Rainha vem manifestar a sua profunda discord\u00e2ncia da decis\u00e3o anunciada pelo Senhor Ministro da Sa\u00fade, quer quanto \u00e0 forma como foi comunicada quer quanto ao conte\u00fado apresentado, e reitera todas as posi\u00e7\u00f5es que at\u00e9 \u00e0 presente data foram defendidas pelo Munic\u00edpio de Caldas da Rainha.<\/p>\n<p>Em consequ\u00eancia, o presidente da C\u00e2mara encetou desde j\u00e1 um conjunto de dilig\u00eancias junto das v\u00e1rias for\u00e7as pol\u00edticas e \u00f3rg\u00e3os aut\u00e1rquicos, no sentido de apreciar coletivamente os elementos dispon\u00edveis, numa an\u00e1lise mais aprofundada, nos planos t\u00e9cnico e pol\u00edtico, da documenta\u00e7\u00e3o e dos factos conhecidos e reitera a vontade de manter informada a popula\u00e7\u00e3o sobre as conclus\u00f5es decorrentes destes esfor\u00e7os.<\/p>\n<p>A Presid\u00eancia da C\u00e2mara Municipal de Caldas da Rainha apela, assim, a todas as for\u00e7as pol\u00edticas, aos \u00f3rg\u00e3os executivos e deliberativos do Munic\u00edpio e outros \u00f3rg\u00e3os aut\u00e1rquicos, aos movimentos da sociedade civil, formais e informais, e \u00e0 popula\u00e7\u00e3o em geral para que n\u00e3o se resignem e continuem unidos na defesa dos interesses do concelho e em prol da Sa\u00fade na regi\u00e3o Oeste.<\/p>\n<p><strong>\u00a0 \u00a0 \u00a0Fonte: UDV|CMCR<\/strong><\/p>\n","protected":false},"excerpt":{"rendered":"<p>No dia 27 de junho, pelas 10 horas, reuniu o Conselho Intermunicipal da Comunidade Intermunicipal do Oeste (CIM) com o ministro da Sa\u00fade, Manuel Pizarro, nas Caldas da Rainha, sobre o tema \u201cSa\u00fade no Oeste\u201d. De modo a preparar devidamente esta reuni\u00e3o, o presidente da C\u00e2mara Municipal de Caldas da Rainha, na sua dupla qualidade [&hellip;]<\/p>\n","protected":false},"author":2,"featured_media":18127,"comment_status":"open","ping_status":"open","sticky":false,"template":"","format":"standard","meta":{"footnotes":""},"categories":[6],"tags":[],"class_list":["post-28286","post","type-post","status-publish","format-standard","has-post-thumbnail","hentry","category-saude"],"_links":{"self":[{"href":"https:\/\/tintafresca.net\/index.php\/wp-json\/wp\/v2\/posts\/28286","targetHints":{"allow":["GET"]}}],"collection":[{"href":"https:\/\/tintafresca.net\/index.php\/wp-json\/wp\/v2\/posts"}],"about":[{"href":"https:\/\/tintafresca.net\/index.php\/wp-json\/wp\/v2\/types\/post"}],"author":[{"embeddable":true,"href":"https:\/\/tintafresca.net\/index.php\/wp-json\/wp\/v2\/users\/2"}],"replies":[{"embeddable":true,"href":"https:\/\/tintafresca.net\/index.php\/wp-json\/wp\/v2\/comments?post=28286"}],"version-history":[{"count":2,"href":"https:\/\/tintafresca.net\/index.php\/wp-json\/wp\/v2\/posts\/28286\/revisions"}],"predecessor-version":[{"id":28288,"href":"https:\/\/tintafresca.net\/index.php\/wp-json\/wp\/v2\/posts\/28286\/revisions\/28288"}],"wp:featuredmedia":[{"embeddable":true,"href":"https:\/\/tintafresca.net\/index.php\/wp-json\/wp\/v2\/media\/18127"}],"wp:attachment":[{"href":"https:\/\/tintafresca.net\/index.php\/wp-json\/wp\/v2\/media?parent=28286"}],"wp:term":[{"taxonomy":"category","embeddable":true,"href":"https:\/\/tintafresca.net\/index.php\/wp-json\/wp\/v2\/categories?post=28286"},{"taxonomy":"post_tag","embeddable":true,"href":"https:\/\/tintafresca.net\/index.php\/wp-json\/wp\/v2\/tags?post=28286"}],"curies":[{"name":"wp","href":"https:\/\/api.w.org\/{rel}","templated":true}]}}