{"id":28358,"date":"2023-06-29T22:53:19","date_gmt":"2023-06-29T22:53:19","guid":{"rendered":"https:\/\/tintafresca.net\/?p=28358"},"modified":"2023-06-29T23:04:45","modified_gmt":"2023-06-29T23:04:45","slug":"jsd-das-caldas-da-rainha-acusa-governo-de-privilegiar-interesses-na-decisao-politica-sobre-o-hospital-do-oeste","status":"publish","type":"post","link":"https:\/\/tintafresca.net\/index.php\/2023\/06\/29\/jsd-das-caldas-da-rainha-acusa-governo-de-privilegiar-interesses-na-decisao-politica-sobre-o-hospital-do-oeste\/","title":{"rendered":"JSD das Caldas acusa Governo de privilegiar interesses partid\u00e1rios na decis\u00e3o pol\u00edtica sobre o Hospital do Oeste"},"content":{"rendered":"<div id=\"attachment_28360\" style=\"width: 510px\" class=\"wp-caption alignleft\"><img loading=\"lazy\" decoding=\"async\" aria-describedby=\"caption-attachment-28360\" class=\"wp-image-28360 size-full\" src=\"https:\/\/tintafresca.net\/wp-content\/uploads\/2023\/06\/Caldas_JSD_Hospital10.jpg\" alt=\"\" width=\"500\" height=\"500\" srcset=\"https:\/\/tintafresca.net\/wp-content\/uploads\/2023\/06\/Caldas_JSD_Hospital10.jpg 500w, https:\/\/tintafresca.net\/wp-content\/uploads\/2023\/06\/Caldas_JSD_Hospital10-300x300.jpg 300w, https:\/\/tintafresca.net\/wp-content\/uploads\/2023\/06\/Caldas_JSD_Hospital10-150x150.jpg 150w\" sizes=\"auto, (max-width: 500px) 100vw, 500px\" \/><p id=\"caption-attachment-28360\" class=\"wp-caption-text\">Cartaz da JSD<\/p><\/div>\n<p>A JSD das Caldas da Rainha criticou, no dia 26 de junho, a decis\u00e3o pol\u00edtica do Governo de localizar o Hospital do Oeste no Bombarral, que, no seu entender, compromete o \u00a0futuro da sa\u00fade da regi\u00e3o a n\u00edvel hospitalar. \u201cHoje, assistimos a uma afronta \u00e0 nossa cidade. O Ministro da Sa\u00fade, Manuel Pizarro, anunciou, em pleno cora\u00e7\u00e3o das Caldas da Rainha, que o novo hospital ser\u00e1 constru\u00eddo no Bombarral. Esta decis\u00e3o reflete claramente a influ\u00eancia pol\u00edtica do Partido Socialista, colocando os interesses partid\u00e1rios acima das necessidades da nossa popula\u00e7\u00e3o.\u201d<\/p>\n<p>Para a estrutura presidida por Tiago Santos F\u00e9lix, \u201c\u00e9 lament\u00e1vel constatar que o presidente da C\u00e2mara, V\u00edtor Marques, do movimento &#8220;Vamos Mudar&#8221;, n\u00e3o conseguiu exercer uma influ\u00eancia pol\u00edtica efetiva para garantir que o hospital fosse constru\u00eddo na nossa querida cidade. Esta falta de poder pol\u00edtico teve consequ\u00eancias prejudiciais para as Caldas da Rainha.\u201d<\/p>\n<p>Segundo a JSD, \u201ca fraca influ\u00eancia pol\u00edtica do presidente da C\u00e2mara permitiu que as nossas tradi\u00e7\u00f5es e a nossa import\u00e2ncia hist\u00f3rica fossem completamente ignoradas. O Partido Socialista, em conjunto com o Ministro da Sa\u00fade, falhou em reconhecer a necessidade de preservar a nossa tradi\u00e7\u00e3o hospitalar e em ouvir a voz da nossa popula\u00e7\u00e3o. Esta decis\u00e3o \u00e9 uma clara evid\u00eancia da falta de compromisso do Partido Socialista com as necessidades reais das Caldas da Rainha, priorizando interesses partid\u00e1rios em detrimento do nosso bem-estar e dos nossos direitos enquanto cidad\u00e3os.\u201d<\/p>\n<p>A JSD de Caldas da Rainha rejeita veementemente \u201cesta postura pol\u00edtica e est\u00e1\u00a0determinada a lutar contra esta injusti\u00e7a\u201d e considera \u201cessencial responsabilizar o Partido Socialista e o presidente da C\u00e2mara pela sua fraca influ\u00eancia pol\u00edtica que resultou na perda desta oportunidade crucial para o futuro da nossa cidade. Enquanto membros do PSD, n\u00e3o podemos permitir que esta situa\u00e7\u00e3o prevale\u00e7a. \u00c9 nosso dever lutar pelos interesses e necessidades da nossa comunidade. Vamos unir for\u00e7as e fazer ouvir a nossa voz pol\u00edtica de forma firme e determinada.\u201d<\/p>\n<p>Assim, exige que &#8220;o Partido Socialista em Caldas da Rainha e o presidente da C\u00e2mara assumam a responsabilidade pela sua falta de influ\u00eancia pol\u00edtica e trabalhem arduamente para corrigir esta decis\u00e3o prejudicial. A constru\u00e7\u00e3o do hospital nas Caldas da Rainha \u00e9 uma necessidade urgente que n\u00e3o pode, de forma alguma, ser negligenciada em favor de interesses partid\u00e1rios.\u201d<\/p>\n<p>A JSD de Caldas da Rainha assegura que continuar\u00e1 a lutar pelo bem-estar da cidade, pela preserva\u00e7\u00e3o das suas tradi\u00e7\u00f5es e pelo acesso adequado aos cuidados de sa\u00fade para\u00a0todos os concidad\u00e3os. \u201cN\u00e3o aceitaremos que a fraca influ\u00eancia pol\u00edtica ponha em causa o futuro das Caldas da Rainha. Chegou o momento de agir e garantir que a voz da nossa comunidade seja ouvida e respeitada\u201d, conclui.<\/p>\n","protected":false},"excerpt":{"rendered":"<p>A JSD das Caldas da Rainha criticou, no dia 26 de junho, a decis\u00e3o pol\u00edtica do Governo de localizar o Hospital do Oeste no Bombarral, que, no seu entender, compromete o \u00a0futuro da sa\u00fade da regi\u00e3o a n\u00edvel hospitalar. \u201cHoje, assistimos a uma afronta \u00e0 nossa cidade. O Ministro da Sa\u00fade, Manuel Pizarro, anunciou, em [&hellip;]<\/p>\n","protected":false},"author":2,"featured_media":28361,"comment_status":"open","ping_status":"open","sticky":false,"template":"","format":"standard","meta":{"footnotes":""},"categories":[6],"tags":[],"class_list":["post-28358","post","type-post","status-publish","format-standard","has-post-thumbnail","hentry","category-saude"],"_links":{"self":[{"href":"https:\/\/tintafresca.net\/index.php\/wp-json\/wp\/v2\/posts\/28358","targetHints":{"allow":["GET"]}}],"collection":[{"href":"https:\/\/tintafresca.net\/index.php\/wp-json\/wp\/v2\/posts"}],"about":[{"href":"https:\/\/tintafresca.net\/index.php\/wp-json\/wp\/v2\/types\/post"}],"author":[{"embeddable":true,"href":"https:\/\/tintafresca.net\/index.php\/wp-json\/wp\/v2\/users\/2"}],"replies":[{"embeddable":true,"href":"https:\/\/tintafresca.net\/index.php\/wp-json\/wp\/v2\/comments?post=28358"}],"version-history":[{"count":3,"href":"https:\/\/tintafresca.net\/index.php\/wp-json\/wp\/v2\/posts\/28358\/revisions"}],"predecessor-version":[{"id":28363,"href":"https:\/\/tintafresca.net\/index.php\/wp-json\/wp\/v2\/posts\/28358\/revisions\/28363"}],"wp:featuredmedia":[{"embeddable":true,"href":"https:\/\/tintafresca.net\/index.php\/wp-json\/wp\/v2\/media\/28361"}],"wp:attachment":[{"href":"https:\/\/tintafresca.net\/index.php\/wp-json\/wp\/v2\/media?parent=28358"}],"wp:term":[{"taxonomy":"category","embeddable":true,"href":"https:\/\/tintafresca.net\/index.php\/wp-json\/wp\/v2\/categories?post=28358"},{"taxonomy":"post_tag","embeddable":true,"href":"https:\/\/tintafresca.net\/index.php\/wp-json\/wp\/v2\/tags?post=28358"}],"curies":[{"name":"wp","href":"https:\/\/api.w.org\/{rel}","templated":true}]}}