{"id":28662,"date":"2023-07-10T20:35:45","date_gmt":"2023-07-10T20:35:45","guid":{"rendered":"https:\/\/tintafresca.net\/?p=28662"},"modified":"2023-07-10T20:35:45","modified_gmt":"2023-07-10T20:35:45","slug":"investigadora-do-politecnico-de-leiria-recebe-premio-alfredo-da-silva-para-proteger-fruta-do-oeste","status":"publish","type":"post","link":"https:\/\/tintafresca.net\/index.php\/2023\/07\/10\/investigadora-do-politecnico-de-leiria-recebe-premio-alfredo-da-silva-para-proteger-fruta-do-oeste\/","title":{"rendered":"Investigadora do Polit\u00e9cnico de Leiria recebe Pr\u00e9mio Alfredo da Silva para proteger fruta do Oeste"},"content":{"rendered":"<div id=\"attachment_28665\" style=\"width: 410px\" class=\"wp-caption alignleft\"><img loading=\"lazy\" decoding=\"async\" aria-describedby=\"caption-attachment-28665\" class=\"wp-image-28665 size-full\" src=\"https:\/\/tintafresca.net\/wp-content\/uploads\/2023\/07\/IPL_Carina-Felix-na-entrega-do-Premio-de-Investigacao-Alfredo-da-Silva10.jpg\" alt=\"\" width=\"400\" height=\"720\" srcset=\"https:\/\/tintafresca.net\/wp-content\/uploads\/2023\/07\/IPL_Carina-Felix-na-entrega-do-Premio-de-Investigacao-Alfredo-da-Silva10.jpg 400w, https:\/\/tintafresca.net\/wp-content\/uploads\/2023\/07\/IPL_Carina-Felix-na-entrega-do-Premio-de-Investigacao-Alfredo-da-Silva10-167x300.jpg 167w\" sizes=\"auto, (max-width: 400px) 100vw, 400px\" \/><p id=\"caption-attachment-28665\" class=\"wp-caption-text\">Carina F\u00e9lix<\/p><\/div>\n<p>A investigadora do Centro de Ci\u00eancias do Mar e do Ambiente (MARE) do Polit\u00e9cnico de Leiria Carina F\u00e9lix ganhou o Pr\u00e9mio de Investiga\u00e7\u00e3o Alfredo da Silva e o Empreendedorismo, pelo projeto OCEANFIRE. O pr\u00e9mio, uma bolsa de 25 mil euros, foi atribu\u00eddo pela Funda\u00e7\u00e3o Am\u00e9lia de Mello e a BCSD Portugal, a COTEC Portugal e a Universidade Nova de Lisboa.<\/p>\n<p>O professor da Escola Superior de Turismo e Tecnologia do Mar (ESTM) do Polit\u00e9cnico de Leiria, em Peniche, Marco Lemos, os investigadores Rafael F\u00e9lix e Elo\u00edsa Toledo, ambos do MARE, unidade de investiga\u00e7\u00e3o da ESTM, e os investigadores Patr\u00edcia Valent\u00e3o, da Faculdade de Farm\u00e1cia da Universidade do Porto, e Bernardo Duarte, da Faculdade de Ci\u00eancias da Universidade de Lisboa, s\u00e3o os outros membros da equipa envolvida no OCEANFIRE, e agora distinguidos. O projeto conta tamb\u00e9m com o apoio da empresa de hortofrut\u00edcolas Campotec.<\/p>\n<p>O projeto \u2018OCEANFIRE &#8211; Apagar o fogo bacteriano com o mar: potencial da alga invasora <em>Asparagopsis<\/em> <em>armata<\/em> contra <em>Erwinia<\/em> <em>amylovora<\/em>\u2019 pretende contribuir para o desenvolvimento de novas alternativas sustent\u00e1veis de origem marinha no combate ao fogo bacteriano, uma doen\u00e7a causada pela bact\u00e9ria <em>Erwinia amylovora<\/em>, conhecida por provocar grandes perdas na produ\u00e7\u00e3o, e consequentemente econ\u00f3micas, em culturas como a p\u00eara-rocha, a ma\u00e7\u00e3 de Alcoba\u00e7a e o marmelo. Um problema sentido pela empresa portuguesa de hortofrut\u00edcolas Campotec, com um vasto conhecimento de campo e dos problemas agr\u00edcolas atuais.<\/p>\n<p>\u00abO risco iminente do fogo bacteriano \u00e9 uma chama que amea\u00e7a consumir os preciosos pomares do Oeste, causando destrui\u00e7\u00e3o onde antes havia um o\u00e1sis de frutas e vida e colocando em perigo uma das joias da regi\u00e3o, a p\u00eara-rocha\u00bb, refere D\u00e9lio Raimundo, da Campotec. \u00abCom caracter\u00edsticas \u00fanicas e com um \u00fanico local de produ\u00e7\u00e3o no mundo, a amea\u00e7a de desaparecimento \u00e9 real, a menos que nos unamos num esfor\u00e7o coletivo, cient\u00edfico e t\u00e9cnico, para proteger e preservar sua singularidade para as gera\u00e7\u00f5es futuras\u00bb.<\/p>\n<p>\u201cO cons\u00f3rcio multidisciplinar constitu\u00eddo pela ESTM, atrav\u00e9s do MARE, a Universidade do Porto e a Faculdade de Ci\u00eancias da Universidade de Lisboa prop\u00f5e abordar este problema atrav\u00e9s da explora\u00e7\u00e3o do j\u00e1 comprovado potencial biotecnol\u00f3gico da alga marinha <em>Asparagopsis armata <\/em>como agente de controlo do agente causador do fogo bacteriano, contribuindo simultaneamente para a mitiga\u00e7\u00e3o desta esp\u00e9cie invasora dos ambientes afetados e consequentemente para a redu\u00e7\u00e3o do seu impacto nos ecossistemas em quest\u00e3o\u00bb, explica a l\u00edder do projeto OCEANFIRE e investigadora do MARE Carina F\u00e9lix.<\/p>\n<p>\u00abO projeto OCEANFIRE continua a colocar a ESTM e o MARE como refer\u00eancias no dom\u00ednio da utiliza\u00e7\u00e3o dos recursos marinhos para resolver desafios da sociedade\u00bb, sublinha tamb\u00e9m o professor da ESTM e investigador do projeto Marco Lemos.\u00a0 \u00abNomeadamente\u00bb, concretiza, \u00abaqueles que mais impacto t\u00eam nas empresas da regi\u00e3o Oeste e Leiria, mas tamb\u00e9m, neste caso, com graves impactos no resto do pa\u00eds e na Europa, traduzindo-se em quebras de produ\u00e7\u00e3o de muitos de milh\u00f5es de euros\u00bb.<\/p>\n<p>Um problema \u00abgrav\u00edssimo\u00bb, reconhecido pela Funda\u00e7\u00e3o Am\u00e9lia de Mello e pela BCSD Portugal, congratula-se Carina F\u00e9lix. \u00abDeram um claro sinal do potencial desta solu\u00e7\u00e3o sustent\u00e1vel, baseada num recurso marinho, para contribuir para uma solu\u00e7\u00e3o para o fogo bacteriano\u00bb.<\/p>\n<p><strong>\u00a0 \u00a0 Fonte: Midlandcom<\/strong><\/p>\n","protected":false},"excerpt":{"rendered":"<p>A investigadora do Centro de Ci\u00eancias do Mar e do Ambiente (MARE) do Polit\u00e9cnico de Leiria Carina F\u00e9lix ganhou o Pr\u00e9mio de Investiga\u00e7\u00e3o Alfredo da Silva e o Empreendedorismo, pelo projeto OCEANFIRE. O pr\u00e9mio, uma bolsa de 25 mil euros, foi atribu\u00eddo pela Funda\u00e7\u00e3o Am\u00e9lia de Mello e a BCSD Portugal, a COTEC Portugal e [&hellip;]<\/p>\n","protected":false},"author":2,"featured_media":28667,"comment_status":"open","ping_status":"open","sticky":false,"template":"","format":"standard","meta":{"footnotes":""},"categories":[9,7],"tags":[],"class_list":["post-28662","post","type-post","status-publish","format-standard","has-post-thumbnail","hentry","category-ambiente","category-economia"],"_links":{"self":[{"href":"https:\/\/tintafresca.net\/index.php\/wp-json\/wp\/v2\/posts\/28662","targetHints":{"allow":["GET"]}}],"collection":[{"href":"https:\/\/tintafresca.net\/index.php\/wp-json\/wp\/v2\/posts"}],"about":[{"href":"https:\/\/tintafresca.net\/index.php\/wp-json\/wp\/v2\/types\/post"}],"author":[{"embeddable":true,"href":"https:\/\/tintafresca.net\/index.php\/wp-json\/wp\/v2\/users\/2"}],"replies":[{"embeddable":true,"href":"https:\/\/tintafresca.net\/index.php\/wp-json\/wp\/v2\/comments?post=28662"}],"version-history":[{"count":3,"href":"https:\/\/tintafresca.net\/index.php\/wp-json\/wp\/v2\/posts\/28662\/revisions"}],"predecessor-version":[{"id":28666,"href":"https:\/\/tintafresca.net\/index.php\/wp-json\/wp\/v2\/posts\/28662\/revisions\/28666"}],"wp:featuredmedia":[{"embeddable":true,"href":"https:\/\/tintafresca.net\/index.php\/wp-json\/wp\/v2\/media\/28667"}],"wp:attachment":[{"href":"https:\/\/tintafresca.net\/index.php\/wp-json\/wp\/v2\/media?parent=28662"}],"wp:term":[{"taxonomy":"category","embeddable":true,"href":"https:\/\/tintafresca.net\/index.php\/wp-json\/wp\/v2\/categories?post=28662"},{"taxonomy":"post_tag","embeddable":true,"href":"https:\/\/tintafresca.net\/index.php\/wp-json\/wp\/v2\/tags?post=28662"}],"curies":[{"name":"wp","href":"https:\/\/api.w.org\/{rel}","templated":true}]}}