{"id":2868,"date":"2021-04-02T18:00:36","date_gmt":"2021-04-02T18:00:36","guid":{"rendered":"https:\/\/tintafresca.net\/?p=2868"},"modified":"2021-04-02T18:06:38","modified_gmt":"2021-04-02T18:06:38","slug":"cerca-de-150-mil-trabalhadores-docentes-e-nao-docentes-vao-ser-testados-entre-5-e-9-de-abril","status":"publish","type":"post","link":"https:\/\/tintafresca.net\/index.php\/2021\/04\/02\/cerca-de-150-mil-trabalhadores-docentes-e-nao-docentes-vao-ser-testados-entre-5-e-9-de-abril\/","title":{"rendered":"Cerca de 150 mil trabalhadores docentes e n\u00e3o docentes v\u00e3o ser testados entre 5 e 9 de abril"},"content":{"rendered":"<div id=\"attachment_1821\" style=\"width: 510px\" class=\"wp-caption alignleft\"><img loading=\"lazy\" decoding=\"async\" aria-describedby=\"caption-attachment-1821\" class=\"wp-image-1821 size-full\" src=\"https:\/\/tintafresca.net\/wp-content\/uploads\/2021\/02\/Leiria_escola_D_Dinis10.jpg\" alt=\"\" width=\"500\" height=\"281\" \/><p id=\"caption-attachment-1821\" class=\"wp-caption-text\">Escola B\u00e1sica 2,3 D. Dinis de Leiria<\/p><\/div>\n<p>Escola B\u00e1sica 2,3 D. Dinis de Leiria O processo de testagem em estabelecimentos de educa\u00e7\u00e3o e ensino do setor p\u00fablico e do setor privado prossegue a partir da pr\u00f3xima segunda-feira, coincidindo com o in\u00edcio do 3.\u00ba per\u00edodo letivo e com a retoma das atividades presenciais dos 2.\u00ba e 3.\u00ba ciclos do ensino b\u00e1sico.<\/p>\n<p>Cerca de 150 mil trabalhadores docentes e n\u00e3o docentes v\u00e3o ser testados entre os dias 5 e 9 de abril, dando continuidade \u00e0 implementa\u00e7\u00e3o da Estrat\u00e9gia Nacional de Testes para SARS-CoV-2 e de acordo com a conhecida orienta\u00e7\u00e3o conjunta do passado m\u00eas de mar\u00e7o.<\/p>\n<p>Como \u00e9 habitual, estas informa\u00e7\u00f5es foram j\u00e1 remetidas \u00e0s escolas, sublinhando que ser\u00e1 testada a totalidade de pessoal docente (PD) e de pessoal n\u00e3o docente (PND) dos 2.\u00ba e 3.\u00ba ciclos do ensino b\u00e1sico (do 5.\u00ba ao 9.\u00ba ano) dos estabelecimentos de todos os concelhos, bem como a totalidade de PD e PND da Educa\u00e7\u00e3o Pr\u00e9-Escolar, 1.\u00ba ciclo do ensino b\u00e1sico, bem como todos os trabalhadores de AAAF, AEC e CAF1 dos concelhos com taxa de incid\u00eancia superior a 120 casos por 100 mil habitantes nos \u00faltimos 14 dias.<\/p>\n<p>De acordo com informa\u00e7\u00e3o prestada pela Dire\u00e7\u00e3o-Geral da Sa\u00fade, todos os docentes e n\u00e3o docentes vacinados dever\u00e3o ser igualmente testados.<\/p>\n<p>Entre a primeira fase de testagem &#8211; que se iniciou em janeiro e que prosseguiu nas escolas de acolhimento, apesar do ensino \u00e0 dist\u00e2ncia \u2013 e a segunda fase &#8211; que arrancou no passado dia 15 de mar\u00e7o, aquando do regresso \u00e0 atividade presencial da Educa\u00e7\u00e3o Pr\u00e9-Escolar e do 1.\u00ba ciclo do ensino b\u00e1sico \u2013 foram j\u00e1 realizados mais de 150 mil testes de antig\u00e9nio \u00e0 COVID-19.<\/p>\n<p><strong>\u00a0 \u00a0Fonte: ME<\/strong><\/p>\n","protected":false},"excerpt":{"rendered":"<p>Escola B\u00e1sica 2,3 D. Dinis de Leiria O processo de testagem em estabelecimentos de educa\u00e7\u00e3o e ensino do setor p\u00fablico e do setor privado prossegue a partir da pr\u00f3xima segunda-feira, coincidindo com o in\u00edcio do 3.\u00ba per\u00edodo letivo e com a retoma das atividades presenciais dos 2.\u00ba e 3.\u00ba ciclos do ensino b\u00e1sico. Cerca de [&hellip;]<\/p>\n","protected":false},"author":2,"featured_media":469,"comment_status":"open","ping_status":"open","sticky":false,"template":"","format":"standard","meta":{"footnotes":""},"categories":[14,6],"tags":[],"class_list":["post-2868","post","type-post","status-publish","format-standard","has-post-thumbnail","hentry","category-educacao","category-saude"],"_links":{"self":[{"href":"https:\/\/tintafresca.net\/index.php\/wp-json\/wp\/v2\/posts\/2868","targetHints":{"allow":["GET"]}}],"collection":[{"href":"https:\/\/tintafresca.net\/index.php\/wp-json\/wp\/v2\/posts"}],"about":[{"href":"https:\/\/tintafresca.net\/index.php\/wp-json\/wp\/v2\/types\/post"}],"author":[{"embeddable":true,"href":"https:\/\/tintafresca.net\/index.php\/wp-json\/wp\/v2\/users\/2"}],"replies":[{"embeddable":true,"href":"https:\/\/tintafresca.net\/index.php\/wp-json\/wp\/v2\/comments?post=2868"}],"version-history":[{"count":2,"href":"https:\/\/tintafresca.net\/index.php\/wp-json\/wp\/v2\/posts\/2868\/revisions"}],"predecessor-version":[{"id":2874,"href":"https:\/\/tintafresca.net\/index.php\/wp-json\/wp\/v2\/posts\/2868\/revisions\/2874"}],"wp:featuredmedia":[{"embeddable":true,"href":"https:\/\/tintafresca.net\/index.php\/wp-json\/wp\/v2\/media\/469"}],"wp:attachment":[{"href":"https:\/\/tintafresca.net\/index.php\/wp-json\/wp\/v2\/media?parent=2868"}],"wp:term":[{"taxonomy":"category","embeddable":true,"href":"https:\/\/tintafresca.net\/index.php\/wp-json\/wp\/v2\/categories?post=2868"},{"taxonomy":"post_tag","embeddable":true,"href":"https:\/\/tintafresca.net\/index.php\/wp-json\/wp\/v2\/tags?post=2868"}],"curies":[{"name":"wp","href":"https:\/\/api.w.org\/{rel}","templated":true}]}}