{"id":28710,"date":"2023-07-12T19:07:31","date_gmt":"2023-07-12T19:07:31","guid":{"rendered":"https:\/\/tintafresca.net\/?p=28710"},"modified":"2023-07-12T19:15:36","modified_gmt":"2023-07-12T19:15:36","slug":"balcao-unico-do-predio-vai-as-freguesias-de-alcobaca-esclarecer-populacao-acerca-do-registo-das-suas-propriedades","status":"publish","type":"post","link":"https:\/\/tintafresca.net\/index.php\/2023\/07\/12\/balcao-unico-do-predio-vai-as-freguesias-de-alcobaca-esclarecer-populacao-acerca-do-registo-das-suas-propriedades\/","title":{"rendered":"Balc\u00e3o \u00danico do Pr\u00e9dio vai \u00e0s freguesias de Alcoba\u00e7a esclarecer popula\u00e7\u00e3o sobre o registo das suas propriedades"},"content":{"rendered":"<div id=\"attachment_28712\" style=\"width: 510px\" class=\"wp-caption alignleft\"><img loading=\"lazy\" decoding=\"async\" aria-describedby=\"caption-attachment-28712\" class=\"wp-image-28712 size-full\" src=\"https:\/\/tintafresca.net\/wp-content\/uploads\/2023\/07\/Alcobaca_BUPI10.jpg\" alt=\"\" width=\"500\" height=\"334\" srcset=\"https:\/\/tintafresca.net\/wp-content\/uploads\/2023\/07\/Alcobaca_BUPI10.jpg 500w, https:\/\/tintafresca.net\/wp-content\/uploads\/2023\/07\/Alcobaca_BUPI10-300x200.jpg 300w\" sizes=\"auto, (max-width: 500px) 100vw, 500px\" \/><p id=\"caption-attachment-28712\" class=\"wp-caption-text\">Cartaz<\/p><\/div>\n<p>O servi\u00e7o BUPI &#8211; Balc\u00e3o \u00danico do Pr\u00e9dio &#8211; permite aos mun\u00edcipes identificarem e registarem os seus pr\u00e9dios r\u00fasticos e mistos de forma simples e gratuita, garantindo a sua titularidade e a marca\u00e7\u00e3o dos seus limites. Para promover este registo junto dos mun\u00edcipes, o servi\u00e7o ir\u00e1 novamente ser alargado \u00e0s juntas de freguesias do concelho de Alcoba\u00e7a em datas espec\u00edficas, por marca\u00e7\u00e3o. O BUPi ir\u00e1 deslocar-se em agosto \u00e0s freguesias do Vimeiro, Benedita, Alfeizer\u00e3o e \u00c9vora de Alcoba\u00e7a.<\/p>\n<p>\u201cA georreferencia\u00e7\u00e3o de propriedades \u00e9 obrigat\u00f3ria caso pretenda vender o seu terreno. Registar uma propriedade \u00e9 uma oportunidade para valorizar e proteger o seu terreno, ajudando o pa\u00eds a desenvolver-se. Vamos \u00e0s freguesias esclarecer as nossas gentes acerca do registo das suas propriedades. Participe, valorize o nosso territ\u00f3rio\u201d, afirma o presidente da C\u00e2mara Municipal, Herm\u00ednio Rodrigues.<\/p>\n<p>Este projeto \u00e9 financiado pelo Centro 2020.<\/p>\n<p>Fa\u00e7a o registo do seu terreno na sua Junta de Freguesia nas seguintes datas:<\/p>\n<p>2 de agosto<br \/>\nJunta de Freguesia do Vimeiro<\/p>\n<p>9 de agosto<br \/>\nJunta de Freguesia da Benedita<\/p>\n<p>16 de agosto<br \/>\nJunta de Freguesia de Alfeizer\u00e3o<\/p>\n<p>23 de agosto<br \/>\nJunta de Freguesia de \u00c9vora de Alcoba\u00e7a<\/p>\n<p>Hor\u00e1rio: 9h \u00e0s 18h | Marca\u00e7\u00e3o atrav\u00e9s do n.\u00ba 964 752 764 ou bupi@cm-alcobaca.pt<\/p>\n","protected":false},"excerpt":{"rendered":"<p>O servi\u00e7o BUPI &#8211; Balc\u00e3o \u00danico do Pr\u00e9dio &#8211; permite aos mun\u00edcipes identificarem e registarem os seus pr\u00e9dios r\u00fasticos e mistos de forma simples e gratuita, garantindo a sua titularidade e a marca\u00e7\u00e3o dos seus limites. Para promover este registo junto dos mun\u00edcipes, o servi\u00e7o ir\u00e1 novamente ser alargado \u00e0s juntas de freguesias do concelho [&hellip;]<\/p>\n","protected":false},"author":2,"featured_media":28714,"comment_status":"open","ping_status":"open","sticky":false,"template":"","format":"standard","meta":{"footnotes":""},"categories":[7,11],"tags":[],"class_list":["post-28710","post","type-post","status-publish","format-standard","has-post-thumbnail","hentry","category-economia","category-sociedade"],"_links":{"self":[{"href":"https:\/\/tintafresca.net\/index.php\/wp-json\/wp\/v2\/posts\/28710","targetHints":{"allow":["GET"]}}],"collection":[{"href":"https:\/\/tintafresca.net\/index.php\/wp-json\/wp\/v2\/posts"}],"about":[{"href":"https:\/\/tintafresca.net\/index.php\/wp-json\/wp\/v2\/types\/post"}],"author":[{"embeddable":true,"href":"https:\/\/tintafresca.net\/index.php\/wp-json\/wp\/v2\/users\/2"}],"replies":[{"embeddable":true,"href":"https:\/\/tintafresca.net\/index.php\/wp-json\/wp\/v2\/comments?post=28710"}],"version-history":[{"count":3,"href":"https:\/\/tintafresca.net\/index.php\/wp-json\/wp\/v2\/posts\/28710\/revisions"}],"predecessor-version":[{"id":28715,"href":"https:\/\/tintafresca.net\/index.php\/wp-json\/wp\/v2\/posts\/28710\/revisions\/28715"}],"wp:featuredmedia":[{"embeddable":true,"href":"https:\/\/tintafresca.net\/index.php\/wp-json\/wp\/v2\/media\/28714"}],"wp:attachment":[{"href":"https:\/\/tintafresca.net\/index.php\/wp-json\/wp\/v2\/media?parent=28710"}],"wp:term":[{"taxonomy":"category","embeddable":true,"href":"https:\/\/tintafresca.net\/index.php\/wp-json\/wp\/v2\/categories?post=28710"},{"taxonomy":"post_tag","embeddable":true,"href":"https:\/\/tintafresca.net\/index.php\/wp-json\/wp\/v2\/tags?post=28710"}],"curies":[{"name":"wp","href":"https:\/\/api.w.org\/{rel}","templated":true}]}}