{"id":2884,"date":"2021-04-03T17:37:37","date_gmt":"2021-04-03T17:37:37","guid":{"rendered":"https:\/\/tintafresca.net\/?p=2884"},"modified":"2021-04-03T17:37:37","modified_gmt":"2021-04-03T17:37:37","slug":"medio-tejo-regista-zero-casos-diarios-de-covid-19-2","status":"publish","type":"post","link":"https:\/\/tintafresca.net\/index.php\/2021\/04\/03\/medio-tejo-regista-zero-casos-diarios-de-covid-19-2\/","title":{"rendered":"M\u00e9dio Tejo regista zero casos di\u00e1rios de COVID-19"},"content":{"rendered":"<p><div id=\"attachment_991\" style=\"width: 257px\" class=\"wp-caption alignleft\"><img loading=\"lazy\" decoding=\"async\" aria-describedby=\"caption-attachment-991\" class=\"wp-image-991 size-medium\" src=\"https:\/\/tintafresca.net\/wp-content\/uploads\/2021\/01\/Tomar_Hospital010-1-247x300.jpg\" alt=\"\" width=\"247\" height=\"300\" srcset=\"https:\/\/tintafresca.net\/wp-content\/uploads\/2021\/01\/Tomar_Hospital010-1-247x300.jpg 247w, https:\/\/tintafresca.net\/wp-content\/uploads\/2021\/01\/Tomar_Hospital010-1.jpg 332w\" sizes=\"auto, (max-width: 247px) 100vw, 247px\" \/><p id=\"caption-attachment-991\" class=\"wp-caption-text\">Hospital de Tomar<\/p><\/div><br \/>\nN\u00e3o houve qualquer caso registado de COVID-19 no M\u00e9dio Tejo esta sexta-feira, dia 2 de abril, nos 13 concelhos abrangidos: Our\u00e9m, Torres Novas, Alcanena, Sert\u00e3, Entroncamento, Tomar, Vila de Rei e Vila Nova da Barquinha, Abrantes, Const\u00e2ncia, Ferreira do Z\u00eazere, Ma\u00e7\u00e3o e Sardoal.<br \/>\nSegundo o portal da Associa\u00e7\u00e3o de Munic\u00edpios do M\u00e9dio Tejo, no total, o n\u00famero de infetados desde o in\u00edcio da pandemia ascende a 13.577 e o de recuperados a 13.131.<br \/>\nCen\u00e1rio diferente ocorreu na Regi\u00e3o Oeste, este s\u00e1bado, dia 3 de abril, com mais 33 novos casos nos 12 concelhos abrangidos.<\/p>\n","protected":false},"excerpt":{"rendered":"<p>N\u00e3o houve qualquer caso registado de COVID-19 no M\u00e9dio Tejo esta sexta-feira, dia 2 de abril, nos 13 concelhos abrangidos: Our\u00e9m, Torres Novas, Alcanena, Sert\u00e3, Entroncamento, Tomar, Vila de Rei e Vila Nova da Barquinha, Abrantes, Const\u00e2ncia, Ferreira do Z\u00eazere, Ma\u00e7\u00e3o e Sardoal. Segundo o portal da Associa\u00e7\u00e3o de Munic\u00edpios do M\u00e9dio Tejo, no total, [&hellip;]<\/p>\n","protected":false},"author":2,"featured_media":2104,"comment_status":"open","ping_status":"open","sticky":false,"template":"","format":"standard","meta":{"footnotes":""},"categories":[6],"tags":[],"class_list":["post-2884","post","type-post","status-publish","format-standard","has-post-thumbnail","hentry","category-saude"],"_links":{"self":[{"href":"https:\/\/tintafresca.net\/index.php\/wp-json\/wp\/v2\/posts\/2884","targetHints":{"allow":["GET"]}}],"collection":[{"href":"https:\/\/tintafresca.net\/index.php\/wp-json\/wp\/v2\/posts"}],"about":[{"href":"https:\/\/tintafresca.net\/index.php\/wp-json\/wp\/v2\/types\/post"}],"author":[{"embeddable":true,"href":"https:\/\/tintafresca.net\/index.php\/wp-json\/wp\/v2\/users\/2"}],"replies":[{"embeddable":true,"href":"https:\/\/tintafresca.net\/index.php\/wp-json\/wp\/v2\/comments?post=2884"}],"version-history":[{"count":0,"href":"https:\/\/tintafresca.net\/index.php\/wp-json\/wp\/v2\/posts\/2884\/revisions"}],"wp:featuredmedia":[{"embeddable":true,"href":"https:\/\/tintafresca.net\/index.php\/wp-json\/wp\/v2\/media\/2104"}],"wp:attachment":[{"href":"https:\/\/tintafresca.net\/index.php\/wp-json\/wp\/v2\/media?parent=2884"}],"wp:term":[{"taxonomy":"category","embeddable":true,"href":"https:\/\/tintafresca.net\/index.php\/wp-json\/wp\/v2\/categories?post=2884"},{"taxonomy":"post_tag","embeddable":true,"href":"https:\/\/tintafresca.net\/index.php\/wp-json\/wp\/v2\/tags?post=2884"}],"curies":[{"name":"wp","href":"https:\/\/api.w.org\/{rel}","templated":true}]}}