{"id":28925,"date":"2023-07-20T16:47:02","date_gmt":"2023-07-20T16:47:02","guid":{"rendered":"https:\/\/tintafresca.net\/?p=28925"},"modified":"2023-07-20T16:51:39","modified_gmt":"2023-07-20T16:51:39","slug":"pombal-em-destaque-em-relatorio-das-nacoes-unidas-sobre-objetivos-de-desenvolvimento-sustentavel","status":"publish","type":"post","link":"https:\/\/tintafresca.net\/index.php\/2023\/07\/20\/pombal-em-destaque-em-relatorio-das-nacoes-unidas-sobre-objetivos-de-desenvolvimento-sustentavel\/","title":{"rendered":"Pombal esteve em destaque em relat\u00f3rio das Na\u00e7\u00f5es Unidas sobre Objetivos de Desenvolvimento Sustent\u00e1vel"},"content":{"rendered":"<p><img loading=\"lazy\" decoding=\"async\" class=\"alignleft wp-image-28927 size-full\" src=\"https:\/\/tintafresca.net\/wp-content\/uploads\/2023\/07\/Pombal_ONU20.jpg\" alt=\"\" width=\"500\" height=\"333\" srcset=\"https:\/\/tintafresca.net\/wp-content\/uploads\/2023\/07\/Pombal_ONU20.jpg 500w, https:\/\/tintafresca.net\/wp-content\/uploads\/2023\/07\/Pombal_ONU20-300x200.jpg 300w\" sizes=\"auto, (max-width: 500px) 100vw, 500px\" \/>O Munic\u00edpio de Pombal surge em destaque, por diversas vezes, num relat\u00f3rio produzido pela CGLU \u2013 Cidades e Governos Locais Unidos, associa\u00e7\u00e3o internacional que abrange cidades, governos locais e regionais e associa\u00e7\u00f5es municipais em todo o mundo. Um documento sobre o progresso dos governos locais e regionais na implementa\u00e7\u00e3o e monitoriza\u00e7\u00e3o da Agenda 2030 e os seus 17 Objetivos de Desenvolvimento Sustent\u00e1vel (ODS).<\/p>\n<p>Este relat\u00f3rio foi apresentado no F\u00f3rum Pol\u00edtico de Alto N\u00edvel, que teve lugar a 13 de julho em Nova Iorque, sobre os ausp\u00edcios das Na\u00e7\u00f5es Unidas, contando com a presen\u00e7a de diversos presidentes, representantes governamentais e membros das Na\u00e7\u00f5es Unidas.<\/p>\n<p>O documento oferece uma an\u00e1lise aprofundada da monitoriza\u00e7\u00e3o dos ODS a n\u00edvel local nos pa\u00edses que este ano est\u00e3o a apresentar o seu Relat\u00f3rio Volunt\u00e1rio Nacional, nomeadamente Portugal.<\/p>\n<p>A publica\u00e7\u00e3o destaca nomeadamente o Observat\u00f3rio Local dos ODS do Munic\u00edpio de Pombal, lan\u00e7ado h\u00e1 sete meses, e a estrat\u00e9gia de comunica\u00e7\u00e3o e envolvimento da administra\u00e7\u00e3o local e da sociedade civil. Adicionalmente, o projeto das Aldeias de Calc\u00e1rio foi considerado uma boa pr\u00e1tica no \u00e2mbito do ODS11 que objetiva a constru\u00e7\u00e3o de cidades e comunidades sustent\u00e1veis.<\/p>\n<p>O documento est\u00e1 acess\u00edvel em: <a href=\"https:\/\/powerofwe.uclg.org\/new\/from-local-action-to-global-impact-how-localizing-sdg-11-empowers-communities-for-sustainable-transformation\/\">https:\/\/powerofwe.uclg.org\/new\/from-local-action-to-global-impact-how-localizing-sdg-11-empowers-communities-for-sustainable-transformation\/<\/a><\/p>\n<p><strong>\u00a0 \u00a0 Fonte: OC|GC|CMP<\/strong><\/p>\n","protected":false},"excerpt":{"rendered":"<p>O Munic\u00edpio de Pombal surge em destaque, por diversas vezes, num relat\u00f3rio produzido pela CGLU \u2013 Cidades e Governos Locais Unidos, associa\u00e7\u00e3o internacional que abrange cidades, governos locais e regionais e associa\u00e7\u00f5es municipais em todo o mundo. Um documento sobre o progresso dos governos locais e regionais na implementa\u00e7\u00e3o e monitoriza\u00e7\u00e3o da Agenda 2030 e [&hellip;]<\/p>\n","protected":false},"author":2,"featured_media":28928,"comment_status":"open","ping_status":"open","sticky":false,"template":"","format":"standard","meta":{"footnotes":""},"categories":[9],"tags":[],"class_list":["post-28925","post","type-post","status-publish","format-standard","has-post-thumbnail","hentry","category-ambiente"],"_links":{"self":[{"href":"https:\/\/tintafresca.net\/index.php\/wp-json\/wp\/v2\/posts\/28925","targetHints":{"allow":["GET"]}}],"collection":[{"href":"https:\/\/tintafresca.net\/index.php\/wp-json\/wp\/v2\/posts"}],"about":[{"href":"https:\/\/tintafresca.net\/index.php\/wp-json\/wp\/v2\/types\/post"}],"author":[{"embeddable":true,"href":"https:\/\/tintafresca.net\/index.php\/wp-json\/wp\/v2\/users\/2"}],"replies":[{"embeddable":true,"href":"https:\/\/tintafresca.net\/index.php\/wp-json\/wp\/v2\/comments?post=28925"}],"version-history":[{"count":3,"href":"https:\/\/tintafresca.net\/index.php\/wp-json\/wp\/v2\/posts\/28925\/revisions"}],"predecessor-version":[{"id":28930,"href":"https:\/\/tintafresca.net\/index.php\/wp-json\/wp\/v2\/posts\/28925\/revisions\/28930"}],"wp:featuredmedia":[{"embeddable":true,"href":"https:\/\/tintafresca.net\/index.php\/wp-json\/wp\/v2\/media\/28928"}],"wp:attachment":[{"href":"https:\/\/tintafresca.net\/index.php\/wp-json\/wp\/v2\/media?parent=28925"}],"wp:term":[{"taxonomy":"category","embeddable":true,"href":"https:\/\/tintafresca.net\/index.php\/wp-json\/wp\/v2\/categories?post=28925"},{"taxonomy":"post_tag","embeddable":true,"href":"https:\/\/tintafresca.net\/index.php\/wp-json\/wp\/v2\/tags?post=28925"}],"curies":[{"name":"wp","href":"https:\/\/api.w.org\/{rel}","templated":true}]}}