{"id":2900,"date":"2021-04-04T10:55:34","date_gmt":"2021-04-04T10:55:34","guid":{"rendered":"https:\/\/tintafresca.net\/?p=2900"},"modified":"2021-04-04T13:51:18","modified_gmt":"2021-04-04T13:51:18","slug":"municipio-de-leiria-emite-nota-de-pesar-pelo-falecimento-do-presidente-da-camara-de-viseu","status":"publish","type":"post","link":"https:\/\/tintafresca.net\/index.php\/2021\/04\/04\/municipio-de-leiria-emite-nota-de-pesar-pelo-falecimento-do-presidente-da-camara-de-viseu\/","title":{"rendered":"Munic\u00edpio de Leiria emite nota de pesar pelo falecimento do Presidente da C\u00e2mara de Viseu"},"content":{"rendered":"<div id=\"attachment_2902\" style=\"width: 510px\" class=\"wp-caption alignleft\"><img loading=\"lazy\" decoding=\"async\" aria-describedby=\"caption-attachment-2902\" class=\"wp-image-2902\" src=\"https:\/\/tintafresca.net\/wp-content\/uploads\/2021\/04\/Almeida_Henriques_Viseu.png\" alt=\"\" width=\"500\" height=\"334\" \/><p id=\"caption-attachment-2902\" class=\"wp-caption-text\">Ant\u00f3nio Almeida Henriques<\/p><\/div>\n<p>O Munic\u00edpio de Leiria lamenta profundamente o falecimento de Almeida Henriques, presidente da C\u00e2mara Municipal de Viseu, ocorrido este domingo, dia 4 de abril, no Hospital de S\u00e3o Teot\u00f3nio, v\u00edtima de complica\u00e7\u00f5es respirat\u00f3rias decorrentes da COVID-19.<\/p>\n<p>Ant\u00f3nio Almeida Henriques tinha 59 anos e era presidente da C\u00e2mara Municipal de Viseu desde 2013.<\/p>\n<p>O Munic\u00edpio de Leiria manifesta o seu profundo pesar perante o falecimento de Almeida Henriques e associa-se ao luto e \u00e0 dor sentida pela comunidade viseense, fam\u00edlia e amigos mais pr\u00f3ximos.<\/p>\n<p>Licenciado em Direito, Almeida Henriques foi eleito deputado \u00e0 Assembleia da Rep\u00fablica entre 2002 e 2011.<\/p>\n<p>Integrou o Governo de Passos Coelho onde desempenhou o cargo de secret\u00e1rio de Estado Adjunto, da Economia e do Desenvolvimento Regional, de onde saiu para suceder ao \u201chist\u00f3rico\u201d autarca social-democrata Fernando Ruas, ent\u00e3o presidente da Associa\u00e7\u00e3o Nacional dos Munic\u00edpios Portugueses.<\/p>\n<p>Foi eleito presidente da C\u00e2mara de Viseu em 2013 e 2017 e era esperada a sua recandidatura em 2021.<\/p>\n<p><strong>\u00a0 \u00a0 \u00a0C\u00e2mara Municipal de Viseu decreta tr\u00eas dias de luto municipal<\/strong><\/p>\n<p>\u201cAnt\u00f3nio Almeida Henriques liderava o Munic\u00edpio de Viseu desde 2013 e tinha como grande objetivo completar o projeto desenhado durante a sua primeira candidatura, que visava colocar Viseu entre os melhores concelhos de Portugal. Destacava-se pelo seu sentido de justi\u00e7a e retid\u00e3o, e estava sempre dispon\u00edvel para parar e ouvir os viseenses e os colaboradores da autarquia. O projeto de vida de Ant\u00f3nio Almeida Henriques era Viseu, porque, como muitas vezes dizia, &#8220;n\u00e3o podia ser Presidente de outra C\u00e2mara\u201d. A sua partida \u00e9, por isso, uma perda irrepar\u00e1vel para Viseu, para a regi\u00e3o e para Pa\u00eds\u201d, destaca o munic\u00edpio viseense em comunicado..<\/p>\n<p>O Munic\u00edpio de Viseu agradece, desde j\u00e1, todo o carinho demonstrado pelos viseenses ao Presidente da C\u00e2mara, mas apela ao respeito de todos pela privacidade da fam\u00edlia neste momento de enorme sofrimento.<\/p>\n<p>A autarquia declara, a partir deste domingo, tr\u00eas dias de luto municipal. Em breve ser\u00e3o comunicados todos os detalhes relativos \u00e0s cerim\u00f3nias f\u00fanebres.<\/p>\n<p><strong>\u00a0 Fonte: GRPG|CML e CMV<\/strong><\/p>\n","protected":false},"excerpt":{"rendered":"<p>O Munic\u00edpio de Leiria lamenta profundamente o falecimento de Almeida Henriques, presidente da C\u00e2mara Municipal de Viseu, ocorrido este domingo, dia 4 de abril, no Hospital de S\u00e3o Teot\u00f3nio, v\u00edtima de complica\u00e7\u00f5es respirat\u00f3rias decorrentes da COVID-19. Ant\u00f3nio Almeida Henriques tinha 59 anos e era presidente da C\u00e2mara Municipal de Viseu desde 2013. O Munic\u00edpio de [&hellip;]<\/p>\n","protected":false},"author":2,"featured_media":2915,"comment_status":"open","ping_status":"open","sticky":false,"template":"","format":"standard","meta":{"footnotes":""},"categories":[6],"tags":[],"class_list":["post-2900","post","type-post","status-publish","format-standard","has-post-thumbnail","hentry","category-saude"],"_links":{"self":[{"href":"https:\/\/tintafresca.net\/index.php\/wp-json\/wp\/v2\/posts\/2900","targetHints":{"allow":["GET"]}}],"collection":[{"href":"https:\/\/tintafresca.net\/index.php\/wp-json\/wp\/v2\/posts"}],"about":[{"href":"https:\/\/tintafresca.net\/index.php\/wp-json\/wp\/v2\/types\/post"}],"author":[{"embeddable":true,"href":"https:\/\/tintafresca.net\/index.php\/wp-json\/wp\/v2\/users\/2"}],"replies":[{"embeddable":true,"href":"https:\/\/tintafresca.net\/index.php\/wp-json\/wp\/v2\/comments?post=2900"}],"version-history":[{"count":2,"href":"https:\/\/tintafresca.net\/index.php\/wp-json\/wp\/v2\/posts\/2900\/revisions"}],"predecessor-version":[{"id":2904,"href":"https:\/\/tintafresca.net\/index.php\/wp-json\/wp\/v2\/posts\/2900\/revisions\/2904"}],"wp:featuredmedia":[{"embeddable":true,"href":"https:\/\/tintafresca.net\/index.php\/wp-json\/wp\/v2\/media\/2915"}],"wp:attachment":[{"href":"https:\/\/tintafresca.net\/index.php\/wp-json\/wp\/v2\/media?parent=2900"}],"wp:term":[{"taxonomy":"category","embeddable":true,"href":"https:\/\/tintafresca.net\/index.php\/wp-json\/wp\/v2\/categories?post=2900"},{"taxonomy":"post_tag","embeddable":true,"href":"https:\/\/tintafresca.net\/index.php\/wp-json\/wp\/v2\/tags?post=2900"}],"curies":[{"name":"wp","href":"https:\/\/api.w.org\/{rel}","templated":true}]}}