{"id":2939,"date":"2021-04-04T20:58:53","date_gmt":"2021-04-04T20:58:53","guid":{"rendered":"https:\/\/tintafresca.net\/?p=2939"},"modified":"2021-04-04T20:58:53","modified_gmt":"2021-04-04T20:58:53","slug":"turismo-do-centro-e-camara-de-alcobaca-lamentam-profundamente-o-desaparecimento-de-almeida-henriques","status":"publish","type":"post","link":"https:\/\/tintafresca.net\/index.php\/2021\/04\/04\/turismo-do-centro-e-camara-de-alcobaca-lamentam-profundamente-o-desaparecimento-de-almeida-henriques\/","title":{"rendered":"Turismo do Centro e C\u00e2mara de Alcoba\u00e7a lamentam profundamente o desaparecimento de Almeida Henriques"},"content":{"rendered":"<div id=\"attachment_2941\" style=\"width: 510px\" class=\"wp-caption alignleft\"><img loading=\"lazy\" decoding=\"async\" aria-describedby=\"caption-attachment-2941\" class=\"wp-image-2941 size-full\" src=\"https:\/\/tintafresca.net\/wp-content\/uploads\/2021\/04\/TCP_Almeida_Henriques10.jpg\" alt=\"\" width=\"500\" height=\"333\" \/><p id=\"caption-attachment-2941\" class=\"wp-caption-text\">Almeida Henriques com Pedro Machado e autarcas da Regi\u00e3o Centro<\/p><\/div>\n<p>\u00c9 com um sentimento enorme de tristeza que a Entidade Regional de Turismo do Centro de Portugal se junta aos votos de pesar pelo desaparecimento de Ant\u00f3nio Almeida Henriques, presidente da C\u00e2mara Municipal de Viseu.<\/p>\n<p>Associamo-nos, assim, ao reconhecimento p\u00fablico para com um homem e um autarca exemplar, que contribuiu de forma \u00edmpar para o engrandecimento da regi\u00e3o Centro de Portugal e do pa\u00eds, em todas as \u00e1reas em que pautou o seu trajeto pessoal e profissional, sempre com invulgar brilhantismo. No seu percurso, abra\u00e7ou sempre, de forma inexced\u00edvel e com grande entusiasmo, as iniciativas desta Entidade Regional. O seu desaparecimento t\u00e3o prematuro representa uma perda irrepar\u00e1vel. \u00c9 um verdadeiro amigo que vemos partir.<\/p>\n<p>Ant\u00f3nio Almeida Henriques dedicou a sua vida ao desenvolvimento da regi\u00e3o e do pa\u00eds. Entre os seus in\u00fameros contributos para a causa p\u00fablica, destacam-se, al\u00e9m da autarquia de Viseu, os cargos de Secret\u00e1rio de Estado Adjunto da Economia e Desenvolvimento Regional, Adjunto do Ministro da Juventude e Deputado da Assembleia da Rep\u00fablica em quatro legislaturas.<\/p>\n<p>Os pensamentos e a solidariedade do Turismo Centro de Portugal est\u00e3o, nesta hora dif\u00edcil, com a fam\u00edlia e amigos enlutados.<\/p>\n<p><strong>\u00a0 \u00a0 Paulo In\u00e1cio: Almeida Henriques esteve na linha da frente no combate \u00e0 pandemia<\/strong><\/p>\n<p>\u201cComo \u00e9 do conhecimento p\u00fablico, faleceu com COVID-19 um colega e um amigo, o Presidente da C\u00e2mara Municipal de Viseu, Almeida Henriques. Em meu nome pessoal e em nome do povo de Alcoba\u00e7a, endere\u00e7o os meus sentidos p\u00easames a toda a sua fam\u00edlia bem como aos viseenses\u201d, escreveu o presidente da C\u00e2mara Municipal de Alcoba\u00e7a na sua p\u00e1gina de Facebook.<\/p>\n<p>\u201cUm homem que esteve na linha da frente no combate \u00e0 pandemia, mas sempre com os cuidados devidos porque tinha a no\u00e7\u00e3o das suas patologias e riscos pessoais. Apesar disso, n\u00e3o resistiu infelizmente a esta doen\u00e7a que nos tem fustigado a todos h\u00e1 mais de um ano\u201d, concluiu.<\/p>\n<p><strong>\u00a0 \u00a0Fonte: TCP e AdC<\/strong><\/p>\n","protected":false},"excerpt":{"rendered":"<p>\u00c9 com um sentimento enorme de tristeza que a Entidade Regional de Turismo do Centro de Portugal se junta aos votos de pesar pelo desaparecimento de Ant\u00f3nio Almeida Henriques, presidente da C\u00e2mara Municipal de Viseu. Associamo-nos, assim, ao reconhecimento p\u00fablico para com um homem e um autarca exemplar, que contribuiu de forma \u00edmpar para o [&hellip;]<\/p>\n","protected":false},"author":2,"featured_media":2942,"comment_status":"open","ping_status":"open","sticky":false,"template":"","format":"standard","meta":{"footnotes":""},"categories":[6],"tags":[],"class_list":["post-2939","post","type-post","status-publish","format-standard","has-post-thumbnail","hentry","category-saude"],"_links":{"self":[{"href":"https:\/\/tintafresca.net\/index.php\/wp-json\/wp\/v2\/posts\/2939","targetHints":{"allow":["GET"]}}],"collection":[{"href":"https:\/\/tintafresca.net\/index.php\/wp-json\/wp\/v2\/posts"}],"about":[{"href":"https:\/\/tintafresca.net\/index.php\/wp-json\/wp\/v2\/types\/post"}],"author":[{"embeddable":true,"href":"https:\/\/tintafresca.net\/index.php\/wp-json\/wp\/v2\/users\/2"}],"replies":[{"embeddable":true,"href":"https:\/\/tintafresca.net\/index.php\/wp-json\/wp\/v2\/comments?post=2939"}],"version-history":[{"count":2,"href":"https:\/\/tintafresca.net\/index.php\/wp-json\/wp\/v2\/posts\/2939\/revisions"}],"predecessor-version":[{"id":2943,"href":"https:\/\/tintafresca.net\/index.php\/wp-json\/wp\/v2\/posts\/2939\/revisions\/2943"}],"wp:featuredmedia":[{"embeddable":true,"href":"https:\/\/tintafresca.net\/index.php\/wp-json\/wp\/v2\/media\/2942"}],"wp:attachment":[{"href":"https:\/\/tintafresca.net\/index.php\/wp-json\/wp\/v2\/media?parent=2939"}],"wp:term":[{"taxonomy":"category","embeddable":true,"href":"https:\/\/tintafresca.net\/index.php\/wp-json\/wp\/v2\/categories?post=2939"},{"taxonomy":"post_tag","embeddable":true,"href":"https:\/\/tintafresca.net\/index.php\/wp-json\/wp\/v2\/tags?post=2939"}],"curies":[{"name":"wp","href":"https:\/\/api.w.org\/{rel}","templated":true}]}}