{"id":29504,"date":"2023-08-12T14:42:03","date_gmt":"2023-08-12T14:42:03","guid":{"rendered":"https:\/\/tintafresca.net\/?p=29504"},"modified":"2023-08-12T14:58:14","modified_gmt":"2023-08-12T14:58:14","slug":"centro-de-saude-do-cartaxo-ja-e-usf-modelo-b","status":"publish","type":"post","link":"https:\/\/tintafresca.net\/index.php\/2023\/08\/12\/centro-de-saude-do-cartaxo-ja-e-usf-modelo-b\/","title":{"rendered":"Centro de Sa\u00fade do Cartaxo j\u00e1 \u00e9 USF Modelo B"},"content":{"rendered":"<div id=\"attachment_29506\" style=\"width: 360px\" class=\"wp-caption alignleft\"><img loading=\"lazy\" decoding=\"async\" aria-describedby=\"caption-attachment-29506\" class=\"wp-image-29506\" src=\"https:\/\/tintafresca.net\/wp-content\/uploads\/2023\/08\/Cartaxo_Centro-Saude-Cartaxo10.jpg\" alt=\"\" width=\"350\" height=\"525\" srcset=\"https:\/\/tintafresca.net\/wp-content\/uploads\/2023\/08\/Cartaxo_Centro-Saude-Cartaxo10.jpg 500w, https:\/\/tintafresca.net\/wp-content\/uploads\/2023\/08\/Cartaxo_Centro-Saude-Cartaxo10-200x300.jpg 200w\" sizes=\"auto, (max-width: 350px) 100vw, 350px\" \/><p id=\"caption-attachment-29506\" class=\"wp-caption-text\">Centro de Sa\u00fade do Cartaxo (Foto: V\u00edtor Neno)<\/p><\/div>\n<p>A C\u00e2mara Municipal do Cartaxo congratula-se com a transi\u00e7\u00e3o para Modelo B, da USF Cartaxo Terra Viva. A mudan\u00e7a consolida a valoriza\u00e7\u00e3o dos cuidados de sa\u00fade prim\u00e1rios e abre caminho a uma melhor resposta \u00e0s necessidades em sa\u00fade dos residentes no concelho.<\/p>\n<p>No dia 9 de agosto, foi publicado o Despacho do Minist\u00e9rio da Sa\u00fade, que aprova a passagem da Unidade de Sa\u00fade Familiar Cartaxo Terra Viva, a USF Modelo B.<\/p>\n<p>As Unidades de Sa\u00fade Familiar (USF) de Modelo B, procuram assegurar melhores cuidados de sa\u00fade \u00e0 popula\u00e7\u00e3o e tornam-se uma mais-valia no que respeita \u00e0 atra\u00e7\u00e3o e fixa\u00e7\u00e3o de m\u00e9dicos, com vista a um maior compromisso e foco nos resultados em sa\u00fade, de forma a garantir a estabilidade necess\u00e1ria aos utentes.<\/p>\n<p>No contexto de valoriza\u00e7\u00e3o dos Cuidados de Sa\u00fade Prim\u00e1rios, as USF t\u00eam um papel essencial. S\u00e3o pequenas equipas multiprofissionais, que re\u00fanem m\u00e9dicos, enfermeiros e secret\u00e1rios cl\u00ednicos, que contratualizam com os respetivos Agrupamentos de Centros de Sa\u00fade a assist\u00eancia a uma determinada popula\u00e7\u00e3o \u2013\u00a0com o objetivo de prestar uma melhor resposta \u00e0 popula\u00e7\u00e3o e de assegurar um maior n\u00famero de utentes com m\u00e9dico de fam\u00edlia, aproximando-se, cada vez mais, daquilo que \u00e9 a cobertura total de utentes com m\u00e9dico de fam\u00edlia.<\/p>\n<p>A mudan\u00e7a agora aprovada, consolida a valoriza\u00e7\u00e3o dos cuidados de sa\u00fade prim\u00e1rios e abre caminho a uma melhor resposta \u00e0s necessidades em sa\u00fade dos residentes no concelho, criando possibilidades de acesso no que respeita ao tratamento da doen\u00e7a, tanto quanto, \u00e0 promo\u00e7\u00e3o da sa\u00fade com a\u00e7\u00f5es preventivas.<\/p>\n<p>A C\u00e2mara Municipal do Cartaxo esteve, desde o in\u00edcio, ao lado do Agrupamento de Centros de Sa\u00fade da Lez\u00edria (ACES Lez\u00edria) e da Unidade de Sa\u00fade Familiar Cartaxo Terra Viva (USF Cartaxo Terra Viva), a acompanhar o processo que possibilitou esta \u201ct\u00e3o importante transi\u00e7\u00e3o\u201d, como refere Jo\u00e3o Ferreira Heitor, presidente da C\u00e2mara Municipal do Cartaxo. Para o autarca, \u201cesta mudan\u00e7a vai beneficiar n\u00e3o s\u00f3 todos os mun\u00edcipes do concelho, mas tamb\u00e9m os profissionais de sa\u00fade que aqui trabalham e dedicam a sua vida ao bem-estar e sa\u00fade da popula\u00e7\u00e3o\u201d.<\/p>\n<p><strong>\u00a0 \u00a0 Fonte: GC|CMC<\/strong><\/p>\n","protected":false},"excerpt":{"rendered":"<p>A C\u00e2mara Municipal do Cartaxo congratula-se com a transi\u00e7\u00e3o para Modelo B, da USF Cartaxo Terra Viva. A mudan\u00e7a consolida a valoriza\u00e7\u00e3o dos cuidados de sa\u00fade prim\u00e1rios e abre caminho a uma melhor resposta \u00e0s necessidades em sa\u00fade dos residentes no concelho. No dia 9 de agosto, foi publicado o Despacho do Minist\u00e9rio da Sa\u00fade, [&hellip;]<\/p>\n","protected":false},"author":2,"featured_media":29507,"comment_status":"open","ping_status":"open","sticky":false,"template":"","format":"standard","meta":{"footnotes":""},"categories":[6],"tags":[],"class_list":["post-29504","post","type-post","status-publish","format-standard","has-post-thumbnail","hentry","category-saude"],"_links":{"self":[{"href":"https:\/\/tintafresca.net\/index.php\/wp-json\/wp\/v2\/posts\/29504","targetHints":{"allow":["GET"]}}],"collection":[{"href":"https:\/\/tintafresca.net\/index.php\/wp-json\/wp\/v2\/posts"}],"about":[{"href":"https:\/\/tintafresca.net\/index.php\/wp-json\/wp\/v2\/types\/post"}],"author":[{"embeddable":true,"href":"https:\/\/tintafresca.net\/index.php\/wp-json\/wp\/v2\/users\/2"}],"replies":[{"embeddable":true,"href":"https:\/\/tintafresca.net\/index.php\/wp-json\/wp\/v2\/comments?post=29504"}],"version-history":[{"count":6,"href":"https:\/\/tintafresca.net\/index.php\/wp-json\/wp\/v2\/posts\/29504\/revisions"}],"predecessor-version":[{"id":29512,"href":"https:\/\/tintafresca.net\/index.php\/wp-json\/wp\/v2\/posts\/29504\/revisions\/29512"}],"wp:featuredmedia":[{"embeddable":true,"href":"https:\/\/tintafresca.net\/index.php\/wp-json\/wp\/v2\/media\/29507"}],"wp:attachment":[{"href":"https:\/\/tintafresca.net\/index.php\/wp-json\/wp\/v2\/media?parent=29504"}],"wp:term":[{"taxonomy":"category","embeddable":true,"href":"https:\/\/tintafresca.net\/index.php\/wp-json\/wp\/v2\/categories?post=29504"},{"taxonomy":"post_tag","embeddable":true,"href":"https:\/\/tintafresca.net\/index.php\/wp-json\/wp\/v2\/tags?post=29504"}],"curies":[{"name":"wp","href":"https:\/\/api.w.org\/{rel}","templated":true}]}}