{"id":29559,"date":"2023-08-14T21:31:32","date_gmt":"2023-08-14T21:31:32","guid":{"rendered":"https:\/\/tintafresca.net\/?p=29559"},"modified":"2023-08-14T21:45:34","modified_gmt":"2023-08-14T21:45:34","slug":"candidaturas-ja-estao-abertas-para-atribuicao-de-incentivos-a-fixacao-de-medicos-torres-novas","status":"publish","type":"post","link":"https:\/\/tintafresca.net\/index.php\/2023\/08\/14\/candidaturas-ja-estao-abertas-para-atribuicao-de-incentivos-a-fixacao-de-medicos-torres-novas\/","title":{"rendered":"Candidaturas j\u00e1 est\u00e3o abertas para atribui\u00e7\u00e3o de incentivos \u00e0 fixa\u00e7\u00e3o de m\u00e9dicos Torres Novas"},"content":{"rendered":"<div id=\"attachment_29561\" style=\"width: 360px\" class=\"wp-caption alignleft\"><img loading=\"lazy\" decoding=\"async\" aria-describedby=\"caption-attachment-29561\" class=\"wp-image-29561 size-full\" src=\"https:\/\/tintafresca.net\/wp-content\/uploads\/2023\/08\/torres-novas_Hospital.jpg\" alt=\"\" width=\"350\" height=\"248\" srcset=\"https:\/\/tintafresca.net\/wp-content\/uploads\/2023\/08\/torres-novas_Hospital.jpg 350w, https:\/\/tintafresca.net\/wp-content\/uploads\/2023\/08\/torres-novas_Hospital-300x213.jpg 300w\" sizes=\"auto, (max-width: 350px) 100vw, 350px\" \/><p id=\"caption-attachment-29561\" class=\"wp-caption-text\">Hospital de Torres Novas<\/p><\/div>\n<p>Est\u00e3o abertas, entre 14 de agosto e 12 de setembro, as candidaturas no \u00e2mbito do Regulamento para a Atribui\u00e7\u00e3o Excecional de Incentivos \u00e0 Fixa\u00e7\u00e3o de M\u00e9dicos de Medicina Geral e Familiar nas Unidades de Sa\u00fade de Torres Novas.<\/p>\n<p>Esta medida destina-se aos m\u00e9dicos de medicina geral e familiar que concorram ao preenchimento de vagas nas Unidades de Sa\u00fade do concelho de Torres Novas. O regulamento define as regras de atribui\u00e7\u00e3o de apoio pecuni\u00e1rio, a conceder mensalmente, pelo per\u00edodo m\u00e1ximo de 3 anos, at\u00e9 ao valor m\u00e1ximo de 400\u20ac, para comparticipar despesas de desloca\u00e7\u00e3o, aquisi\u00e7\u00e3o ou arrendamento de habita\u00e7\u00e3o.<\/p>\n<p>Cumulativamente com o apoio nas despesas com estadia e\/ou desloca\u00e7\u00f5es, os m\u00e9dicos de medicina geral e familiar, poder\u00e3o tamb\u00e9m beneficiar de:<\/p>\n<ol>\n<li>a) Devolu\u00e7\u00e3o do Imposto Municipal sobre Im\u00f3veis (IMI) no caso de im\u00f3vel destinado a habita\u00e7\u00e3o pr\u00f3pria e permanente coincidente com o domic\u00edlio fiscal do propriet\u00e1rio, em fun\u00e7\u00e3o do n\u00famero de dependentes que comp\u00f5em o agregado familiar: com um dependente a cargo, 10%; com dois, 15%; com tr\u00eas os mais, 20%;<\/li>\n<li>b) Redu\u00e7\u00e3o das taxas municipais de urbanismo (constru\u00e7\u00e3o ou remodela\u00e7\u00e3o de habita\u00e7\u00e3o pr\u00f3pria) em fun\u00e7\u00e3o do n\u00famero de dependentes que comp\u00f5em o agregado familiar: com um dependente a cargo, 10%; com dois, 15%; com tr\u00eas os mais, 20%.<\/li>\n<\/ol>\n<p>Os m\u00e9dicos que re\u00fanam os requisitos constantes do referido Regulamento poder\u00e3o apresentar candidatura, atrav\u00e9s do email dis@cm-torresnovas.pt, juntando \u00e0 candidatura os seguintes documentos:<\/p>\n<ol>\n<li>a) Formul\u00e1rio de candidatura fornecido pela C\u00e2mara Municipal, em modelo pr\u00f3prio, devidamente preenchido e assinado, nas partes respetivas, pelo candidato;<\/li>\n<li>b) Declara\u00e7\u00e3o, sob compromisso de honra, da veracidade dos elementos constantes da candidatura, em modelo pr\u00f3prio, devidamente assinado pelo candidato;<\/li>\n<li>c) Documento de identifica\u00e7\u00e3o do candidato, designadamente, bilhete de identidade, cart\u00e3o de cidad\u00e3o ou outro documento id\u00f3neo de identifica\u00e7\u00e3o;<\/li>\n<li>d) Fotoc\u00f3pia do contrato de trabalho ou declara\u00e7\u00e3o emitida pelo ACES M\u00e9dio Tejo, a comprovar o v\u00ednculo com o candidato e as respetivas condi\u00e7\u00f5es de trabalho;<\/li>\n<li>e) Elementos relativos \u00e0 conta banc\u00e1ria do candidato para a qual dever\u00e1 ser transferido o apoio (IBAN), no caso de admiss\u00e3o;<\/li>\n<li>f) Fotoc\u00f3pia do \u00faltimo recibo de renda, comprovativo de cr\u00e9dito banc\u00e1rio ou comprovativo das despesas relacionadas com desloca\u00e7\u00f5es (equivalente ao valor mensal gasto em transporte coletivo);<\/li>\n<li>g) Comprovativo da composi\u00e7\u00e3o do agregado familiar, emitido pela Autoridade Tribut\u00e1ria.<\/li>\n<\/ol>\n<p>Para mais informa\u00e7\u00f5es, poder\u00e1 contactar a Divis\u00e3o de A\u00e7\u00e3o Social e Sa\u00fade, atrav\u00e9s do telefone 249 810 790 ou do e-mail dis@cm-torresnovas.pt.<\/p>\n<p><strong> Fonte: DTICMA|CMTN<\/strong><\/p>\n","protected":false},"excerpt":{"rendered":"<p>Est\u00e3o abertas, entre 14 de agosto e 12 de setembro, as candidaturas no \u00e2mbito do Regulamento para a Atribui\u00e7\u00e3o Excecional de Incentivos \u00e0 Fixa\u00e7\u00e3o de M\u00e9dicos de Medicina Geral e Familiar nas Unidades de Sa\u00fade de Torres Novas. Esta medida destina-se aos m\u00e9dicos de medicina geral e familiar que concorram ao preenchimento de vagas nas [&hellip;]<\/p>\n","protected":false},"author":2,"featured_media":29562,"comment_status":"open","ping_status":"open","sticky":false,"template":"","format":"standard","meta":{"footnotes":""},"categories":[6],"tags":[],"class_list":["post-29559","post","type-post","status-publish","format-standard","has-post-thumbnail","hentry","category-saude"],"_links":{"self":[{"href":"https:\/\/tintafresca.net\/index.php\/wp-json\/wp\/v2\/posts\/29559","targetHints":{"allow":["GET"]}}],"collection":[{"href":"https:\/\/tintafresca.net\/index.php\/wp-json\/wp\/v2\/posts"}],"about":[{"href":"https:\/\/tintafresca.net\/index.php\/wp-json\/wp\/v2\/types\/post"}],"author":[{"embeddable":true,"href":"https:\/\/tintafresca.net\/index.php\/wp-json\/wp\/v2\/users\/2"}],"replies":[{"embeddable":true,"href":"https:\/\/tintafresca.net\/index.php\/wp-json\/wp\/v2\/comments?post=29559"}],"version-history":[{"count":2,"href":"https:\/\/tintafresca.net\/index.php\/wp-json\/wp\/v2\/posts\/29559\/revisions"}],"predecessor-version":[{"id":29563,"href":"https:\/\/tintafresca.net\/index.php\/wp-json\/wp\/v2\/posts\/29559\/revisions\/29563"}],"wp:featuredmedia":[{"embeddable":true,"href":"https:\/\/tintafresca.net\/index.php\/wp-json\/wp\/v2\/media\/29562"}],"wp:attachment":[{"href":"https:\/\/tintafresca.net\/index.php\/wp-json\/wp\/v2\/media?parent=29559"}],"wp:term":[{"taxonomy":"category","embeddable":true,"href":"https:\/\/tintafresca.net\/index.php\/wp-json\/wp\/v2\/categories?post=29559"},{"taxonomy":"post_tag","embeddable":true,"href":"https:\/\/tintafresca.net\/index.php\/wp-json\/wp\/v2\/tags?post=29559"}],"curies":[{"name":"wp","href":"https:\/\/api.w.org\/{rel}","templated":true}]}}