{"id":29662,"date":"2023-08-19T00:17:21","date_gmt":"2023-08-19T00:17:21","guid":{"rendered":"https:\/\/tintafresca.net\/?p=29662"},"modified":"2023-08-19T00:21:06","modified_gmt":"2023-08-19T00:21:06","slug":"freguesia-de-mouriscas-volta-a-ter-medico-a-partir-de-1-de-setembro-com-o-projeto-bata-branca","status":"publish","type":"post","link":"https:\/\/tintafresca.net\/index.php\/2023\/08\/19\/freguesia-de-mouriscas-volta-a-ter-medico-a-partir-de-1-de-setembro-com-o-projeto-bata-branca\/","title":{"rendered":"Freguesia de Mouriscas volta a ter  M\u00e9dico a partir de 1 de setembro com o projeto \u201cBata Branca\u201d"},"content":{"rendered":"<p><img loading=\"lazy\" decoding=\"async\" class=\"alignleft wp-image-29664\" src=\"https:\/\/tintafresca.net\/wp-content\/uploads\/2023\/08\/estetoscopio.jpg\" alt=\"\" width=\"350\" height=\"350\" srcset=\"https:\/\/tintafresca.net\/wp-content\/uploads\/2023\/08\/estetoscopio.jpg 468w, https:\/\/tintafresca.net\/wp-content\/uploads\/2023\/08\/estetoscopio-300x300.jpg 300w, https:\/\/tintafresca.net\/wp-content\/uploads\/2023\/08\/estetoscopio-150x150.jpg 150w\" sizes=\"auto, (max-width: 350px) 100vw, 350px\" \/>Ap\u00f3s alguns meses de indefini\u00e7\u00e3o, a Freguesia de Mouriscas, no concelho de Abrantes, voltar\u00e1, a partir de 1 de setembro, a contar com consultas de um m\u00e9dico com especialidade de medicina geral e familiar na Extens\u00e3o de Sa\u00fade de Mouriscas.<\/p>\n<p>Inicialmente previsto para 18 de agosto, e por quest\u00f5es t\u00e9cnicas e administrativas por parte das autoridades de sa\u00fade, o projeto vai iniciar-se a 1 de setembro, tendo sofrido um alargamento nas horas das consultas disponibilizadas, passando das 6 horas semanais para 9 horas semanais, com consultas a serem realizadas \u00e0s ter\u00e7as-feiras, quintas e sextas-feiras, das 9h30 \u00e0s 12h30.<\/p>\n<p>Para o presidente da C\u00e2mara Municipal de Abrantes, Manuel Jorge Valamatos, a falta de m\u00e9dicos de fam\u00edlia \u201c\u00e9 uma das nossas grandes preocupa\u00e7\u00f5es, particularmente por ser uma mat\u00e9ria na qual o Munic\u00edpio est\u00e1 muito limitado por n\u00e3o ter as compet\u00eancias legais para a sua resolu\u00e7\u00e3o\u201d, salientando que \u201ccom o projeto Bata Branca conseguimos encontrar uma solu\u00e7\u00e3o imediata e queremos alarga-la a outras zonas do nosso concelho atrav\u00e9s das nossas Institui\u00e7\u00f5es Particulares de Solidariedade Social, com o Munic\u00edpio a assumir o pagamento de uma parte da remunera\u00e7\u00e3o dos m\u00e9dicos\u201d.<\/p>\n<p>Paralelamente, Manuel Jorge Valamatos clarifica que o Munic\u00edpio de Abrantes est\u00e1 a trabalhar \u201cde forma dedicada\u201d para que seja poss\u00edvel a contrata\u00e7\u00e3o de m\u00e9dicos de fam\u00edlia aposentados, permitindo-lhes um regresso \u00e0 atividade que d\u00ea resposta \u00e0s necessidades da comunidade.<\/p>\n<p>A solu\u00e7\u00e3o encontrada para a Extens\u00e3o de Sa\u00fade de Mouriscas foi alcan\u00e7ada no \u00e2mbito do projeto \u201cBata Branca\u201d, desenvolvido atrav\u00e9s da parceria entre a Uni\u00e3o das Miseric\u00f3rdias Portuguesas e a Administra\u00e7\u00e3o Regional de Sa\u00fade de Lisboa e Vale do Tejo e no qual \u00e9 disponibilizada uma comparticipa\u00e7\u00e3o financeira no valor de 27 euros por hora para os cl\u00ednicos. O valor remanescente da compensa\u00e7\u00e3o aos m\u00e9dicos ser\u00e1 comparticipado pelo Munic\u00edpio de Abrantes atrav\u00e9s de protocolo realizado com a ACATIM \u2013 Associa\u00e7\u00e3o Comunit\u00e1ria de Apoio \u00e0 Terceira Idade de Mouriscas.<\/p>\n<p><strong>\u00a0 \u00a0 \u00a0 <\/strong><strong>Fonte: DC|CMA<\/strong><\/p>\n","protected":false},"excerpt":{"rendered":"<p>Ap\u00f3s alguns meses de indefini\u00e7\u00e3o, a Freguesia de Mouriscas, no concelho de Abrantes, voltar\u00e1, a partir de 1 de setembro, a contar com consultas de um m\u00e9dico com especialidade de medicina geral e familiar na Extens\u00e3o de Sa\u00fade de Mouriscas. Inicialmente previsto para 18 de agosto, e por quest\u00f5es t\u00e9cnicas e administrativas por parte das [&hellip;]<\/p>\n","protected":false},"author":2,"featured_media":29665,"comment_status":"open","ping_status":"open","sticky":false,"template":"","format":"standard","meta":{"footnotes":""},"categories":[6],"tags":[],"class_list":["post-29662","post","type-post","status-publish","format-standard","has-post-thumbnail","hentry","category-saude"],"_links":{"self":[{"href":"https:\/\/tintafresca.net\/index.php\/wp-json\/wp\/v2\/posts\/29662","targetHints":{"allow":["GET"]}}],"collection":[{"href":"https:\/\/tintafresca.net\/index.php\/wp-json\/wp\/v2\/posts"}],"about":[{"href":"https:\/\/tintafresca.net\/index.php\/wp-json\/wp\/v2\/types\/post"}],"author":[{"embeddable":true,"href":"https:\/\/tintafresca.net\/index.php\/wp-json\/wp\/v2\/users\/2"}],"replies":[{"embeddable":true,"href":"https:\/\/tintafresca.net\/index.php\/wp-json\/wp\/v2\/comments?post=29662"}],"version-history":[{"count":2,"href":"https:\/\/tintafresca.net\/index.php\/wp-json\/wp\/v2\/posts\/29662\/revisions"}],"predecessor-version":[{"id":29666,"href":"https:\/\/tintafresca.net\/index.php\/wp-json\/wp\/v2\/posts\/29662\/revisions\/29666"}],"wp:featuredmedia":[{"embeddable":true,"href":"https:\/\/tintafresca.net\/index.php\/wp-json\/wp\/v2\/media\/29665"}],"wp:attachment":[{"href":"https:\/\/tintafresca.net\/index.php\/wp-json\/wp\/v2\/media?parent=29662"}],"wp:term":[{"taxonomy":"category","embeddable":true,"href":"https:\/\/tintafresca.net\/index.php\/wp-json\/wp\/v2\/categories?post=29662"},{"taxonomy":"post_tag","embeddable":true,"href":"https:\/\/tintafresca.net\/index.php\/wp-json\/wp\/v2\/tags?post=29662"}],"curies":[{"name":"wp","href":"https:\/\/api.w.org\/{rel}","templated":true}]}}