{"id":29738,"date":"2023-08-22T00:14:00","date_gmt":"2023-08-22T00:14:00","guid":{"rendered":"https:\/\/tintafresca.net\/?p=29738"},"modified":"2023-08-22T00:14:00","modified_gmt":"2023-08-22T00:14:00","slug":"abrigos-de-jardim-a-nova-tendencia-para-uma-casa-de-verao-confortavel-e-duradoura","status":"publish","type":"post","link":"https:\/\/tintafresca.net\/index.php\/2023\/08\/22\/abrigos-de-jardim-a-nova-tendencia-para-uma-casa-de-verao-confortavel-e-duradoura\/","title":{"rendered":"Abrigos de jardim: a nova tend\u00eancia para uma casa de ver\u00e3o confort\u00e1vel e duradoura"},"content":{"rendered":"<p style=\"font-weight: 400;\"><img loading=\"lazy\" decoding=\"async\" class=\"alignleft wp-image-29740\" src=\"https:\/\/tintafresca.net\/wp-content\/uploads\/2023\/08\/STiV_Media_abrigos_Jardim.webp\" alt=\"\" width=\"400\" height=\"600\" srcset=\"https:\/\/tintafresca.net\/wp-content\/uploads\/2023\/08\/STiV_Media_abrigos_Jardim.webp 687w, https:\/\/tintafresca.net\/wp-content\/uploads\/2023\/08\/STiV_Media_abrigos_Jardim-200x300.webp 200w, https:\/\/tintafresca.net\/wp-content\/uploads\/2023\/08\/STiV_Media_abrigos_Jardim-682x1024.webp 682w\" sizes=\"auto, (max-width: 400px) 100vw, 400px\" \/>Nos \u00faltimos anos \u00e9 poss\u00edvel notar uma crescente tend\u00eancia em busca de solu\u00e7\u00f5es vers\u00e1teis e funcionais para os espa\u00e7os ao ar livre que sejam vers\u00e1teis e sustent\u00e1veis. Desta forma, os abrigos de jardim surgiram como uma resposta elegante e pr\u00e1tica, proporcionando n\u00e3o apenas um espa\u00e7o adicional \u00fatil, mas tamb\u00e9m um ref\u00fagio acolhedor e duradouro para diversas finalidades. Uma empresa que se destaca nesse mercado \u00e9 a Pineca, especializada em abrigos de jardim pr\u00e9-fabricados que oferecem uma gama variada de possibilidades, de oficinas a casas de ver\u00e3o, tudo isso com a facilidade de montagem e a durabilidade da madeira. <a href=\"https:\/\/www.idealista.pt\/news\/decoracao\/conselhos\/2022\/05\/18\/52312-casas-de-madeira-para-ter-no-jardim-e-ganhar-arrumacao-extra\">Os abrigos de jardim s\u00e3o uma solu\u00e7\u00e3o sob medida<\/a>\u00a0para maximizar o potencial do espa\u00e7o externo, seja em uma resid\u00eancia ou em propriedades de f\u00e9rias. A Pineca compreende essa demanda e se destacou no mercado por oferecer estruturas de 6 a 40 metros quadrados que podem ser adaptadas a uma variedade de usos. Dirigido \u00e0 todos que precisam de uma oficina para projetos criativos, um espa\u00e7o para arrumos, um escrit\u00f3rio confort\u00e1vel para o home office, uma sala de exerc\u00edcios inspiradora ou uma casa de ver\u00e3o para relaxar nos dias ensolarados.<\/p>\n<h2 style=\"font-weight: 500;\">Sustentabilidade e conforto<\/h2>\n<p style=\"font-weight: 400;\">A beleza dos abrigos de jardim reside na sua constru\u00e7\u00e3o pr\u00e9-fabricada em madeira, que combina est\u00e9tica natural com durabilidade. A madeira \u00e9 um material atemporal que se integra perfeitamente a qualquer ambiente externo, proporcionando um charme r\u00fastico e convidativo. No caso da\u00a0<a href=\"https:\/\/www.pineca.pt\/abrigos-de-jardim\/\">Pineca.pt<\/a>, a empresa utiliza t\u00e9cnicas avan\u00e7adas de fabrica\u00e7\u00e3o para garantir que seus abrigos sejam resistentes \u00e0s intemp\u00e9ries, oferecendo uma solu\u00e7\u00e3o duradoura para aproveitar ao m\u00e1ximo o seu espa\u00e7o ao ar livre. Uma das caracter\u00edsticas mais marcantes dos abrigos de jardim \u00e9 a facilidade de montagem. Gra\u00e7as \u00e0 sua abordagem pr\u00e9-fabricada, essas estruturas podem ser montadas de maneira r\u00e1pida e descomplicada, sem a necessidade de habilidades de constru\u00e7\u00e3o avan\u00e7adas. Isso n\u00e3o apenas economiza tempo, mas tamb\u00e9m proporciona uma experi\u00eancia gratificante para aqueles que desejam ter seu pr\u00f3prio espa\u00e7o personalizado sem a inconveni\u00eancia de uma constru\u00e7\u00e3o demorada.<\/p>\n<p style=\"font-weight: 400;\">Al\u00e9m disso, h\u00e1 uma ampla variedade de op\u00e7\u00f5es de personaliza\u00e7\u00e3o para atender \u00e0s suas necessidades espec\u00edficas. Desde o tamanho da estrutura at\u00e9 os acabamentos interiores, \u00e9 poss\u00edvel criar um abrigo de jardim que seja verdadeiramente \u00fanico e atenda a todos os seus requisitos de cada uma das pessoas que buscam este tipo de constru\u00e7\u00e3o. Isso \u00e9 particularmente ben\u00e9fico para aqueles que desejam um espa\u00e7o adaptado \u00e0s suas paix\u00f5es e interesses, seja para trabalhar, relaxar ou se exercitar. A popularidade dos abrigos de jardim tamb\u00e9m \u00e9 impulsionada pela sua versatilidade, com a capacidade de serem adaptados para uma variedade de usos, essas estruturas se tornam um investimento inteligente para a sua propriedade. \u00c0 medida que as pessoas buscam maneiras de otimizar o espa\u00e7o dispon\u00edvel, os abrigos de jardim oferecem uma solu\u00e7\u00e3o flex\u00edvel e econ\u00f4mica.<\/p>\n<h2 style=\"font-weight: 500;\">Uma casa perfeita para o ver\u00e3o<\/h2>\n<p style=\"font-weight: 400;\">Em resumo, os abrigos de jardim representam a nova tend\u00eancia em termos de espa\u00e7os vers\u00e1teis e duradouros para a casa de ver\u00e3o. Com uma ampla gama de tamanhos, estilos e op\u00e7\u00f5es de personaliza\u00e7\u00e3o, essas estruturas de madeira pr\u00e9-fabricadas oferecem uma solu\u00e7\u00e3o pr\u00e1tica e encantadora para expandir o seu espa\u00e7o ao ar livre. Seja para criar uma oficina, um escrit\u00f3rio em casa ou uma casa de ver\u00e3o relaxante, os abrigos de jardim da combinam funcionalidade com beleza natural, proporcionando um ref\u00fagio convidativo para todas as esta\u00e7\u00f5es. Uma forma de investir em um estilo de vida mais confort\u00e1vel e aconchegante ao ar livre, sempre pensando no meio ambiente e em formas de\u00a0<a href=\"https:\/\/tintafresca.net\/index.php\/2022\/09\/04\/camara-de-torres-novas-aprova-abertura-de-concurso-para-a-renaturalizacao-do-corredor-ecologico-do-almonda-1a-fase\/\">conviver bem com a natureza.<\/a><\/p>\n","protected":false},"excerpt":{"rendered":"<p>Nos \u00faltimos anos \u00e9 poss\u00edvel notar uma crescente tend\u00eancia em busca de solu\u00e7\u00f5es vers\u00e1teis e funcionais para os espa\u00e7os ao ar livre que sejam vers\u00e1teis e sustent\u00e1veis. Desta forma, os abrigos de jardim surgiram como uma resposta elegante e pr\u00e1tica, proporcionando n\u00e3o apenas um espa\u00e7o adicional \u00fatil, mas tamb\u00e9m um ref\u00fagio acolhedor e duradouro para [&hellip;]<\/p>\n","protected":false},"author":2,"featured_media":29741,"comment_status":"open","ping_status":"open","sticky":false,"template":"","format":"standard","meta":{"footnotes":""},"categories":[4],"tags":[],"class_list":["post-29738","post","type-post","status-publish","format-standard","has-post-thumbnail","hentry","category-opiniao"],"_links":{"self":[{"href":"https:\/\/tintafresca.net\/index.php\/wp-json\/wp\/v2\/posts\/29738","targetHints":{"allow":["GET"]}}],"collection":[{"href":"https:\/\/tintafresca.net\/index.php\/wp-json\/wp\/v2\/posts"}],"about":[{"href":"https:\/\/tintafresca.net\/index.php\/wp-json\/wp\/v2\/types\/post"}],"author":[{"embeddable":true,"href":"https:\/\/tintafresca.net\/index.php\/wp-json\/wp\/v2\/users\/2"}],"replies":[{"embeddable":true,"href":"https:\/\/tintafresca.net\/index.php\/wp-json\/wp\/v2\/comments?post=29738"}],"version-history":[{"count":2,"href":"https:\/\/tintafresca.net\/index.php\/wp-json\/wp\/v2\/posts\/29738\/revisions"}],"predecessor-version":[{"id":29742,"href":"https:\/\/tintafresca.net\/index.php\/wp-json\/wp\/v2\/posts\/29738\/revisions\/29742"}],"wp:featuredmedia":[{"embeddable":true,"href":"https:\/\/tintafresca.net\/index.php\/wp-json\/wp\/v2\/media\/29741"}],"wp:attachment":[{"href":"https:\/\/tintafresca.net\/index.php\/wp-json\/wp\/v2\/media?parent=29738"}],"wp:term":[{"taxonomy":"category","embeddable":true,"href":"https:\/\/tintafresca.net\/index.php\/wp-json\/wp\/v2\/categories?post=29738"},{"taxonomy":"post_tag","embeddable":true,"href":"https:\/\/tintafresca.net\/index.php\/wp-json\/wp\/v2\/tags?post=29738"}],"curies":[{"name":"wp","href":"https:\/\/api.w.org\/{rel}","templated":true}]}}