{"id":29779,"date":"2023-08-23T12:01:41","date_gmt":"2023-08-23T12:01:41","guid":{"rendered":"https:\/\/tintafresca.net\/?p=29779"},"modified":"2023-08-24T10:50:14","modified_gmt":"2023-08-24T10:50:14","slug":"municipio-da-batalha-candidata-se-ao-prr-para-construir-nova-unidade-de-saude-no-concelho","status":"publish","type":"post","link":"https:\/\/tintafresca.net\/index.php\/2023\/08\/23\/municipio-da-batalha-candidata-se-ao-prr-para-construir-nova-unidade-de-saude-no-concelho\/","title":{"rendered":"Munic\u00edpio da Batalha candidata-se ao PRR para construir nova Unidade de Sa\u00fade no concelho"},"content":{"rendered":"<div id=\"attachment_29780\" style=\"width: 510px\" class=\"wp-caption alignleft\"><img loading=\"lazy\" decoding=\"async\" aria-describedby=\"caption-attachment-29780\" class=\"wp-image-29780 size-full\" src=\"https:\/\/tintafresca.net\/wp-content\/uploads\/2023\/08\/Batalha_Centro_de_saude10.png\" alt=\"\" width=\"500\" height=\"228\" srcset=\"https:\/\/tintafresca.net\/wp-content\/uploads\/2023\/08\/Batalha_Centro_de_saude10.png 500w, https:\/\/tintafresca.net\/wp-content\/uploads\/2023\/08\/Batalha_Centro_de_saude10-300x137.png 300w\" sizes=\"auto, (max-width: 500px) 100vw, 500px\" \/><p id=\"caption-attachment-29780\" class=\"wp-caption-text\">Futuro Centro de Sa\u00fade da Batalha<\/p><\/div>\n<p>O Munic\u00edpio da Batalha submeteu uma candidatura no \u00e2mbito do Plano de Recupera\u00e7\u00e3o e Resili\u00eancia (PRR) para a constru\u00e7\u00e3o da nova Unidade de Sa\u00fade da Batalha. A candidatura prev\u00ea um apoio de 4,9 milh\u00f5es de euros contemplando a constru\u00e7\u00e3o do edif\u00edcio, bem como a aquisi\u00e7\u00e3o do equipamento cl\u00ednico, mobili\u00e1rio e inform\u00e1tico. Para o desenvolvimento desta opera\u00e7\u00e3o o Munic\u00edpio celebrou um protocolo com a Administra\u00e7\u00e3o Regional de Sa\u00fade do Centro (ARSC), tendo em vista o objetivo comum \u2013 a constru\u00e7\u00e3o imprescind\u00edvel da Nova Unidade de Sa\u00fade da Batalha.<\/p>\n<p>A Sa\u00fade \u00e9 um dos principais focos de atua\u00e7\u00e3o do atual executivo camar\u00e1rio e como tal, o projeto visa servir cada vez melhor a popula\u00e7\u00e3o Batalhense, com mais servi\u00e7os dispon\u00edveis. A nova Unidade de Sa\u00fade acolher\u00e1 as seguintes \u00e1reas funcionais: &#8211; Unidade de Sa\u00fade Familiar (USF); &#8211; Unidade de Recursos Assistenciais Partilhados (URAP); &#8211; Unidade de Sa\u00fade P\u00fablica (USP); &#8211; Unidade de Cuidados na Comunidade (UCC).<\/p>\n<p>A realiza\u00e7\u00e3o da obra est\u00e1 prevista num per\u00edodo entre 2024 e 2025.<\/p>\n<p><strong> Fonte: DS|GC|CMB<\/strong><\/p>\n","protected":false},"excerpt":{"rendered":"<p>O Munic\u00edpio da Batalha submeteu uma candidatura no \u00e2mbito do Plano de Recupera\u00e7\u00e3o e Resili\u00eancia (PRR) para a constru\u00e7\u00e3o da nova Unidade de Sa\u00fade da Batalha. A candidatura prev\u00ea um apoio de 4,9 milh\u00f5es de euros contemplando a constru\u00e7\u00e3o do edif\u00edcio, bem como a aquisi\u00e7\u00e3o do equipamento cl\u00ednico, mobili\u00e1rio e inform\u00e1tico. Para o desenvolvimento desta [&hellip;]<\/p>\n","protected":false},"author":2,"featured_media":29807,"comment_status":"open","ping_status":"open","sticky":false,"template":"","format":"standard","meta":{"footnotes":""},"categories":[6],"tags":[],"class_list":["post-29779","post","type-post","status-publish","format-standard","has-post-thumbnail","hentry","category-saude"],"_links":{"self":[{"href":"https:\/\/tintafresca.net\/index.php\/wp-json\/wp\/v2\/posts\/29779","targetHints":{"allow":["GET"]}}],"collection":[{"href":"https:\/\/tintafresca.net\/index.php\/wp-json\/wp\/v2\/posts"}],"about":[{"href":"https:\/\/tintafresca.net\/index.php\/wp-json\/wp\/v2\/types\/post"}],"author":[{"embeddable":true,"href":"https:\/\/tintafresca.net\/index.php\/wp-json\/wp\/v2\/users\/2"}],"replies":[{"embeddable":true,"href":"https:\/\/tintafresca.net\/index.php\/wp-json\/wp\/v2\/comments?post=29779"}],"version-history":[{"count":2,"href":"https:\/\/tintafresca.net\/index.php\/wp-json\/wp\/v2\/posts\/29779\/revisions"}],"predecessor-version":[{"id":29783,"href":"https:\/\/tintafresca.net\/index.php\/wp-json\/wp\/v2\/posts\/29779\/revisions\/29783"}],"wp:featuredmedia":[{"embeddable":true,"href":"https:\/\/tintafresca.net\/index.php\/wp-json\/wp\/v2\/media\/29807"}],"wp:attachment":[{"href":"https:\/\/tintafresca.net\/index.php\/wp-json\/wp\/v2\/media?parent=29779"}],"wp:term":[{"taxonomy":"category","embeddable":true,"href":"https:\/\/tintafresca.net\/index.php\/wp-json\/wp\/v2\/categories?post=29779"},{"taxonomy":"post_tag","embeddable":true,"href":"https:\/\/tintafresca.net\/index.php\/wp-json\/wp\/v2\/tags?post=29779"}],"curies":[{"name":"wp","href":"https:\/\/api.w.org\/{rel}","templated":true}]}}