{"id":29808,"date":"2023-08-24T12:36:16","date_gmt":"2023-08-24T12:36:16","guid":{"rendered":"https:\/\/tintafresca.net\/?p=29808"},"modified":"2023-08-25T12:02:21","modified_gmt":"2023-08-25T12:02:21","slug":"pera-rocha-estima-quebra-de-producao-de-60","status":"publish","type":"post","link":"https:\/\/tintafresca.net\/index.php\/2023\/08\/24\/pera-rocha-estima-quebra-de-producao-de-60\/","title":{"rendered":"Pera rocha estima quebra de produ\u00e7\u00e3o de 60%"},"content":{"rendered":"<div id=\"attachment_29811\" style=\"width: 510px\" class=\"wp-caption alignleft\"><img loading=\"lazy\" decoding=\"async\" aria-describedby=\"caption-attachment-29811\" class=\"wp-image-29811 size-full\" src=\"https:\/\/tintafresca.net\/wp-content\/uploads\/2023\/08\/Cadaval_PSD_Pera_Rocha10.jpg\" alt=\"\" width=\"500\" height=\"281\" srcset=\"https:\/\/tintafresca.net\/wp-content\/uploads\/2023\/08\/Cadaval_PSD_Pera_Rocha10.jpg 500w, https:\/\/tintafresca.net\/wp-content\/uploads\/2023\/08\/Cadaval_PSD_Pera_Rocha10-300x169.jpg 300w\" sizes=\"auto, (max-width: 500px) 100vw, 500px\" \/><p id=\"caption-attachment-29811\" class=\"wp-caption-text\">Deputado Duarte Pacheco reuniu com a Associa\u00e7\u00e3o Nacional de Produtores de Pera Rocha e representantes de produtores<\/p><\/div>\n<p>O deputado Duarte Pacheco deslocou-se ao Cadaval para se inteirar da situa\u00e7\u00e3o da campanha da Pera Rocha que, pelo segundo ano consecutivo, apresenta uma baixa produ\u00e7\u00e3o desta vez devido ao escald\u00e3o solar causado pelas elevadas temperaturas que se fizeram sentir por toda e regi\u00e3o nos dias 7 e 8 de agosto. Em reuni\u00e3o com a ANP \u2013 Associa\u00e7\u00e3o Nacional de Produtores de Pera Rocha e representantes de Organiza\u00e7\u00f5es de Produtores, o deputado do PSD p\u00f4de constatar as dificuldades que o setor atravessa, com impactos muito negativos na economia local e da regi\u00e3o, e a total falta de respostas por parte do Governo.<\/p>\n<p>Para al\u00e9m do problema do escald\u00e3o solar, em que at\u00e9 \u00e0 presente data n\u00e3o teve qualquer rea\u00e7\u00e3o por nenhuma entidade ou organismo do Estado, mesmo ap\u00f3s as comunica\u00e7\u00f5es da ANP, foram tamb\u00e9m referidas quest\u00f5es antigas que o setor reclama, como as coberturas dos seguros de colheita que n\u00e3o cobrem o escald\u00e3o solar, a necessidade de desenvolvimento de investiga\u00e7\u00e3o sobre as pragas e doen\u00e7as que afetam a produ\u00e7\u00e3o, ou um plano estrutural para a \u00e1gua, que pode passar pela constru\u00e7\u00e3o de charcas e pequenos reservat\u00f3rios no curto prazo, sem preju\u00edzo de projetos de maior envergadura j\u00e1 anunciados mas sem qualquer desenvolvimento.<\/p>\n<p>Com uma quebra estimada de cerca de 60% da produ\u00e7\u00e3o, podem estar em causa mais de 5000 empregos na regi\u00e3o, bem como avultados investimentos feitos nas Organiza\u00e7\u00f5es de Produtores, com impactos econ\u00f3micos e sociais muito negativos na regi\u00e3o e na balan\u00e7a comercial do pa\u00eds.<\/p>\n","protected":false},"excerpt":{"rendered":"<p>O deputado Duarte Pacheco deslocou-se ao Cadaval para se inteirar da situa\u00e7\u00e3o da campanha da Pera Rocha que, pelo segundo ano consecutivo, apresenta uma baixa produ\u00e7\u00e3o desta vez devido ao escald\u00e3o solar causado pelas elevadas temperaturas que se fizeram sentir por toda e regi\u00e3o nos dias 7 e 8 de agosto. Em reuni\u00e3o com a [&hellip;]<\/p>\n","protected":false},"author":2,"featured_media":19973,"comment_status":"open","ping_status":"open","sticky":false,"template":"","format":"standard","meta":{"footnotes":""},"categories":[7],"tags":[],"class_list":["post-29808","post","type-post","status-publish","format-standard","has-post-thumbnail","hentry","category-economia"],"_links":{"self":[{"href":"https:\/\/tintafresca.net\/index.php\/wp-json\/wp\/v2\/posts\/29808","targetHints":{"allow":["GET"]}}],"collection":[{"href":"https:\/\/tintafresca.net\/index.php\/wp-json\/wp\/v2\/posts"}],"about":[{"href":"https:\/\/tintafresca.net\/index.php\/wp-json\/wp\/v2\/types\/post"}],"author":[{"embeddable":true,"href":"https:\/\/tintafresca.net\/index.php\/wp-json\/wp\/v2\/users\/2"}],"replies":[{"embeddable":true,"href":"https:\/\/tintafresca.net\/index.php\/wp-json\/wp\/v2\/comments?post=29808"}],"version-history":[{"count":4,"href":"https:\/\/tintafresca.net\/index.php\/wp-json\/wp\/v2\/posts\/29808\/revisions"}],"predecessor-version":[{"id":29820,"href":"https:\/\/tintafresca.net\/index.php\/wp-json\/wp\/v2\/posts\/29808\/revisions\/29820"}],"wp:featuredmedia":[{"embeddable":true,"href":"https:\/\/tintafresca.net\/index.php\/wp-json\/wp\/v2\/media\/19973"}],"wp:attachment":[{"href":"https:\/\/tintafresca.net\/index.php\/wp-json\/wp\/v2\/media?parent=29808"}],"wp:term":[{"taxonomy":"category","embeddable":true,"href":"https:\/\/tintafresca.net\/index.php\/wp-json\/wp\/v2\/categories?post=29808"},{"taxonomy":"post_tag","embeddable":true,"href":"https:\/\/tintafresca.net\/index.php\/wp-json\/wp\/v2\/tags?post=29808"}],"curies":[{"name":"wp","href":"https:\/\/api.w.org\/{rel}","templated":true}]}}