{"id":30013,"date":"2023-09-01T21:10:31","date_gmt":"2023-09-01T21:10:31","guid":{"rendered":"https:\/\/tintafresca.net\/?p=30013"},"modified":"2023-09-01T21:22:54","modified_gmt":"2023-09-01T21:22:54","slug":"faculdade-de-medicina-da-universidade-do-porto-promove-projeto-de-promocao-da-saude-nas-caldas-da-rainha","status":"publish","type":"post","link":"https:\/\/tintafresca.net\/index.php\/2023\/09\/01\/faculdade-de-medicina-da-universidade-do-porto-promove-projeto-de-promocao-da-saude-nas-caldas-da-rainha\/","title":{"rendered":"Faculdade de Medicina da Universidade do Porto promove projeto de promo\u00e7\u00e3o da sa\u00fade nas Caldas da Rainha"},"content":{"rendered":"<div id=\"attachment_16860\" style=\"width: 510px\" class=\"wp-caption alignleft\"><img loading=\"lazy\" decoding=\"async\" aria-describedby=\"caption-attachment-16860\" class=\"wp-image-16860 size-full\" src=\"https:\/\/tintafresca.net\/wp-content\/uploads\/2022\/05\/Hospital-Termal10.jpg\" alt=\"\" width=\"500\" height=\"375\" srcset=\"https:\/\/tintafresca.net\/wp-content\/uploads\/2022\/05\/Hospital-Termal10.jpg 500w, https:\/\/tintafresca.net\/wp-content\/uploads\/2022\/05\/Hospital-Termal10-300x225.jpg 300w\" sizes=\"auto, (max-width: 500px) 100vw, 500px\" \/><p id=\"caption-attachment-16860\" class=\"wp-caption-text\">Hospital Termal das Caldas da Rainha<\/p><\/div>\n<p>Caldas da Rainha foi, este ano, selecionada para acolher o projeto \u201cMedicina Vai&#8221;, desenvolvido pela Associa\u00e7\u00e3o de Estudantes da Faculdade de Medicina da Universidade do Porto. Entre 4 e 9 de setembro, a iniciativa ir\u00e1 trazer at\u00e9 \u00e0s Caldas da Rainha 50 estudantes da Faculdade de Medicina da Universidade do Porto, com a miss\u00e3o de sensibilizar a comunidade sobre quest\u00f5es relacionadas com a sa\u00fade.<\/p>\n<p>A sess\u00e3o de boas-vindas realiza-se no dia 4 de setembro, pelas 15h30, no Sal\u00e3o Nobre dos Pa\u00e7os do Concelho.<\/p>\n<p>A iniciativa da \u00e1rea da sa\u00fade promover\u00e1 a\u00e7\u00f5es de forma\u00e7\u00e3o e educa\u00e7\u00e3o, bem como atividades abertas junto da popula\u00e7\u00e3o a decorrer em todas as freguesias do concelho, em articula\u00e7\u00e3o com as uni\u00f5es e juntas de freguesia e IPSS locais.<\/p>\n<p>O projeto pretende alertar os estudantes de Medicina para as car\u00eancias de algumas zonas perif\u00e9ricas do pa\u00eds quanto aos cuidados de sa\u00fade, consciencializando-os para o papel interventivo que podem ter nestas regi\u00f5es, sobretudo nas zonas rurais.<\/p>\n<p>A iniciativa inclui atividades como rastreios, Hospital dos Pequeninos, forma\u00e7\u00e3o de Primeiros Socorros de Suporte B\u00e1sico de Vida, a\u00e7\u00f5es de sensibiliza\u00e7\u00e3o, entre outras.<\/p>\n","protected":false},"excerpt":{"rendered":"<p>Caldas da Rainha foi, este ano, selecionada para acolher o projeto \u201cMedicina Vai&#8221;, desenvolvido pela Associa\u00e7\u00e3o de Estudantes da Faculdade de Medicina da Universidade do Porto. Entre 4 e 9 de setembro, a iniciativa ir\u00e1 trazer at\u00e9 \u00e0s Caldas da Rainha 50 estudantes da Faculdade de Medicina da Universidade do Porto, com a miss\u00e3o de [&hellip;]<\/p>\n","protected":false},"author":2,"featured_media":16861,"comment_status":"open","ping_status":"open","sticky":false,"template":"","format":"standard","meta":{"footnotes":""},"categories":[6],"tags":[],"class_list":["post-30013","post","type-post","status-publish","format-standard","has-post-thumbnail","hentry","category-saude"],"_links":{"self":[{"href":"https:\/\/tintafresca.net\/index.php\/wp-json\/wp\/v2\/posts\/30013","targetHints":{"allow":["GET"]}}],"collection":[{"href":"https:\/\/tintafresca.net\/index.php\/wp-json\/wp\/v2\/posts"}],"about":[{"href":"https:\/\/tintafresca.net\/index.php\/wp-json\/wp\/v2\/types\/post"}],"author":[{"embeddable":true,"href":"https:\/\/tintafresca.net\/index.php\/wp-json\/wp\/v2\/users\/2"}],"replies":[{"embeddable":true,"href":"https:\/\/tintafresca.net\/index.php\/wp-json\/wp\/v2\/comments?post=30013"}],"version-history":[{"count":2,"href":"https:\/\/tintafresca.net\/index.php\/wp-json\/wp\/v2\/posts\/30013\/revisions"}],"predecessor-version":[{"id":30015,"href":"https:\/\/tintafresca.net\/index.php\/wp-json\/wp\/v2\/posts\/30013\/revisions\/30015"}],"wp:featuredmedia":[{"embeddable":true,"href":"https:\/\/tintafresca.net\/index.php\/wp-json\/wp\/v2\/media\/16861"}],"wp:attachment":[{"href":"https:\/\/tintafresca.net\/index.php\/wp-json\/wp\/v2\/media?parent=30013"}],"wp:term":[{"taxonomy":"category","embeddable":true,"href":"https:\/\/tintafresca.net\/index.php\/wp-json\/wp\/v2\/categories?post=30013"},{"taxonomy":"post_tag","embeddable":true,"href":"https:\/\/tintafresca.net\/index.php\/wp-json\/wp\/v2\/tags?post=30013"}],"curies":[{"name":"wp","href":"https:\/\/api.w.org\/{rel}","templated":true}]}}