{"id":30025,"date":"2023-09-02T14:06:52","date_gmt":"2023-09-02T14:06:52","guid":{"rendered":"https:\/\/tintafresca.net\/?p=30025"},"modified":"2023-09-02T14:14:56","modified_gmt":"2023-09-02T14:14:56","slug":"gnr-detem-jovem-de-16-anos-por-incendio-florestal-na-serra-de-porto-urso-no-concelho-de-leiria","status":"publish","type":"post","link":"https:\/\/tintafresca.net\/index.php\/2023\/09\/02\/gnr-detem-jovem-de-16-anos-por-incendio-florestal-na-serra-de-porto-urso-no-concelho-de-leiria\/","title":{"rendered":"GNR det\u00e9m jovem de 16 anos por inc\u00eandio florestal na serra de Porto Urso, no concelho de Leiria"},"content":{"rendered":"<div id=\"attachment_29124\" style=\"width: 350px\" class=\"wp-caption alignleft\"><img loading=\"lazy\" decoding=\"async\" aria-describedby=\"caption-attachment-29124\" class=\"wp-image-29124 size-full\" src=\"https:\/\/tintafresca.net\/wp-content\/uploads\/2023\/07\/Leiria_GNR-1.png\" alt=\"\" width=\"340\" height=\"600\" srcset=\"https:\/\/tintafresca.net\/wp-content\/uploads\/2023\/07\/Leiria_GNR-1.png 340w, https:\/\/tintafresca.net\/wp-content\/uploads\/2023\/07\/Leiria_GNR-1-170x300.png 170w\" sizes=\"auto, (max-width: 340px) 100vw, 340px\" \/><p id=\"caption-attachment-29124\" class=\"wp-caption-text\">Quartel da GNR em Leiria<\/p><\/div>\n<p>O Comando Territorial de Leiria, atrav\u00e9s do Servi\u00e7o de Prote\u00e7\u00e3o da Natureza e do Ambiente (SEPNA) do Destacamento Territorial de Leiria, deteve esta sexta-feira, dia 1 de setembro, em flagrante um jovem de 16 anos, por inc\u00eandio florestal no concelho de Leiria.<\/p>\n<p>No decorrer de uma a\u00e7\u00e3o de patrulhamento e vigil\u00e2ncia na serra de Porto Urso, freguesia de Monte Real e Carvide, os elementos do N\u00facleo de Prote\u00e7\u00e3o Ambiental (NPA) de Leiria com o apoio de populares detetaram o suspeito a incendiar uma zona florestal atrav\u00e9s de chama direta, com um isqueiro, tendo sido detido em flagrante. O detido, foi constitu\u00eddo arguido e entregue \u00e0 Pol\u00edcia Judici\u00e1ria.<\/p>\n<p>A a\u00e7\u00e3o contou com a colabora\u00e7\u00e3o da Pol\u00edcia Judici\u00e1ria e da popula\u00e7\u00e3o local.<\/p>\n<p>A prote\u00e7\u00e3o de pessoas e bens, no \u00e2mbito dos inc\u00eandios rurais, continua a assumir-se como uma das prioridades da GNR, sustentada numa atua\u00e7\u00e3o preventiva e num esfor\u00e7o de patrulhamento nas \u00e1reas florestais.<\/p>\n<p>A GNR relembra que as queimas e queimadas s\u00e3o das principais causas de inc\u00eandios em Portugal;<\/p>\n<p>A realiza\u00e7\u00e3o de queimadas, de queima de amontoados e de fogueiras \u00e9 interdita sempre que se verifique um n\u00edvel de perigo de inc\u00eandio rural \u00abmuito elevado\u00bb ou \u00abm\u00e1ximo\u00bb, estando dependente de autoriza\u00e7\u00e3o ou de comunica\u00e7\u00e3o pr\u00e9via noutros per\u00edodos;<\/p>\n<p>Para evitar acidentes siga as regras de seguran\u00e7a, esteja sempre acompanhado e leve consigo o telem\u00f3vel.<\/p>\n<p>A Guarda Nacional Republicana, atrav\u00e9s do Servi\u00e7o da Prote\u00e7\u00e3o da Natureza e do Ambiente (SEPNA), tem como preocupa\u00e7\u00e3o di\u00e1ria a prote\u00e7\u00e3o ambiental e dos animais. Para o efeito, poder\u00e1 ser utilizada a Linha SOS Ambiente e Territ\u00f3rio (808 200 520) funcionando em perman\u00eancia para a den\u00fancia de infra\u00e7\u00f5es ou esclarecimento de d\u00favidas.<\/p>\n<p><strong>Fonte: CTL|GNR<\/strong><\/p>\n","protected":false},"excerpt":{"rendered":"<p>O Comando Territorial de Leiria, atrav\u00e9s do Servi\u00e7o de Prote\u00e7\u00e3o da Natureza e do Ambiente (SEPNA) do Destacamento Territorial de Leiria, deteve esta sexta-feira, dia 1 de setembro, em flagrante um jovem de 16 anos, por inc\u00eandio florestal no concelho de Leiria. No decorrer de uma a\u00e7\u00e3o de patrulhamento e vigil\u00e2ncia na serra de Porto [&hellip;]<\/p>\n","protected":false},"author":2,"featured_media":30028,"comment_status":"open","ping_status":"open","sticky":false,"template":"","format":"standard","meta":{"footnotes":""},"categories":[9],"tags":[],"class_list":["post-30025","post","type-post","status-publish","format-standard","has-post-thumbnail","hentry","category-ambiente"],"_links":{"self":[{"href":"https:\/\/tintafresca.net\/index.php\/wp-json\/wp\/v2\/posts\/30025","targetHints":{"allow":["GET"]}}],"collection":[{"href":"https:\/\/tintafresca.net\/index.php\/wp-json\/wp\/v2\/posts"}],"about":[{"href":"https:\/\/tintafresca.net\/index.php\/wp-json\/wp\/v2\/types\/post"}],"author":[{"embeddable":true,"href":"https:\/\/tintafresca.net\/index.php\/wp-json\/wp\/v2\/users\/2"}],"replies":[{"embeddable":true,"href":"https:\/\/tintafresca.net\/index.php\/wp-json\/wp\/v2\/comments?post=30025"}],"version-history":[{"count":2,"href":"https:\/\/tintafresca.net\/index.php\/wp-json\/wp\/v2\/posts\/30025\/revisions"}],"predecessor-version":[{"id":30027,"href":"https:\/\/tintafresca.net\/index.php\/wp-json\/wp\/v2\/posts\/30025\/revisions\/30027"}],"wp:featuredmedia":[{"embeddable":true,"href":"https:\/\/tintafresca.net\/index.php\/wp-json\/wp\/v2\/media\/30028"}],"wp:attachment":[{"href":"https:\/\/tintafresca.net\/index.php\/wp-json\/wp\/v2\/media?parent=30025"}],"wp:term":[{"taxonomy":"category","embeddable":true,"href":"https:\/\/tintafresca.net\/index.php\/wp-json\/wp\/v2\/categories?post=30025"},{"taxonomy":"post_tag","embeddable":true,"href":"https:\/\/tintafresca.net\/index.php\/wp-json\/wp\/v2\/tags?post=30025"}],"curies":[{"name":"wp","href":"https:\/\/api.w.org\/{rel}","templated":true}]}}