{"id":30154,"date":"2023-09-07T11:20:32","date_gmt":"2023-09-07T11:20:32","guid":{"rendered":"https:\/\/tintafresca.net\/?p=30154"},"modified":"2023-09-07T11:20:32","modified_gmt":"2023-09-07T11:20:32","slug":"camara-de-leiria-exige-ao-governo-reforco-dos-cuidados-de-saude-primarios-no-concelho","status":"publish","type":"post","link":"https:\/\/tintafresca.net\/index.php\/2023\/09\/07\/camara-de-leiria-exige-ao-governo-reforco-dos-cuidados-de-saude-primarios-no-concelho\/","title":{"rendered":"C\u00e2mara de Leiria exige ao Governo refor\u00e7o dos cuidados de sa\u00fade prim\u00e1rios no concelho"},"content":{"rendered":"<div id=\"attachment_11881\" style=\"width: 510px\" class=\"wp-caption alignleft\"><img loading=\"lazy\" decoding=\"async\" aria-describedby=\"caption-attachment-11881\" class=\"wp-image-11881 size-full\" src=\"https:\/\/tintafresca.net\/wp-content\/uploads\/2021\/12\/Leiria_Centro_Saude_10.jpg\" alt=\"\" width=\"500\" height=\"281\" \/><p id=\"caption-attachment-11881\" class=\"wp-caption-text\">Centro de Sa\u00fade de Leiria Dr. Gorj\u00e3o Henriques<\/p><\/div>\n<p>O Munic\u00edpio de Leiria aprovou, por unanimidade, na reuni\u00e3o de executivo, que decorreu esta ter\u00e7a-feira, dia 5 de setembro, uma mo\u00e7\u00e3o que solicita ao Minist\u00e9rio da Sa\u00fade um diagn\u00f3stico ao quadro de recursos humanos da rede de cuidados prim\u00e1rios no concelho.<\/p>\n<p>Nesta mo\u00e7\u00e3o, apresentada pela vice-presidente do Munic\u00edpio, Anabela Gra\u00e7a, \u00e9 tamb\u00e9m solicitado \u00e0 tutela que, com car\u00e1ter de urg\u00eancia, sejam adotadas medidas com o objetivo de ultrapassar a presente situa\u00e7\u00e3o, a qual tem vindo a gerar um justificado e crescente sentimento de insatisfa\u00e7\u00e3o junto da popula\u00e7\u00e3o.<\/p>\n<p>No artigo 64\u00ba da Constitui\u00e7\u00e3o portuguesa \u00e9 consagrado \u201co direito \u00e0 prote\u00e7\u00e3o da sa\u00fade e o dever de a defender e promover, sendo que este direito \u00e9 realizado atrav\u00e9s de um servi\u00e7o nacional de sa\u00fade universal e geral, tendencialmente gratuito, tendo em conta as condi\u00e7\u00f5es econ\u00f3micas e sociais dos cidad\u00e3os\u201d.<\/p>\n<p>No entanto, nos \u00faltimos meses, conforme se destaca nesta mo\u00e7\u00e3o, \u201cverifica-se uma degrada\u00e7\u00e3o progressiva deste direito, face ao encerramento sucessivo de unidades p\u00fablicas de presta\u00e7\u00e3o de cuidados de sa\u00fade, na maioria das situa\u00e7\u00f5es devido \u00e0 escassez de recursos humanos. A agravar este cen\u00e1rio, constata-se que o n\u00famero de m\u00e9dicos em situa\u00e7\u00e3o de aposenta\u00e7\u00e3o n\u00e3o est\u00e1 a ser compensado por igual n\u00famero na contrata\u00e7\u00e3o de novos m\u00e9dicos.\u201d<\/p>\n<p>Segundo a mesma, esta situa\u00e7\u00e3o \u201ctem como resultado o acr\u00e9scimo, no concelho de Leiria, do n\u00famero de pessoas sem m\u00e9dico de fam\u00edlia atribu\u00eddo, comprometendo a presta\u00e7\u00e3o de cuidados de sa\u00fade prim\u00e1rios a que a popula\u00e7\u00e3o tem direito\u201d.<\/p>\n<p>Apesar de estarmos perante uma compet\u00eancia do Minist\u00e9rio da Sa\u00fade, o Munic\u00edpio de Leiria, consciente desta situa\u00e7\u00e3o, ir\u00e1 implementar o projeto Bata Branca para ajudar a minorar o impacto da falta de m\u00e9dicos de fam\u00edlia e, desta forma, garantir apoio \u00e0 popula\u00e7\u00e3o, no que diz respeito a consultas m\u00e9dicas, prescri\u00e7\u00e3o de medica\u00e7\u00e3o e exames complementares de diagn\u00f3stico.<\/p>\n<p>De igual forma, est\u00e1 a ser preparado o Regulamento de Incentivo \u00e0 Fixa\u00e7\u00e3o de M\u00e9dicos no concelho de Leiria.<\/p>\n<p>Apesar da sua import\u00e2ncia, estas medidas n\u00e3o ser\u00e3o suficientes para que toda a popula\u00e7\u00e3o do concelho de Leira tenha acesso a cuidados de sa\u00fade.<\/p>\n<p><strong>\u00a0 \u00a0 \u00a0 Fonte: DCRP|CML<\/strong><\/p>\n","protected":false},"excerpt":{"rendered":"<p>O Munic\u00edpio de Leiria aprovou, por unanimidade, na reuni\u00e3o de executivo, que decorreu esta ter\u00e7a-feira, dia 5 de setembro, uma mo\u00e7\u00e3o que solicita ao Minist\u00e9rio da Sa\u00fade um diagn\u00f3stico ao quadro de recursos humanos da rede de cuidados prim\u00e1rios no concelho. Nesta mo\u00e7\u00e3o, apresentada pela vice-presidente do Munic\u00edpio, Anabela Gra\u00e7a, \u00e9 tamb\u00e9m solicitado \u00e0 tutela [&hellip;]<\/p>\n","protected":false},"author":2,"featured_media":24673,"comment_status":"open","ping_status":"open","sticky":false,"template":"","format":"standard","meta":{"footnotes":""},"categories":[6],"tags":[],"class_list":["post-30154","post","type-post","status-publish","format-standard","has-post-thumbnail","hentry","category-saude"],"_links":{"self":[{"href":"https:\/\/tintafresca.net\/index.php\/wp-json\/wp\/v2\/posts\/30154","targetHints":{"allow":["GET"]}}],"collection":[{"href":"https:\/\/tintafresca.net\/index.php\/wp-json\/wp\/v2\/posts"}],"about":[{"href":"https:\/\/tintafresca.net\/index.php\/wp-json\/wp\/v2\/types\/post"}],"author":[{"embeddable":true,"href":"https:\/\/tintafresca.net\/index.php\/wp-json\/wp\/v2\/users\/2"}],"replies":[{"embeddable":true,"href":"https:\/\/tintafresca.net\/index.php\/wp-json\/wp\/v2\/comments?post=30154"}],"version-history":[{"count":3,"href":"https:\/\/tintafresca.net\/index.php\/wp-json\/wp\/v2\/posts\/30154\/revisions"}],"predecessor-version":[{"id":30157,"href":"https:\/\/tintafresca.net\/index.php\/wp-json\/wp\/v2\/posts\/30154\/revisions\/30157"}],"wp:featuredmedia":[{"embeddable":true,"href":"https:\/\/tintafresca.net\/index.php\/wp-json\/wp\/v2\/media\/24673"}],"wp:attachment":[{"href":"https:\/\/tintafresca.net\/index.php\/wp-json\/wp\/v2\/media?parent=30154"}],"wp:term":[{"taxonomy":"category","embeddable":true,"href":"https:\/\/tintafresca.net\/index.php\/wp-json\/wp\/v2\/categories?post=30154"},{"taxonomy":"post_tag","embeddable":true,"href":"https:\/\/tintafresca.net\/index.php\/wp-json\/wp\/v2\/tags?post=30154"}],"curies":[{"name":"wp","href":"https:\/\/api.w.org\/{rel}","templated":true}]}}