{"id":3028,"date":"2021-04-07T18:32:39","date_gmt":"2021-04-07T18:32:39","guid":{"rendered":"https:\/\/tintafresca.net\/?p=3028"},"modified":"2021-04-07T18:32:39","modified_gmt":"2021-04-07T18:32:39","slug":"processo-de-vacinacao-no-concelho-do-cartaxo-ja-atingiu-17-da-populacao","status":"publish","type":"post","link":"https:\/\/tintafresca.net\/index.php\/2021\/04\/07\/processo-de-vacinacao-no-concelho-do-cartaxo-ja-atingiu-17-da-populacao\/","title":{"rendered":"Processo de vacina\u00e7\u00e3o no concelho do Cartaxo j\u00e1 atingiu 17% da popula\u00e7\u00e3o"},"content":{"rendered":"<div id=\"attachment_3030\" style=\"width: 510px\" class=\"wp-caption alignleft\"><img loading=\"lazy\" decoding=\"async\" aria-describedby=\"caption-attachment-3030\" class=\"wp-image-3030 size-full\" src=\"https:\/\/tintafresca.net\/wp-content\/uploads\/2021\/04\/Cartaxo_Vacinacao10.jpg\" alt=\"\" width=\"500\" height=\"333\" \/><p id=\"caption-attachment-3030\" class=\"wp-caption-text\">Centro de Vacina\u00e7\u00e3o do Cartaxo tem capacidade para administrar 280 vacinas por dia<\/p><\/div>\n<p>Desde o in\u00edcio do Plano de Vacina\u00e7\u00e3o, no final de janeiro, foram administradas 4307 vacinas no concelho do Cartaxo, cerca de 17% dos 24 mil habitantes. O presidente da C\u00e2mara Municipal do Cartaxo, Pedro Magalh\u00e3es Ribeiro fez o balan\u00e7o do Plano de Vacina\u00e7\u00e3o no concelho reconhecendo que a \u201cdedica\u00e7\u00e3o de cada profissional que presta servi\u00e7o p\u00fablico no Centro de Vacina\u00e7\u00e3o, \u00e9 a raz\u00e3o essencial do balan\u00e7o muito positivo\u201d que a C\u00e2mara Municipal faz do modo \u201cseguro, tranquilo e eficaz como o processo tem decorrido no concelho\u201d.<\/p>\n<p><em>No concelho do Cartaxo foram administradas at\u00e9 ao dia 31 de mar\u00e7o, 4307 vacinas \u2013 utentes e trabalhadores de lares de idosos e casas de acolhimento, for\u00e7as de seguran\u00e7a, bombeiros e profissionais de sa\u00fade, foram os primeiros a receber a vacina.<\/em><\/p>\n<p><em>Durante o m\u00eas de mar\u00e7o, foram administradas vacinas a pessoas com 80 ou mais anos de idade e tamb\u00e9m as pessoas com idade entre 50 e 79 anos com doen\u00e7as associadas, assim como, a profissionais das escolas \u2013 professores e n\u00e3o docentes do ensino pr\u00e9-escolar e do primeiro ciclo do ensino \u2013, esta fase continuar\u00e1 no m\u00eas de abril, a par do in\u00edcio da segunda fase do Plano de Vacina\u00e7\u00e3o.<\/em><\/p>\n<p><em>O balan\u00e7o de duas semanas de \u201ctrabalho \u00e1rduo das equipas que asseguram o Centro de Vacina\u00e7\u00e3o \u00e9 muito positivo\u201d, afirmou Pedro Magalh\u00e3es Ribeiro que reconhece \u201co enorme esfor\u00e7o de todos os profissionais que encaram o servi\u00e7o p\u00fablico, como uma miss\u00e3o em prol da comunidade\u201d.\u00a0 <\/em><\/p>\n<p><em>O autarca espera que o ritmo de vacinas dispon\u00edveis possa aumentar nas pr\u00f3ximas semanas para que \u201co trabalho e o esfor\u00e7o inexced\u00edvel destes profissionais seja compensado com a satisfa\u00e7\u00e3o de ter a popula\u00e7\u00e3o vacinada o mais depressa poss\u00edvel\u201d.<\/em><\/p>\n<p>O presidente da C\u00e2mara Municipal informou que a popula\u00e7\u00e3o com 80 ou mais anos de idade e tamb\u00e9m as pessoas com idade entre 50 e 79 anos com doen\u00e7as associadas est\u00e3o vacinadas quase na sua totalidade \u201cdeste grupo de popula\u00e7\u00e3o, faltam vacinar 62 pessoas\u201d 42 destas s\u00e3o pessoas acamadas, cuja vacina\u00e7\u00e3o j\u00e1 se iniciou e continuar\u00e1 nos pr\u00f3ximos dias e 20 pessoas com idade entre 50 e 79 anos, para al\u00e9m das segundas doses que ser\u00e3o administradas na data j\u00e1 agendada com os utentes.<\/p>\n<p>Pedro Magalh\u00e3es Ribeiro lembrou que a vacina \u00e9 facultativa, algumas pessoas poder\u00e3o ter sido contactadas, mas decidido n\u00e3o agendar a sua vacina\u00e7\u00e3o. O autarca continua a apelar \u00e0 popula\u00e7\u00e3o para \u201cgarantir que a informa\u00e7\u00e3o de contacto est\u00e1 atualizada nas suas unidades de sa\u00fade\u201d e explicou que \u201ccaso uma pessoa tenha, num primeiro momento, decidido n\u00e3o receber a vacina, pode pedir para ser reintegrado nas listas de vacina\u00e7\u00e3o. O mesmo acontece a quem tenha recebido mensagem e n\u00e3o tenha respondido, seja qual for a raz\u00e3o\u201d.<\/p>\n<p><strong>Pessoas acamadas e pessoal docente e n\u00e3o docente v\u00e3o receber a vacina ao longo das pr\u00f3ximas semanas<\/strong><\/p>\n<p>No dia 26 de mar\u00e7o a equipa de profissionais de sa\u00fade, prote\u00e7\u00e3o civil e bombeiros, que integra o Centro de Vacina\u00e7\u00e3o do Cartaxo, administrou as primeiras vacinas a pessoas acamadas. A equipa \u00e9 constitu\u00edda por elemento dos Bombeiros Municipais do Cartaxo e do Servi\u00e7o Municipal de Prote\u00e7\u00e3o Civil, para al\u00e9m de profissional de enfermagem e de m\u00e9dico ou m\u00e9dica. S\u00e3o 42 as pessoas j\u00e1 sinalizadas para receber a vacina no seu domic\u00edlio.<\/p>\n<p>A maior dificuldade para administrar a vacina a estas pessoas, prende-se com a necessidade de ter dispon\u00edvel vacinas da Pfizer, as \u00fanicas neste momento que podem ser transportadas depois de preparadas, explicou o Presidente da C\u00e2mara Municipal.<\/p>\n<p>No que respeita ao pessoal docente e n\u00e3o docente, foram vacinadas 132 pessoas, no s\u00e1bado, dia 27 de mar\u00e7o. O autarca informou que a convocat\u00f3ria e o agendamento da vacina \u00e9 da responsabilidade direta do Minist\u00e9rio da Sa\u00fade que \u201capenas envia as listagens para o Centro de Vacina\u00e7\u00e3o, localmente n\u00e3o h\u00e1 acesso pr\u00e9vio, n\u00e3o se sabe que pessoas v\u00e3o ser convocadas, nem se tem conhecimento a que agrupamento de escolas pertencem\u201d.<\/p>\n<p>Considerando a reabertura das aulas presenciais do primeiro ciclo de ensino prevista no plano de desconfinamento do Governo para o dia 5 de abril, \u201ca vacina\u00e7\u00e3o de professores, t\u00e9cnicos e assistentes operacionais \u00e9 da maior relev\u00e2ncia para que as crian\u00e7as e jovens possam voltar \u00e0s escolas em seguran\u00e7a, mas tamb\u00e9m para que os profissionais possam ensinar e apoiar as nossas crian\u00e7as, sem arriscar a sua pr\u00f3pria sa\u00fade\u201d, afirmou Pedro Magalh\u00e3es Ribeiro ao informar que \u201cna pr\u00f3xima semana, no s\u00e1bado e domingo, est\u00e1 previsto continuar a vacina\u00e7\u00e3o de pessoal docente e n\u00e3o docente\u201d.<\/p>\n<p>O Centro de Vacina\u00e7\u00e3o do Cartaxo tem capacidade para administrar 280 vacinas por dia, em quatro salas de vacina\u00e7\u00e3o que funcionam em simult\u00e2neo e est\u00e1 preparado para aumentar esta capacidade at\u00e9 \u00e0s 350 vacinas por dia.<\/p>\n<p><strong>\u00a0 \u00a0 Fonte: GIC|CMC<\/strong><\/p>\n","protected":false},"excerpt":{"rendered":"<p>Desde o in\u00edcio do Plano de Vacina\u00e7\u00e3o, no final de janeiro, foram administradas 4307 vacinas no concelho do Cartaxo, cerca de 17% dos 24 mil habitantes. O presidente da C\u00e2mara Municipal do Cartaxo, Pedro Magalh\u00e3es Ribeiro fez o balan\u00e7o do Plano de Vacina\u00e7\u00e3o no concelho reconhecendo que a \u201cdedica\u00e7\u00e3o de cada profissional que presta servi\u00e7o [&hellip;]<\/p>\n","protected":false},"author":2,"featured_media":3031,"comment_status":"open","ping_status":"open","sticky":false,"template":"","format":"standard","meta":{"footnotes":""},"categories":[6],"tags":[],"class_list":["post-3028","post","type-post","status-publish","format-standard","has-post-thumbnail","hentry","category-saude"],"_links":{"self":[{"href":"https:\/\/tintafresca.net\/index.php\/wp-json\/wp\/v2\/posts\/3028","targetHints":{"allow":["GET"]}}],"collection":[{"href":"https:\/\/tintafresca.net\/index.php\/wp-json\/wp\/v2\/posts"}],"about":[{"href":"https:\/\/tintafresca.net\/index.php\/wp-json\/wp\/v2\/types\/post"}],"author":[{"embeddable":true,"href":"https:\/\/tintafresca.net\/index.php\/wp-json\/wp\/v2\/users\/2"}],"replies":[{"embeddable":true,"href":"https:\/\/tintafresca.net\/index.php\/wp-json\/wp\/v2\/comments?post=3028"}],"version-history":[{"count":2,"href":"https:\/\/tintafresca.net\/index.php\/wp-json\/wp\/v2\/posts\/3028\/revisions"}],"predecessor-version":[{"id":3032,"href":"https:\/\/tintafresca.net\/index.php\/wp-json\/wp\/v2\/posts\/3028\/revisions\/3032"}],"wp:featuredmedia":[{"embeddable":true,"href":"https:\/\/tintafresca.net\/index.php\/wp-json\/wp\/v2\/media\/3031"}],"wp:attachment":[{"href":"https:\/\/tintafresca.net\/index.php\/wp-json\/wp\/v2\/media?parent=3028"}],"wp:term":[{"taxonomy":"category","embeddable":true,"href":"https:\/\/tintafresca.net\/index.php\/wp-json\/wp\/v2\/categories?post=3028"},{"taxonomy":"post_tag","embeddable":true,"href":"https:\/\/tintafresca.net\/index.php\/wp-json\/wp\/v2\/tags?post=3028"}],"curies":[{"name":"wp","href":"https:\/\/api.w.org\/{rel}","templated":true}]}}