{"id":3033,"date":"2021-04-07T19:11:23","date_gmt":"2021-04-07T19:11:23","guid":{"rendered":"https:\/\/tintafresca.net\/?p=3033"},"modified":"2021-04-07T19:15:42","modified_gmt":"2021-04-07T19:15:42","slug":"direcao-nacional-do-psd-aprova-15-candidatos-a-autarquias-da-regiao","status":"publish","type":"post","link":"https:\/\/tintafresca.net\/index.php\/2021\/04\/07\/direcao-nacional-do-psd-aprova-15-candidatos-a-autarquias-da-regiao\/","title":{"rendered":"Dire\u00e7\u00e3o Nacional do PSD aprova 15 candidatos a autarquias da regi\u00e3o"},"content":{"rendered":"<div id=\"attachment_3035\" style=\"width: 360px\" class=\"wp-caption alignleft\"><img loading=\"lazy\" decoding=\"async\" aria-describedby=\"caption-attachment-3035\" class=\"wp-image-3035 size-full\" src=\"https:\/\/tintafresca.net\/wp-content\/uploads\/2021\/04\/duarte_pacheco10.jpg\" alt=\"\" width=\"350\" height=\"525\" \/><p id=\"caption-attachment-3035\" class=\"wp-caption-text\">Hist\u00f3rico deputado Duarte Pacheco \u00e9 a escolha do PSD para Torres Vedras<\/p><\/div>\n<p>Jos\u00e9 Silvano, secret\u00e1rio-geral do PSD anunciou, esta quarta-feira, dia 7 de abril, mais 53 nomes de candidatos a presidente de C\u00e2mara Municipal, dos quais 15 relativos aos distritos de Leiria e Santar\u00e9m e \u00e1rea Oeste do Distrito de Lisboa dando por terminado o processo pol\u00edtico de sele\u00e7\u00e3o dos candidatos conduzido pela Comiss\u00e3o Aut\u00e1rquica Nacional.<\/p>\n<p>Herm\u00ednio Rodrigues, Nuno Mota, Alda Correia Carvalho, Filipe Daniel, Filipe Sales, Orlando Carvalho, Joaquim Biancard Cruz, S\u00f3nia Silva Ferreira, Jo\u00e3o Heitor, Manuel Lapa, Rui Madeira Claudino, Maria de Lurdes Ferromau, Paula Gomes da Silva, \u00c1lvaro Madureira e Duarte Pacheco s\u00e3o os nomes homologados.<\/p>\n<p>\u201cFoi um trabalho de cerca de um ano, sempre em proximidade e articula\u00e7\u00e3o com as estruturas locais do Partido, com todas as dificuldades em tempo de pandemia\u201d, declarou Jos\u00e9 Silvano.<\/p>\n<p>Momentos depois, Rui Rio, Presidente do PSD, agradeceu, atrav\u00e9s do Twitter, o trabalho da referida Comiss\u00e3o. \u201cA Comiss\u00e3o Aut\u00e1rquica Nacional, liderada por Jos\u00e9 Silvano, concluiu hoje, com ineg\u00e1vel efic\u00e1cia, o processo pol\u00edtico de escolha dos candidatos do PSD \u00e0s Aut\u00e1rquicas 2021 que lhe competia executar. Cabe aqui uma palavra p\u00fablica de agradecimento pelo excelente trabalho desenvolvido\u201d, escreveu Rui Rio.<\/p>\n<p>Com este an\u00fancio, s\u00e3o conhecidos 294 candidatos (ficam a faltar 14). Todos os nomes foram homologados pela Comiss\u00e3o Pol\u00edtica Nacional (CPN).<\/p>\n<p>Jos\u00e9 Silvano salientou que come\u00e7a agora a fase de \u201celabora\u00e7\u00e3o de listas, coliga\u00e7\u00f5es e or\u00e7amentos e campanha\u201d, para \u201cterminar numa terceira fase, com a campanha de dezenas de milhares e candidatos pelo Pa\u00eds fora\u201d.<\/p>\n<p>Em confer\u00eancia de imprensa, e acompanhado por Salvador Malheiro e Isaura Morais, Jos\u00e9 Silvano tra\u00e7ou o objetivo principal do PSD para estas elei\u00e7\u00f5es: \u201cMais c\u00e2maras, mais eleitos e mais percentagem votos do que em 2017\u201d.<\/p>\n<p><strong>Candidatos da regi\u00e3o homologados e divulgados esta quarta-feira<\/strong><\/p>\n<p>Alcoba\u00e7a &#8211; Herm\u00ednio Rodrigues<\/p>\n<p>Bombarral &#8211; Nuno Mota<\/p>\n<p>Castanheira de Pera &#8211; Alda Correia Carvalho<\/p>\n<p>\u00d3bidos &#8211; Filipe Daniel<\/p>\n<p>Peniche &#8211; Filipe Sales<\/p>\n<p>Lourinh\u00e3 &#8211; Orlando Carvalho<\/p>\n<p>Sobral de Monte Agra\u00e7o &#8211; Joaquim Biancard Cruz<\/p>\n<p>Benavente &#8211; S\u00f3nia Silva Ferreira<\/p>\n<p>Cartaxo &#8211; Jo\u00e3o Heitor<\/p>\n<p>Const\u00e2ncia &#8211; Manuel Lapa<\/p>\n<p>Entroncamento &#8211; Rui Madeira Claudino<\/p>\n<p>Tomar &#8211; Maria de Lurdes Ferromau<\/p>\n<p>Vila Nova da Barquinha &#8211; Paula Gomes da Silva<\/p>\n<p>Leiria &#8211; \u00c1lvaro Madureira<\/p>\n<p>Torres Vedras &#8211; Duarte Pacheco<\/p>\n","protected":false},"excerpt":{"rendered":"<p>Jos\u00e9 Silvano, secret\u00e1rio-geral do PSD anunciou, esta quarta-feira, dia 7 de abril, mais 53 nomes de candidatos a presidente de C\u00e2mara Municipal, dos quais 15 relativos aos distritos de Leiria e Santar\u00e9m e \u00e1rea Oeste do Distrito de Lisboa dando por terminado o processo pol\u00edtico de sele\u00e7\u00e3o dos candidatos conduzido pela Comiss\u00e3o Aut\u00e1rquica Nacional. Herm\u00ednio [&hellip;]<\/p>\n","protected":false},"author":2,"featured_media":3036,"comment_status":"open","ping_status":"open","sticky":false,"template":"","format":"standard","meta":{"footnotes":""},"categories":[11],"tags":[],"class_list":["post-3033","post","type-post","status-publish","format-standard","has-post-thumbnail","hentry","category-sociedade"],"_links":{"self":[{"href":"https:\/\/tintafresca.net\/index.php\/wp-json\/wp\/v2\/posts\/3033","targetHints":{"allow":["GET"]}}],"collection":[{"href":"https:\/\/tintafresca.net\/index.php\/wp-json\/wp\/v2\/posts"}],"about":[{"href":"https:\/\/tintafresca.net\/index.php\/wp-json\/wp\/v2\/types\/post"}],"author":[{"embeddable":true,"href":"https:\/\/tintafresca.net\/index.php\/wp-json\/wp\/v2\/users\/2"}],"replies":[{"embeddable":true,"href":"https:\/\/tintafresca.net\/index.php\/wp-json\/wp\/v2\/comments?post=3033"}],"version-history":[{"count":2,"href":"https:\/\/tintafresca.net\/index.php\/wp-json\/wp\/v2\/posts\/3033\/revisions"}],"predecessor-version":[{"id":3037,"href":"https:\/\/tintafresca.net\/index.php\/wp-json\/wp\/v2\/posts\/3033\/revisions\/3037"}],"wp:featuredmedia":[{"embeddable":true,"href":"https:\/\/tintafresca.net\/index.php\/wp-json\/wp\/v2\/media\/3036"}],"wp:attachment":[{"href":"https:\/\/tintafresca.net\/index.php\/wp-json\/wp\/v2\/media?parent=3033"}],"wp:term":[{"taxonomy":"category","embeddable":true,"href":"https:\/\/tintafresca.net\/index.php\/wp-json\/wp\/v2\/categories?post=3033"},{"taxonomy":"post_tag","embeddable":true,"href":"https:\/\/tintafresca.net\/index.php\/wp-json\/wp\/v2\/tags?post=3033"}],"curies":[{"name":"wp","href":"https:\/\/api.w.org\/{rel}","templated":true}]}}