{"id":30396,"date":"2023-09-16T22:26:26","date_gmt":"2023-09-16T22:26:26","guid":{"rendered":"https:\/\/tintafresca.net\/?p=30396"},"modified":"2023-09-16T22:45:41","modified_gmt":"2023-09-16T22:45:41","slug":"artemrede-lanca-convocatoria-inovadora-para-projetos-que-unem-saude-e-trabalho-artistico","status":"publish","type":"post","link":"https:\/\/tintafresca.net\/index.php\/2023\/09\/16\/artemrede-lanca-convocatoria-inovadora-para-projetos-que-unem-saude-e-trabalho-artistico\/","title":{"rendered":"Artemrede lan\u00e7a convocat\u00f3ria inovadora para projetos que unem sa\u00fade e trabalho art\u00edstico"},"content":{"rendered":"<p><img loading=\"lazy\" decoding=\"async\" class=\"alignleft wp-image-30398 size-full\" src=\"https:\/\/tintafresca.net\/wp-content\/uploads\/2023\/09\/Artemrede_PERFARE10.png\" alt=\"\" width=\"500\" height=\"281\" srcset=\"https:\/\/tintafresca.net\/wp-content\/uploads\/2023\/09\/Artemrede_PERFARE10.png 500w, https:\/\/tintafresca.net\/wp-content\/uploads\/2023\/09\/Artemrede_PERFARE10-300x169.png 300w\" sizes=\"auto, (max-width: 500px) 100vw, 500px\" \/>O objetivo \u00e9 testar a forma como as artes performativas podem ajudar pessoas em situa\u00e7\u00e3o de doen\u00e7a f\u00edsica e\/ou mental. At\u00e9 17 de novembro podem ser apresentadas iniciativas ao abrigo do projeto internacional PERFARE.<\/p>\n<p>A Artemrede lan\u00e7ou uma nova convocat\u00f3ria inovadora para apresenta\u00e7\u00f5es de projetos art\u00edsticos, com um foco em sa\u00fade e bem-estar. Podem candidatar-se todos os artistas ou companhias profissionais, sedeados em Portugal. A iniciativa est\u00e1 inclu\u00edda no projeto internacional PERFARE.<\/p>\n<p>Os principais objectivos do PERFARE s\u00e3o facilitar o acesso a experi\u00eancias de artes performativas a grupos de p\u00fablico com problemas de sa\u00fade e sociais e inovar os modelos criativos das organiza\u00e7\u00f5es parceiras, de modo a tornar os servi\u00e7os de sa\u00fade e bem-estar parte integrante do seu trabalho art\u00edstico.<\/p>\n<p>Para o efeito, a Artemrede estabeleceu um acordo de coopera\u00e7\u00e3o com duas entidades parceiras no bem-estar (uma em Pombal e uma em Lisboa) para financiar duas interven\u00e7\u00f5es art\u00edsticas piloto. Os participantes no caso de Lisboa ser\u00e3o cuidadores informais e no caso de Pombal ser\u00e3o doentes de ambulat\u00f3rio e internados com doen\u00e7as cr\u00f3nicas agudizadas, maiores de 70 anos. O objetivo \u00e9 testar a forma como as artes performativas podem ajudar pessoas em situa\u00e7\u00e3o de doen\u00e7a f\u00edsica e\/ou mental. As interven\u00e7\u00f5es art\u00edsticas piloto podem ter qualquer tipologia e forma de ativa\u00e7\u00e3o dentro do \u00e2mbito das artes performativas. Cada interven\u00e7\u00e3o art\u00edstica ser\u00e1 financiada com 10.000\u20ac, e implementada entre Maio 2024 e Maio 2025.<\/p>\n<p>As candidaturas s\u00e3o formalizadas online, em formul\u00e1rio pr\u00f3prio dispon\u00edvel no website da organiza\u00e7\u00e3o.<\/p>\n<p>O PERFARE (2022-2025) \u00e9 um projeto cofinanciado pelo Programa Cultura da Europa Criativa, que pretende refor\u00e7ar a coopera\u00e7\u00e3o entre o sector cultural e o sector social, atrav\u00e9s da cria\u00e7\u00e3o de modelos inovadores de interven\u00e7\u00f5es art\u00edsticas de apoio a pessoas com problemas de sa\u00fade f\u00edsica ou mental. A ARTEMREDE \u00e9 o parceiro do projeto PERFARE em Portugal.<\/p>\n<p>A Artemrede \u00e9 um projeto de coopera\u00e7\u00e3o cultural e territorial que atua, desde 2005, nas \u00e1reas da programa\u00e7\u00e3o em rede, do apoio \u00e0 cria\u00e7\u00e3o, da forma\u00e7\u00e3o e da media\u00e7\u00e3o cultural. Atualmente \u00e9 constitu\u00edda por 18 associados: os munic\u00edpios de Abrantes, Alcanena, Alcoba\u00e7a, Almada, Barreiro, Lisboa, Moita, Montemor-o-Novo, Montijo, Oeiras, Palmela, Pombal, Santar\u00e9m, Sesimbra, Sobral de Monte-Agra\u00e7o, Tomar e Torres Vedras, e a cooperativa Rumo.<\/p>\n<p>Mais informa\u00e7\u00e3o: https:\/\/artemrede.pt\/<\/p>\n","protected":false},"excerpt":{"rendered":"<p>O objetivo \u00e9 testar a forma como as artes performativas podem ajudar pessoas em situa\u00e7\u00e3o de doen\u00e7a f\u00edsica e\/ou mental. At\u00e9 17 de novembro podem ser apresentadas iniciativas ao abrigo do projeto internacional PERFARE. A Artemrede lan\u00e7ou uma nova convocat\u00f3ria inovadora para apresenta\u00e7\u00f5es de projetos art\u00edsticos, com um foco em sa\u00fade e bem-estar. Podem candidatar-se [&hellip;]<\/p>\n","protected":false},"author":2,"featured_media":30399,"comment_status":"open","ping_status":"open","sticky":false,"template":"","format":"standard","meta":{"footnotes":""},"categories":[5,6],"tags":[],"class_list":["post-30396","post","type-post","status-publish","format-standard","has-post-thumbnail","hentry","category-artes","category-saude"],"_links":{"self":[{"href":"https:\/\/tintafresca.net\/index.php\/wp-json\/wp\/v2\/posts\/30396","targetHints":{"allow":["GET"]}}],"collection":[{"href":"https:\/\/tintafresca.net\/index.php\/wp-json\/wp\/v2\/posts"}],"about":[{"href":"https:\/\/tintafresca.net\/index.php\/wp-json\/wp\/v2\/types\/post"}],"author":[{"embeddable":true,"href":"https:\/\/tintafresca.net\/index.php\/wp-json\/wp\/v2\/users\/2"}],"replies":[{"embeddable":true,"href":"https:\/\/tintafresca.net\/index.php\/wp-json\/wp\/v2\/comments?post=30396"}],"version-history":[{"count":2,"href":"https:\/\/tintafresca.net\/index.php\/wp-json\/wp\/v2\/posts\/30396\/revisions"}],"predecessor-version":[{"id":30400,"href":"https:\/\/tintafresca.net\/index.php\/wp-json\/wp\/v2\/posts\/30396\/revisions\/30400"}],"wp:featuredmedia":[{"embeddable":true,"href":"https:\/\/tintafresca.net\/index.php\/wp-json\/wp\/v2\/media\/30399"}],"wp:attachment":[{"href":"https:\/\/tintafresca.net\/index.php\/wp-json\/wp\/v2\/media?parent=30396"}],"wp:term":[{"taxonomy":"category","embeddable":true,"href":"https:\/\/tintafresca.net\/index.php\/wp-json\/wp\/v2\/categories?post=30396"},{"taxonomy":"post_tag","embeddable":true,"href":"https:\/\/tintafresca.net\/index.php\/wp-json\/wp\/v2\/tags?post=30396"}],"curies":[{"name":"wp","href":"https:\/\/api.w.org\/{rel}","templated":true}]}}