{"id":30477,"date":"2023-09-20T10:26:04","date_gmt":"2023-09-20T10:26:04","guid":{"rendered":"https:\/\/tintafresca.net\/?p=30477"},"modified":"2023-09-20T10:29:25","modified_gmt":"2023-09-20T10:29:25","slug":"gala-mais-de-70-anos-de-historia-25-de-organizacao-do-grupo-nov-junta-cerca-de-400-convidados-em-leiria","status":"publish","type":"post","link":"https:\/\/tintafresca.net\/index.php\/2023\/09\/20\/gala-mais-de-70-anos-de-historia-25-de-organizacao-do-grupo-nov-junta-cerca-de-400-convidados-em-leiria\/","title":{"rendered":"Gala &#8220;Mais de 70 Anos de Hist\u00f3ria, 25 de Organiza\u00e7\u00e3o&#8221; do Grupo NOV junta cerca de 400 convidados em Leiria"},"content":{"rendered":"<div id=\"attachment_30479\" style=\"width: 510px\" class=\"wp-caption alignleft\"><img loading=\"lazy\" decoding=\"async\" aria-describedby=\"caption-attachment-30479\" class=\"wp-image-30479 size-full\" src=\"https:\/\/tintafresca.net\/wp-content\/uploads\/2023\/09\/Leiria_Gala_NOV10.jpg\" alt=\"\" width=\"500\" height=\"375\" srcset=\"https:\/\/tintafresca.net\/wp-content\/uploads\/2023\/09\/Leiria_Gala_NOV10.jpg 500w, https:\/\/tintafresca.net\/wp-content\/uploads\/2023\/09\/Leiria_Gala_NOV10-300x225.jpg 300w\" sizes=\"auto, (max-width: 500px) 100vw, 500px\" \/><p id=\"caption-attachment-30479\" class=\"wp-caption-text\">Presidente da C\u00e2mara Municipal de Leiria com administradores do Grupo NOV<\/p><\/div>\n<p>Foi na sexta-feira, dia 15 de setembro, que o Grupo NOV realizou a sua Gala \u2018Mais de 70 Anos de Hist\u00f3ria, 25 Anos de Organiza\u00e7\u00e3o\u2019, que juntou cerca de 400 parceiros internos e externos na Quinta dos Lagos em Leiria.<\/p>\n<p>O Grupo NOV comemora, em 2023, 25 anos de Organiza\u00e7\u00e3o. Mas antes de ser grupo, j\u00e1 existia um conjunto de empresas constitu\u00eddas a partir da atividade de Ant\u00f3nio Vieira Rodrigues na d\u00e9cada de 50.<\/p>\n<p>Os 70 anos de hist\u00f3ria e 25 de organiza\u00e7\u00e3o foram os motes para a realiza\u00e7\u00e3o de uma Gala comemorativa que juntou colaboradores, clientes, fornecedores e representantes de entidades p\u00fablicas, num total de cerca de 400 pessoas. A LPM, uma das empresas da NOV Autom\u00f3veis, comemora tamb\u00e9m, em 2023, 25 anos de representa\u00e7\u00e3o da Peugeot em Leiria, Pombal e Marinha Grande. Atualmente, a NOV Autom\u00f3veis representa 12 marcas, nos distritos de Leiria e Santar\u00e9m.<\/p>\n<p>Entre as presen\u00e7as externas destacaram-se o presidente da C\u00e2mara Municipal de Leiria, Gon\u00e7alo Lopes, representante da Embaixada de Angola em Portugal, presidente da C\u00e2mara Municipal da Batalha, Ra\u00fal Castro, presidente da C\u00e2mara Municipal de Our\u00e9m, Lu\u00eds Albuquerque, vice-presidente da C\u00e2mara Municipal de Santar\u00e9m, Jo\u00e3o Teixeira Leite, presidente do Instituto Polit\u00e9cnico de Leiria, Carlos Rabad\u00e3o, diretor da Escola Superior de Tecnologia e Gest\u00e3o, Carlos Capela, presidente da Associa\u00e7\u00e3o Industrial Portuguesa, Jos\u00e9 Eduardo de Carvalho, vogal do Conselho Diretivo do IEFP, Ana Elisa Santos, diretor do Centro Distrital da Seguran\u00e7a Social, Jo\u00e3o Paulo Pedrosa, presidente da Dire\u00e7\u00e3o do NERLEI, Ant\u00f3nio Po\u00e7as, presidente da ACILIS, Lino Ferreira, diretor de Opera\u00e7\u00f5es da Stellantis Portugal, Pablo Puey, entre muitos outros.<\/p>\n<p>O evento que contou com a anima\u00e7\u00e3o de Joel Ricardo Santos e Ana Lu\u00edsa Costa, iniciou-se com um\u00a0<em>welcome drink<\/em>\u00a0no exterior da Quinta dos Lagos, por entre as 12 viaturas expostas das marcas representadas pela NOV Autom\u00f3veis.<\/p>\n<p>Seguiram-se os discursos de boas-vindas da administra\u00e7\u00e3o do Grupo NOV, e do presidente da C\u00e2mara Municipal de Leiria, Gon\u00e7alo Lopes.<\/p>\n<p>Depois do jantar, distinguiram-se 17 parceiros pela import\u00e2ncia na jornada percorrida, com a entrega do trof\u00e9u GNOV de Ouro. Os premiados externos foram: o Orfe\u00e3o de Leiria e os Silence 4, na Cultura; a Electrofer e a Vigobloco, na Internacionaliza\u00e7\u00e3o; o Grupo TPB, H\u00e9lder Roque e Ra\u00fal Castro no Valor Cliente; a Peugeot e o Grupo Alves Bandeira no Valor Fornecedor; o Instituto Polit\u00e9cnico de Leiria no Saber; a Universidade de Coimbra e CDRSP na Inova\u00e7\u00e3o.<\/p>\n<p>Os premiados internos foram Jos\u00e9 Silvestre Adriano, da Equimetra, na Resist\u00eancia por 45 anos de casa; Jorge do Canto, da LPM, na Dedica\u00e7\u00e3o e Resili\u00eancia; Cristina Pereira, da LPM, na Felicidade; Andr\u00e9 Santo e Ant\u00f3nio Vieira, na Coopera\u00e7\u00e3o; Isaque Pereira, m\u00e9dico da casa, no Cuidar; e Ant\u00f3nio Vieira Rodrigues com Especial Gratid\u00e3o.<\/p>\n<div id=\"attachment_30480\" style=\"width: 510px\" class=\"wp-caption alignleft\"><img loading=\"lazy\" decoding=\"async\" aria-describedby=\"caption-attachment-30480\" class=\"wp-image-30480\" src=\"https:\/\/tintafresca.net\/wp-content\/uploads\/2023\/09\/Leiria_Gala_NOV2.jpg\" alt=\"\" width=\"500\" height=\"375\" srcset=\"https:\/\/tintafresca.net\/wp-content\/uploads\/2023\/09\/Leiria_Gala_NOV2.jpg 960w, https:\/\/tintafresca.net\/wp-content\/uploads\/2023\/09\/Leiria_Gala_NOV2-300x225.jpg 300w, https:\/\/tintafresca.net\/wp-content\/uploads\/2023\/09\/Leiria_Gala_NOV2-768x576.jpg 768w\" sizes=\"auto, (max-width: 500px) 100vw, 500px\" \/><p id=\"caption-attachment-30480\" class=\"wp-caption-text\">Grupo NOV comemora, em 2023, 25 anos de Organiza\u00e7\u00e3o<\/p><\/div>\n<p>Nestes 25 anos, o Grupo NOV tornou-se num grupo multinacional. A internacionaliza\u00e7\u00e3o iniciou-se pelo Brasil e Mo\u00e7ambique e alastrou-se em tr\u00eas continentes. O ponto alto da internacionaliza\u00e7\u00e3o deu-se com a\u00a0<em>Mision Vivienda<\/em>\u00a0na Venezuela, para constru\u00e7\u00e3o de 12.300 casas, e que levou mais de uma centena de empresas portuguesas a internacionalizaram-se, com principal destaque \u00e0s 30 empresas que assinaram protocolo de coopera\u00e7\u00e3o para a constru\u00e7\u00e3o de habita\u00e7\u00e3o social (projeto Casas para o Mundo).<\/p>\n<p>A diversifica\u00e7\u00e3o \u00e9 outro dos fatores distintivos. O Grupo come\u00e7ou na engenharia &amp; constru\u00e7\u00e3o e, atualmente, tem atividade no ambiente &amp; energia, autom\u00f3veis, comunica\u00e7\u00e3o, hot\u00e9is, ind\u00fastria e imobili\u00e1ria. Com estes setores, e para al\u00e9m da presen\u00e7a internacional, em Portugal o grupo est\u00e1 distribu\u00eddo por 14 distritos de norte a sul: Leiria, Coimbra, Castelo Branco, Guarda, Aveiro, Porto, Santar\u00e9m, Portalegre, Lisboa, Set\u00fabal, \u00c9vora, Beja, Faro e Funchal.<\/p>\n<p>A inova\u00e7\u00e3o est\u00e1 patente nos projetos que se t\u00eam vindo a desenvolver. Atualmente, existem cerca de 25 projetos em curso, destacando-se as parcerias com o CDRSP \u2013 Centro para o Desenvolvimento R\u00e1pido e Sustentado de Produto, na \u00e1rea industrial, e com a Universidade de Coimbra, na \u00e1rea do Ambiente &amp; Energia.<\/p>\n<p>Para al\u00e9m disso, o grupo foi pioneiro na cria\u00e7\u00e3o de uma Escola de Neg\u00f3cios, uma plataforma de e-learning, um portal de despachos, entre outros. Na \u00e1rea da tecnologia e biotecnologia, o grupo inovou na constitui\u00e7\u00e3o de uma incubadora de empresas que fundou o primeiro laborat\u00f3rio privado para comercializa\u00e7\u00e3o de testes gen\u00e9ticos e, tamb\u00e9m, o primeiro laborat\u00f3rio de criopreserva\u00e7\u00e3o de c\u00e9lulas estaminais que chegou a ser l\u00edder ib\u00e9rico.<\/p>\n<p>O Grupo NOV \u00e9 ainda um grupo focado nas suas pessoas, com sistemas de avalia\u00e7\u00e3o de desempenho associados a pr\u00e9mios por cumprimento de objetivos, com a aposta na forma\u00e7\u00e3o \u00e0 medida para refor\u00e7o de compet\u00eancias, com concursos de ideias, com realiza\u00e7\u00e3o de diversos eventos motivacionais, entre outros.<\/p>\n<p>O Grupo NOV \u00e9 um grupo orgulhoso das suas ra\u00edzes, dos seus fundadores e da sua regi\u00e3o de origem, Leiria. A ousadia do seu fundador, e depois dos seus filhos, protagonizaram um crescimento que transformou uma pequena empresa regional, num grupo multinacional e numa refer\u00eancia nacional e internacional. A partir de 2010, passou por um profundo processo de transforma\u00e7\u00e3o e reestrutura\u00e7\u00e3o que implicou mudan\u00e7as de acionistas e ajustamentos na gest\u00e3o executiva.<\/p>\n<p>Considerando apenas o per\u00edodo de 2010 a 2022, o grupo faturou mais de 5 mil milh\u00f5es de euros, exportou mais de 1,1 mil milh\u00f5es de euros, pagou mais de 340 milh\u00f5es euros em sal\u00e1rios, e mais de 251 milh\u00f5es de euros em impostos. Atualmente tem cerca de 1.500 colaboradores diretos, mas a m\u00e9dia nos \u00faltimos 12 anos foi superior a 3.000 colaboradores diretos e 5.000 indiretos.<\/p>\n<p>Tudo isto refor\u00e7a o peso do Grupo na regi\u00e3o e no pa\u00eds. No futuro espera-se um crescimento ainda mais acentuado com retoma de v\u00e1rias atividades, sobretudo em Portugal, mas tamb\u00e9m na \u00e1rea internacional.<\/p>\n<p><strong>\u00a0 \u00a0 \u00a0Fonte: DM|GN<\/strong><\/p>\n<p>&nbsp;<\/p>\n","protected":false},"excerpt":{"rendered":"<p>Foi na sexta-feira, dia 15 de setembro, que o Grupo NOV realizou a sua Gala \u2018Mais de 70 Anos de Hist\u00f3ria, 25 Anos de Organiza\u00e7\u00e3o\u2019, que juntou cerca de 400 parceiros internos e externos na Quinta dos Lagos em Leiria. O Grupo NOV comemora, em 2023, 25 anos de Organiza\u00e7\u00e3o. Mas antes de ser grupo, [&hellip;]<\/p>\n","protected":false},"author":2,"featured_media":30481,"comment_status":"open","ping_status":"open","sticky":false,"template":"","format":"standard","meta":{"footnotes":""},"categories":[7],"tags":[],"class_list":["post-30477","post","type-post","status-publish","format-standard","has-post-thumbnail","hentry","category-economia"],"_links":{"self":[{"href":"https:\/\/tintafresca.net\/index.php\/wp-json\/wp\/v2\/posts\/30477","targetHints":{"allow":["GET"]}}],"collection":[{"href":"https:\/\/tintafresca.net\/index.php\/wp-json\/wp\/v2\/posts"}],"about":[{"href":"https:\/\/tintafresca.net\/index.php\/wp-json\/wp\/v2\/types\/post"}],"author":[{"embeddable":true,"href":"https:\/\/tintafresca.net\/index.php\/wp-json\/wp\/v2\/users\/2"}],"replies":[{"embeddable":true,"href":"https:\/\/tintafresca.net\/index.php\/wp-json\/wp\/v2\/comments?post=30477"}],"version-history":[{"count":2,"href":"https:\/\/tintafresca.net\/index.php\/wp-json\/wp\/v2\/posts\/30477\/revisions"}],"predecessor-version":[{"id":30482,"href":"https:\/\/tintafresca.net\/index.php\/wp-json\/wp\/v2\/posts\/30477\/revisions\/30482"}],"wp:featuredmedia":[{"embeddable":true,"href":"https:\/\/tintafresca.net\/index.php\/wp-json\/wp\/v2\/media\/30481"}],"wp:attachment":[{"href":"https:\/\/tintafresca.net\/index.php\/wp-json\/wp\/v2\/media?parent=30477"}],"wp:term":[{"taxonomy":"category","embeddable":true,"href":"https:\/\/tintafresca.net\/index.php\/wp-json\/wp\/v2\/categories?post=30477"},{"taxonomy":"post_tag","embeddable":true,"href":"https:\/\/tintafresca.net\/index.php\/wp-json\/wp\/v2\/tags?post=30477"}],"curies":[{"name":"wp","href":"https:\/\/api.w.org\/{rel}","templated":true}]}}