{"id":3050,"date":"2021-04-08T20:34:34","date_gmt":"2021-04-08T20:34:34","guid":{"rendered":"https:\/\/tintafresca.net\/?p=3050"},"modified":"2021-04-08T20:35:39","modified_gmt":"2021-04-08T20:35:39","slug":"grupo-de-mulheres-locais-faz-nascer-a-associacao-cadaval-solidario","status":"publish","type":"post","link":"https:\/\/tintafresca.net\/index.php\/2021\/04\/08\/grupo-de-mulheres-locais-faz-nascer-a-associacao-cadaval-solidario\/","title":{"rendered":"Grupo de mulheres locais faz nascer a associa\u00e7\u00e3o &#8220;Cadaval Solid\u00e1rio&#8221;"},"content":{"rendered":"<div id=\"attachment_3052\" style=\"width: 510px\" class=\"wp-caption alignleft\"><img loading=\"lazy\" decoding=\"async\" aria-describedby=\"caption-attachment-3052\" class=\"wp-image-3052 size-full\" src=\"https:\/\/tintafresca.net\/wp-content\/uploads\/2021\/04\/Cadaval_Parte-do-grupo-de-voluntarias-da-associacao10.jpg\" alt=\"\" width=\"500\" height=\"364\" \/><p id=\"caption-attachment-3052\" class=\"wp-caption-text\">Em baixo: Selene Gon\u00e7alves (presidente da dire\u00e7\u00e3o), Patr\u00edcia Duarte Rego (presidente da Assembleia Geral), Ana Paula Barreto (tesoureira). Em cima: Cl\u00e1udia Lopes (1\u00aa secret\u00e1ria da Ass. Geral), V\u00e2nia Ferreira (2\u00aa secret\u00e1ria da Ass. Geral), Maria Filomena Oliveira (presidente do Conselho Fiscal) e S\u00f3nia Vi\u00e7oso (1\u00aa vogal).<\/p><\/div>\n<p>\u201cCadaval Solid\u00e1rio\u201d \u00e9 o nome de uma nova associa\u00e7\u00e3o criada no Concelho visando apoiar, com bens e servi\u00e7os, pessoas com dificuldades pontuais ou duradouras. A organiza\u00e7\u00e3o, sediada em Pero Moniz mas abrangendo todo o territ\u00f3rio concelhio, ambiciona ainda vir a criar uma creche e um lar de cariz solid\u00e1rio.<\/p>\n<p>A ideia surgiu em janeiro deste ano, ap\u00f3s um pedido de ajuda chegado da parte de uma fam\u00edlia local, segundo recorda Patr\u00edcia Rego, fundadora e presidente da Assembleia Geral.<\/p>\n<p>Mas foi a 16 de fevereiro que a \u201cCadaval Solid\u00e1rio\u201d ganhou forma oficial, no seguimento de uma reuni\u00e3o com o presidente da C\u00e2mara, Jos\u00e9 Bernardo Nunes, para dar a conhecer o projeto. \u00abO Sr. Presidente mostrou-se bastante interessado e orientou-nos de imediato para um jurista e para o Cart\u00f3rio Notarial do Cadaval\u00bb, explica Patr\u00edcia.<\/p>\n<p>A organiza\u00e7\u00e3o tem por objetivo primordial ajudar as fam\u00edlias do Concelho que se encontrem a passar por dificuldades de forma pontual e independentemente da sua ascend\u00eancia, sexo, ra\u00e7a, etnia, l\u00edngua, territ\u00f3rio de origem, religi\u00e3o, convic\u00e7\u00f5es politicas e ideol\u00f3gicas, instru\u00e7\u00e3o, situa\u00e7\u00e3o econ\u00f3mica, condi\u00e7\u00e3o social ou orienta\u00e7\u00e3o sexual. \u00abDoamos bens essenciais (alimentos), vestu\u00e1rio, m\u00f3veis, produtos de higiene, livros, brinquedos, artigos para beb\u00e9s\u00bb, acrescenta a porta-voz.<\/p>\n<p>A \u201cCadaval Solid\u00e1rio\u201d ajuda, tamb\u00e9m, a desenvolver a\u00e7\u00f5es de concilia\u00e7\u00e3o entre vida pessoal, familiar e profissional, podendo ajudar a criar ou a atualizar o curr\u00edculo, ou ainda orientando na procura de emprego.<\/p>\n<p>\u00abApoiamos as pessoas socialmente desfavorecidas mas tamb\u00e9m pessoas que estejam a atravessar uma fase dif\u00edcil da sua vida\u00bb, refor\u00e7a Patr\u00edcia Rego. \u00abNeste momento, recebemos as doa\u00e7\u00f5es e as fam\u00edlias aos s\u00e1bados de manh\u00e3, das 10h \u00e0s 13h, mas gostar\u00edamos de poder alargar os hor\u00e1rios\u00bb.<\/p>\n<p>Bens alimentares, roupas, t\u00eaxteis, loi\u00e7as ou m\u00f3veis resultam da \u00abboa vontade das pessoas do Concelho\u00bb, tratando-se de bens que j\u00e1 n\u00e3o usam e que querem descartar.<\/p>\n<p>Esses g\u00e9neros chegam n\u00e3o apenas do Cadaval, mas tamb\u00e9m de pessoas oriundas de Torres Vedras, Lisboa e Bombarral, que doam regularmente e ajudam a associa\u00e7\u00e3o.<\/p>\n<p>&nbsp;<\/p>\n<p>A organiza\u00e7\u00e3o \u00e9 constitu\u00edda, atualmente, por 12 volunt\u00e1rias, nove das quais integram os \u00f3rg\u00e3os sociais, e conta com 25 s\u00f3cios.<\/p>\n<p>Aguardando parecer para se tornarem Institui\u00e7\u00e3o Particular de Solidariedade Social (IPSS), esperam com isso vir a poder concorrer a subs\u00eddios do Estado ou de organismos oficiais e autarquias locais, bem como ao banco alimentar, permitindo assim ajudar mais fam\u00edlias.<\/p>\n<p>\u00abTemos tamb\u00e9m como projeto, enquanto IPSS, uma creche solid\u00e1ria e um lar solid\u00e1rio\u00bb, salienta a representante.<\/p>\n<p><strong>Constrangimentos e outras ambi\u00e7\u00f5es da associa\u00e7\u00e3o<\/strong><\/p>\n<p>Entre os principais constrangimentos sentidos, a \u201cCadaval Solid\u00e1rio\u201d revela a falta de uma carrinha para recolher bens e transport\u00e1-los a quem n\u00e3o se pode deslocar.<\/p>\n<p>Por outro lado, observa Patr\u00edcia, \u00abmuitas fam\u00edlias ainda t\u00eam vergonha de pedir ajuda, o que dificulta, por vezes, o nosso trabalho. Est\u00e3o a passar dificuldades e t\u00eam medo do olhar da nossa sociedade\u00bb, avan\u00e7a. \u00abTemos chegado a mais pessoas simplesmente porque instaur\u00e1mos, no nosso regulamento, que as fam\u00edlias s\u00f3 t\u00eam contacto com uma volunt\u00e1ria; essa mesma volunt\u00e1ria encontra a fam\u00edlia, analisa as necessidades e recolhe e leva os bens necess\u00e1rios \u00e0 fam\u00edlia em quest\u00e3o\u00bb, acrescenta.<\/p>\n<p>O facto de existir uma \u201cvolunt\u00e1ria referente\u201d por cada zona\/freguesia do Concelho permite o reencaminhamento dos pedidos acolhidos pela associa\u00e7\u00e3o para uma \u00fanica pessoa, preservando a fam\u00edlia e a situa\u00e7\u00e3o da mesma.<\/p>\n<p>Quanto a projetos para o futuro, a associa\u00e7\u00e3o ambiciona arranjar uma carrinha e uma \u00e1rea de armazenamento maior, bem como um espa\u00e7o de estudo para as crian\u00e7as.<\/p>\n<p>A \u201cCadaval Solid\u00e1rio\u201d almeja, tamb\u00e9m, criar um servi\u00e7o extracurricular, que descreve como \u00abajuda para TPC\u2019s e explica\u00e7\u00f5es para as crian\u00e7as das fam\u00edlias mais carenciadas\u00bb. Pretende, igualmente, criar uma creche solid\u00e1ria para pais com ordenado m\u00ednimo, bem como um lar solid\u00e1rio para seniores com baixos rendimentos.<\/p>\n<p>Para fazer doa\u00e7\u00f5es ou tornar-se s\u00f3cio, basta contactar com a associa\u00e7\u00e3o. Sediada na Associa\u00e7\u00e3o Cultural e Recreativa de Pero Moniz, a mesma pode ser contactada atrav\u00e9s da respetiva p\u00e1gina de Facebook (<a href=\"https:\/\/www.facebook.com\/CadavalSolidario\">@CadavalSolidario<\/a>), pelo telefone 913 902 923 ou ainda pelo email: <a href=\"mailto:associacaocadavalsolidario@gmail.com\">associacaocadavalsolidario@gmail.com<\/a>.<\/p>\n<p>A associa\u00e7\u00e3o deixa, a quem interessar, o respetivo IBAN, para apoio financeiro a este projeto: PT50 0045 5120 4033 8131 0832 0 (T\u00edtulo da Conta: Associa\u00e7\u00e3o Cadaval Solid\u00e1rio).<\/p>\n<p>Na foto desta not\u00edcia, \u00e0 frente, da esq.\u00aa para a dt.\u00aa: Selene Gon\u00e7alves (presidente da dire\u00e7\u00e3o), Patr\u00edcia Duarte Rego (presidente da Assembleia Geral), Ana Paula Barreto (tesoureira); atr\u00e1s, da esq.\u00aa para a dt.\u00aa: Cl\u00e1udia Lopes (1\u00aa secret\u00e1ria da Ass. Geral), V\u00e2nia Ferreira (2\u00aa secret\u00e1ria da Ass. Geral), Maria Filomena Oliveira (presidente do Conselho Fiscal) e S\u00f3nia Vi\u00e7oso (1\u00aa vogal).<\/p>\n<p><strong>Fonte: BF|SCRP|CMC<\/strong><\/p>\n","protected":false},"excerpt":{"rendered":"<p>\u201cCadaval Solid\u00e1rio\u201d \u00e9 o nome de uma nova associa\u00e7\u00e3o criada no Concelho visando apoiar, com bens e servi\u00e7os, pessoas com dificuldades pontuais ou duradouras. A organiza\u00e7\u00e3o, sediada em Pero Moniz mas abrangendo todo o territ\u00f3rio concelhio, ambiciona ainda vir a criar uma creche e um lar de cariz solid\u00e1rio. A ideia surgiu em janeiro deste [&hellip;]<\/p>\n","protected":false},"author":2,"featured_media":3053,"comment_status":"open","ping_status":"open","sticky":false,"template":"","format":"standard","meta":{"footnotes":""},"categories":[11],"tags":[],"class_list":["post-3050","post","type-post","status-publish","format-standard","has-post-thumbnail","hentry","category-sociedade"],"_links":{"self":[{"href":"https:\/\/tintafresca.net\/index.php\/wp-json\/wp\/v2\/posts\/3050","targetHints":{"allow":["GET"]}}],"collection":[{"href":"https:\/\/tintafresca.net\/index.php\/wp-json\/wp\/v2\/posts"}],"about":[{"href":"https:\/\/tintafresca.net\/index.php\/wp-json\/wp\/v2\/types\/post"}],"author":[{"embeddable":true,"href":"https:\/\/tintafresca.net\/index.php\/wp-json\/wp\/v2\/users\/2"}],"replies":[{"embeddable":true,"href":"https:\/\/tintafresca.net\/index.php\/wp-json\/wp\/v2\/comments?post=3050"}],"version-history":[{"count":4,"href":"https:\/\/tintafresca.net\/index.php\/wp-json\/wp\/v2\/posts\/3050\/revisions"}],"predecessor-version":[{"id":3056,"href":"https:\/\/tintafresca.net\/index.php\/wp-json\/wp\/v2\/posts\/3050\/revisions\/3056"}],"wp:featuredmedia":[{"embeddable":true,"href":"https:\/\/tintafresca.net\/index.php\/wp-json\/wp\/v2\/media\/3053"}],"wp:attachment":[{"href":"https:\/\/tintafresca.net\/index.php\/wp-json\/wp\/v2\/media?parent=3050"}],"wp:term":[{"taxonomy":"category","embeddable":true,"href":"https:\/\/tintafresca.net\/index.php\/wp-json\/wp\/v2\/categories?post=3050"},{"taxonomy":"post_tag","embeddable":true,"href":"https:\/\/tintafresca.net\/index.php\/wp-json\/wp\/v2\/tags?post=3050"}],"curies":[{"name":"wp","href":"https:\/\/api.w.org\/{rel}","templated":true}]}}