{"id":30524,"date":"2023-09-22T16:13:37","date_gmt":"2023-09-22T16:13:37","guid":{"rendered":"https:\/\/tintafresca.net\/?p=30524"},"modified":"2023-09-22T20:48:22","modified_gmt":"2023-09-22T20:48:22","slug":"camara-de-caldas-da-rainha-promove-protesto-unidos-pela-saude-a-realizar-em-lisboa","status":"publish","type":"post","link":"https:\/\/tintafresca.net\/index.php\/2023\/09\/22\/camara-de-caldas-da-rainha-promove-protesto-unidos-pela-saude-a-realizar-em-lisboa\/","title":{"rendered":"C\u00e2mara de Caldas da Rainha promove protesto \u201cUnidos Pela Sa\u00fade\u201d a realizar em Lisboa"},"content":{"rendered":"<div id=\"attachment_18126\" style=\"width: 510px\" class=\"wp-caption alignleft\"><img loading=\"lazy\" decoding=\"async\" aria-describedby=\"caption-attachment-18126\" class=\"wp-image-18126\" src=\"https:\/\/tintafresca.net\/wp-content\/uploads\/2022\/07\/Caldas_Vitor_Marques_Saude.jpg\" alt=\"\" width=\"500\" height=\"625\" srcset=\"https:\/\/tintafresca.net\/wp-content\/uploads\/2022\/07\/Caldas_Vitor_Marques_Saude.jpg 1440w, https:\/\/tintafresca.net\/wp-content\/uploads\/2022\/07\/Caldas_Vitor_Marques_Saude-240x300.jpg 240w, https:\/\/tintafresca.net\/wp-content\/uploads\/2022\/07\/Caldas_Vitor_Marques_Saude-819x1024.jpg 819w, https:\/\/tintafresca.net\/wp-content\/uploads\/2022\/07\/Caldas_Vitor_Marques_Saude-768x960.jpg 768w, https:\/\/tintafresca.net\/wp-content\/uploads\/2022\/07\/Caldas_Vitor_Marques_Saude-1229x1536.jpg 1229w\" sizes=\"auto, (max-width: 500px) 100vw, 500px\" \/><p id=\"caption-attachment-18126\" class=\"wp-caption-text\">V\u00edtor Marques junto \u00e0 sede do Minist\u00e9rio da Sa\u00fade<\/p><\/div>\n<p>O presidente da C\u00e2mara Municipal de Caldas da Rainha, V\u00edtor Marques, vai estar presente numa confer\u00eancia de imprensa, \u00e0s 12h00 de segunda-feira, dia 25 de setembro, na sede do munic\u00edpio, depois de ter convocado todos os caldenses para \u201cuma a\u00e7\u00e3o de protesto a realizar-se em Lisboa\u201d a 21 de outubro de 2023.<\/p>\n<p>Na confer\u00eancia de imprensa ser\u00e3o explicadas todas as raz\u00f5es para esta nova forma de luta, para que o Hospital do Oeste se mantenha em Caldas.<\/p>\n<p>Isto depois do \u00faltimo estudo elaborado pelo especialista em Ordenamento do Territ\u00f3rio e diretor do Centro de Estudos e Desenvolvimento Regional e Urbano (CEDRU), S\u00e9rgio Barroso, que j\u00e1 foi enviado a todas as entidades envolvidas na decis\u00e3o e partidos pol\u00edticos, ter reafirmado que a op\u00e7\u00e3o pelo munic\u00edpio do Bombarral \u201cs\u00f3 \u00e9 compreens\u00edvel\u201d pelo facto de o Estado se ter eximido das suas responsabilidades<\/p>\n<p>O documento &#8220;Proposta do Munic\u00edpio de Caldas da Rainha para o Novo Hospital do Oeste&#8221; est\u00e1 dispon\u00edvel, na sua vers\u00e3o digital, no seguinte\u00a0<a href=\"https:\/\/bit.ly\/Proposta_NovoHospitalOeste_MunicipioCaldasdaRainha.\"> link.<\/a><\/p>\n<p>Numa carta enviada a todas as associa\u00e7\u00f5es do munic\u00edpio e do concelho, V\u00edtor Marques apela a que todas as for\u00e7as vivas participem nesta marcha, afirmando que \u201c\u00e9 com orgulho que afirmamos que n\u00e3o desistimos. Estamos cada vez mais unidos pela nossa Sa\u00fade e conscientes da necessidade de continuarmos a lutar.\u201d<\/p>\n<p>\u201cApesar de todos os esfor\u00e7os que se t\u00eam vindo a concretizar para que o novo Hospital do Oeste seja constru\u00eddo em Caldas da Rainha, como \u00e9 do vosso conhecimento, foi anunciado pelo ministro da Sa\u00fade, Manuel Pizarro, que este ir\u00e1 ser constru\u00eddo no Bombarral. Esta decis\u00e3o tamb\u00e9m implica o encerramento do Hospital de Caldas da Rainha\u201d, alerta.<\/p>\n<p>Por isso mesmo, conclui o presidente da C\u00e2mara Municipal de Caldas da Rainha, V\u00edtor Marques, \u201cestamos a preparar uma a\u00e7\u00e3o de protesto a realizar-se em Lisboa, no dia 21 de outubro de 2023, com partida de Caldas da Rainha pelas 13h30 e a sa\u00edda de Lisboa pelas 18h30.\u201d<\/p>\n<p>As inscri\u00e7\u00f5es para participarem na marcha de protesto podem ser realizadas por via online (<a href=\"https:\/\/bit.ly\/Inscricao_Unidos_pela_Saude\">https:\/\/bit.ly\/Inscricao_Unidos_pela_Saude<\/a>), nas Juntas de Freguesia ou na C\u00e2mara Municipal.<\/p>\n<p>Os pormenores da a\u00e7\u00e3o ser\u00e3o comunicados na confer\u00eancia de imprensa da pr\u00f3xima segunda-feira.<\/p>\n","protected":false},"excerpt":{"rendered":"<p>O presidente da C\u00e2mara Municipal de Caldas da Rainha, V\u00edtor Marques, vai estar presente numa confer\u00eancia de imprensa, \u00e0s 12h00 de segunda-feira, dia 25 de setembro, na sede do munic\u00edpio, depois de ter convocado todos os caldenses para \u201cuma a\u00e7\u00e3o de protesto a realizar-se em Lisboa\u201d a 21 de outubro de 2023. Na confer\u00eancia de [&hellip;]<\/p>\n","protected":false},"author":2,"featured_media":30526,"comment_status":"open","ping_status":"open","sticky":false,"template":"","format":"standard","meta":{"footnotes":""},"categories":[6],"tags":[],"class_list":["post-30524","post","type-post","status-publish","format-standard","has-post-thumbnail","hentry","category-saude"],"_links":{"self":[{"href":"https:\/\/tintafresca.net\/index.php\/wp-json\/wp\/v2\/posts\/30524","targetHints":{"allow":["GET"]}}],"collection":[{"href":"https:\/\/tintafresca.net\/index.php\/wp-json\/wp\/v2\/posts"}],"about":[{"href":"https:\/\/tintafresca.net\/index.php\/wp-json\/wp\/v2\/types\/post"}],"author":[{"embeddable":true,"href":"https:\/\/tintafresca.net\/index.php\/wp-json\/wp\/v2\/users\/2"}],"replies":[{"embeddable":true,"href":"https:\/\/tintafresca.net\/index.php\/wp-json\/wp\/v2\/comments?post=30524"}],"version-history":[{"count":4,"href":"https:\/\/tintafresca.net\/index.php\/wp-json\/wp\/v2\/posts\/30524\/revisions"}],"predecessor-version":[{"id":30541,"href":"https:\/\/tintafresca.net\/index.php\/wp-json\/wp\/v2\/posts\/30524\/revisions\/30541"}],"wp:featuredmedia":[{"embeddable":true,"href":"https:\/\/tintafresca.net\/index.php\/wp-json\/wp\/v2\/media\/30526"}],"wp:attachment":[{"href":"https:\/\/tintafresca.net\/index.php\/wp-json\/wp\/v2\/media?parent=30524"}],"wp:term":[{"taxonomy":"category","embeddable":true,"href":"https:\/\/tintafresca.net\/index.php\/wp-json\/wp\/v2\/categories?post=30524"},{"taxonomy":"post_tag","embeddable":true,"href":"https:\/\/tintafresca.net\/index.php\/wp-json\/wp\/v2\/tags?post=30524"}],"curies":[{"name":"wp","href":"https:\/\/api.w.org\/{rel}","templated":true}]}}