{"id":30553,"date":"2023-09-23T11:35:12","date_gmt":"2023-09-23T11:35:12","guid":{"rendered":"https:\/\/tintafresca.net\/?p=30553"},"modified":"2023-09-24T10:09:17","modified_gmt":"2023-09-24T10:09:17","slug":"uniao-europeia-aprova-reprogramacao-do-prr-e-da-luz-verde-ao-funicular-da-pederneira","status":"publish","type":"post","link":"https:\/\/tintafresca.net\/index.php\/2023\/09\/23\/uniao-europeia-aprova-reprogramacao-do-prr-e-da-luz-verde-ao-funicular-da-pederneira\/","title":{"rendered":"Uni\u00e3o Europeia aprova reprograma\u00e7\u00e3o do PRR e d\u00e1 luz verde ao Funicular da Pederneira"},"content":{"rendered":"<div id=\"attachment_30555\" style=\"width: 310px\" class=\"wp-caption alignleft\"><img loading=\"lazy\" decoding=\"async\" aria-describedby=\"caption-attachment-30555\" class=\"wp-image-30555\" src=\"https:\/\/tintafresca.net\/wp-content\/uploads\/2023\/09\/Nzare_antonio_Costa10.jpg\" alt=\"\" width=\"300\" height=\"473\" srcset=\"https:\/\/tintafresca.net\/wp-content\/uploads\/2023\/09\/Nzare_antonio_Costa10.jpg 400w, https:\/\/tintafresca.net\/wp-content\/uploads\/2023\/09\/Nzare_antonio_Costa10-190x300.jpg 190w\" sizes=\"auto, (max-width: 300px) 100vw, 300px\" \/><p id=\"caption-attachment-30555\" class=\"wp-caption-text\">Ant\u00f3nio Costa<\/p><\/div>\n<p>O financiamento do Funicular da Pederneira est\u00e1 assegurado e a obra j\u00e1 pode arrancar A Comiss\u00e3o Europeia aprovou a reprograma\u00e7\u00e3o do Plano de Recupera\u00e7\u00e3o e Resili\u00eancia (PRR), um programa de aplica\u00e7\u00e3o nacional, com um per\u00edodo de execu\u00e7\u00e3o at\u00e9 2026, onde se inclui o investimento da Nazar\u00e9.<\/p>\n<p>\u201cEsta \u00e9 uma semana que ficar\u00e1 para a hist\u00f3ria do desenvolvimento do nosso concelho como uma pedra basilar na pol\u00edtica de mobilidade verde e de carbono zero a n\u00edvel nacional. N\u00e3o repito os agradecimentos de quarta-feira, porque n\u00e3o existem mais palavras para expressar o que sinto neste momento\u201d, disse, esta sexta-feira, dia 22 de setembro, o presidente da C\u00e2mara da Nazar\u00e9, Walter Chicharro, acrescentando que esta \u201cobra vai mesmo nascer\u201d.<\/p>\n<p>O primeiro-ministro, Ant\u00f3nio Costa, veio, na quarta-feira, \u00e0 Nazar\u00e9, no \u00e2mbito da iniciativa do \u201cGoverno +Pr\u00f3ximo\u201d, que decorreu no Distrito de Leiria, para presidir \u00e0 sess\u00e3o p\u00fablica de apresenta\u00e7\u00e3o do Funicular da Pederneira, um projeto que come\u00e7ou a ser planeado h\u00e1 alguns anos pelo Munic\u00edpio da Nazar\u00e9 com a MPT- Empresa de planeamento urbano e gest\u00e3o da mobilidade, pioneira em Portugal em mobilidade urbana inclusiva.<\/p>\n<p>Este novo funicular, que faz parte de um sistema de mobilidade integrado para o concelho, \u201cpermitem que se possa fixar para a Nazar\u00e9 essa ambi\u00e7\u00e3o da primeira vila carbono zero,\u201d disse, no dia 20 de Agosto, Ant\u00f3nio Costa, durante a apresenta\u00e7\u00e3o do Funicular da Nazar\u00e9, na Biblioteca Municipal Jos\u00e9 Soares, na Nazar\u00e9..<\/p>\n<p>Hoje ficou a conhecer-se a decis\u00e3o de Bruxelas, que foi de aprova\u00e7\u00e3o da reprograma\u00e7\u00e3o do PRR portugu\u00eas, que inclui \u00e1reas de investimento como: o refor\u00e7o da competitividade da economia e o apoio \u00e0 transi\u00e7\u00e3o energ\u00e9tica, como \u00e9 o caso do Funicular da Pederneira. \u201cA utopia pela qual tanto lutei para se concretizar, soubemos, hoje, que vai ser uma realidade face a aprova\u00e7\u00e3o do financiamento por parte da Comiss\u00e3o Europeia. \u00c9 enorme a felicidade que sinto neste momento\u201d, diz Walter Chicharro.<\/p>\n<p><strong>Projeto do Funicular da Nazar\u00e9 atravessou tr\u00eas mandatos aut\u00e1rquicos<\/strong><\/p>\n<div id=\"attachment_30556\" style=\"width: 510px\" class=\"wp-caption alignleft\"><img loading=\"lazy\" decoding=\"async\" aria-describedby=\"caption-attachment-30556\" class=\"wp-image-30556 size-full\" src=\"https:\/\/tintafresca.net\/wp-content\/uploads\/2023\/09\/Nazare_Funicular20.jpg\" alt=\"\" width=\"500\" height=\"312\" srcset=\"https:\/\/tintafresca.net\/wp-content\/uploads\/2023\/09\/Nazare_Funicular20.jpg 500w, https:\/\/tintafresca.net\/wp-content\/uploads\/2023\/09\/Nazare_Funicular20-300x187.jpg 300w\" sizes=\"auto, (max-width: 500px) 100vw, 500px\" \/><p id=\"caption-attachment-30556\" class=\"wp-caption-text\">Futuro Funicular da Nazar\u00e9<\/p><\/div>\n<p>O secret\u00e1rio de Estado da Mobilidade Urbana foi o primeiro orador da sess\u00e3o de apresenta\u00e7\u00e3o do Funicular da Nazar\u00e9. Jorge Delgado recordou a can\u00e7\u00e3o Liberdade, de S\u00e9rgio Godinho, defendendo que ao refr\u00e3o \u201ca paz, o p\u00e3o, habita\u00e7\u00e3o, sa\u00fade e educa\u00e7\u00e3o\u201d se poderia acrescentar hoje a mobilidade por ser considerada um direito fundamental dos cidad\u00e3os, priorizando o transporte p\u00fablico, dada a menor pegada ambiental, devendo o autom\u00f3vel ser a \u00faltima op\u00e7\u00e3o, no caso de falharem toda as outras.<\/p>\n<p>Jorge Delgado recordou que esta \u00e9 uma forte aposta deste Governo, que consagra 4,8 mil milh\u00f5es de euros aos investimentos na \u00e1rea da mobilidade urbana, incluindo o Funicular da Nazar\u00e9.<\/p>\n<p>Walter Chicharro admitiu que o projeto do Funicular da Nazar\u00e9 come\u00e7ou por ser encarado como um sonho ou uma utopia, dado o volume do investimento, mas que nunca desistiu, tendo como parceiro a empresa de arquitetura MPP, que estudou e desenhou a obra desde a primeira hora. \u00a0O presidente da C\u00e2mara Municipal da Nazar\u00e9, que cumpre o terceiro e \u00faltimo mandato, garantiu que \u201ctudo farei para cumprir as utopias e serei ut\u00f3pico at\u00e9 ao \u00faltimo minuto.\u201d<\/p>\n<p>Em representa\u00e7\u00e3o da empresa MPT, Paula Teles revelou que 80% da popula\u00e7\u00e3o da Nazar\u00e9 se desloca de autom\u00f3vel dentro da vila, mas que 60% das desloca\u00e7\u00f5es s\u00e3o inferiores a 2 km. Nesse sentido, o Funicular vai permitir o acesso de residentes e turistas da zona alta da Perneira \u00e0 zona da praia, onde est\u00e3o sediados servi\u00e7os p\u00fablicos fundamentais como o Centro de Sa\u00fade, a Biblioteca Municipal e muito do com\u00e9rcio e servi\u00e7os da vila balnear.<\/p>\n<p>Coube \u00e0 ministra da Presid\u00eancia fazer o balan\u00e7o da aplica\u00e7\u00e3o dos fundos do Plano de Recupera\u00e7\u00e3o e Resili\u00eancia. Mariana Vieira da Silva revelo que o Governo j\u00e1 efetuou o pagamento de 16% dos projetos do PRR, no montante de 2580 milh\u00f5es de euros e que 86% das verbas j\u00e1 t\u00eam projetos aprovados.<\/p>\n<p>Mariana Vieira da Silva recordou que o PRR cresceu dos 16 mil milh\u00f5es para os 22 mil milh\u00f5es de euros, em virtude da necessidade de atualizar pre\u00e7os das mat\u00e9rias-primas e m\u00e3o de obra, devido \u00e0 infla\u00e7\u00e3o \u201cimportada\u201d do conflito decorrente da invas\u00e3o russa da Ucr\u00e2nia, e para cobrir outras \u00e1reas de interven\u00e7\u00e3o fundamentais, como o apoio `transi\u00e7\u00e3o energ\u00e9tica. S\u00f3 no caso da mobilidade sustent\u00e1vel, os fundos europeus aumentaram de 960 para 1550 milh\u00f5es de euros.<\/p>\n<p>A finalizar, Ant\u00f3nio Costa enfatizou a aposta do Governo na mobilidade el\u00e9trica, dando como exemplos as 4 linhas de metro de Lisboa, as 4 linhas de metro do Porto, e as linhas de metro de superf\u00edcie entre Coimbra e a Lous\u00e3, entre Braga, Barcelos e Guimar\u00e3es e a linha do Algarve, entre Olh\u00e3o, Faro e Loul\u00e9.<\/p>\n<p>O primeiro-ministro terminou a sess\u00e3o, aconselhando as entidades envolvidos no projeto do Funicular da Nazar\u00e9 a \u201carrega\u00e7arem desde j\u00e1 as mangas porque provavelmente, se come\u00e7arem dentro de 15 dias j\u00e1 ser\u00e1 tarde.\u201d Pecou por defeito, n\u00e3o foram duas semanas, foram dois dias.<\/p>\n<p><strong>\u00a0 \u00a0 \u00a0M\u00e1rio Lopes<br \/>\n<\/strong>\u00a0 (Com GCI|CMN)<\/p>\n","protected":false},"excerpt":{"rendered":"<p>O financiamento do Funicular da Pederneira est\u00e1 assegurado e a obra j\u00e1 pode arrancar A Comiss\u00e3o Europeia aprovou a reprograma\u00e7\u00e3o do Plano de Recupera\u00e7\u00e3o e Resili\u00eancia (PRR), um programa de aplica\u00e7\u00e3o nacional, com um per\u00edodo de execu\u00e7\u00e3o at\u00e9 2026, onde se inclui o investimento da Nazar\u00e9. \u201cEsta \u00e9 uma semana que ficar\u00e1 para a hist\u00f3ria [&hellip;]<\/p>\n","protected":false},"author":2,"featured_media":30557,"comment_status":"open","ping_status":"open","sticky":false,"template":"","format":"standard","meta":{"footnotes":""},"categories":[9,7],"tags":[],"class_list":["post-30553","post","type-post","status-publish","format-standard","has-post-thumbnail","hentry","category-ambiente","category-economia"],"_links":{"self":[{"href":"https:\/\/tintafresca.net\/index.php\/wp-json\/wp\/v2\/posts\/30553","targetHints":{"allow":["GET"]}}],"collection":[{"href":"https:\/\/tintafresca.net\/index.php\/wp-json\/wp\/v2\/posts"}],"about":[{"href":"https:\/\/tintafresca.net\/index.php\/wp-json\/wp\/v2\/types\/post"}],"author":[{"embeddable":true,"href":"https:\/\/tintafresca.net\/index.php\/wp-json\/wp\/v2\/users\/2"}],"replies":[{"embeddable":true,"href":"https:\/\/tintafresca.net\/index.php\/wp-json\/wp\/v2\/comments?post=30553"}],"version-history":[{"count":4,"href":"https:\/\/tintafresca.net\/index.php\/wp-json\/wp\/v2\/posts\/30553\/revisions"}],"predecessor-version":[{"id":30580,"href":"https:\/\/tintafresca.net\/index.php\/wp-json\/wp\/v2\/posts\/30553\/revisions\/30580"}],"wp:featuredmedia":[{"embeddable":true,"href":"https:\/\/tintafresca.net\/index.php\/wp-json\/wp\/v2\/media\/30557"}],"wp:attachment":[{"href":"https:\/\/tintafresca.net\/index.php\/wp-json\/wp\/v2\/media?parent=30553"}],"wp:term":[{"taxonomy":"category","embeddable":true,"href":"https:\/\/tintafresca.net\/index.php\/wp-json\/wp\/v2\/categories?post=30553"},{"taxonomy":"post_tag","embeddable":true,"href":"https:\/\/tintafresca.net\/index.php\/wp-json\/wp\/v2\/tags?post=30553"}],"curies":[{"name":"wp","href":"https:\/\/api.w.org\/{rel}","templated":true}]}}