{"id":30611,"date":"2023-09-25T13:28:00","date_gmt":"2023-09-25T13:28:00","guid":{"rendered":"https:\/\/tintafresca.net\/?p=30611"},"modified":"2023-09-25T13:36:19","modified_gmt":"2023-09-25T13:36:19","slug":"leiria-compassiva-compaixao-pelos-seus-dinamiza-primeira-sessao-da-iniciativa-homens-que-cuidam","status":"publish","type":"post","link":"https:\/\/tintafresca.net\/index.php\/2023\/09\/25\/leiria-compassiva-compaixao-pelos-seus-dinamiza-primeira-sessao-da-iniciativa-homens-que-cuidam\/","title":{"rendered":"\u201cLeiria Compassiva \u2013 ComPaix\u00e3o pelos seus!\u201d dinamiza primeira sess\u00e3o da iniciativa \u201cHomens que Cuidam\u201d"},"content":{"rendered":"<div id=\"attachment_30613\" style=\"width: 410px\" class=\"wp-caption alignleft\"><img loading=\"lazy\" decoding=\"async\" aria-describedby=\"caption-attachment-30613\" class=\"wp-image-30613\" src=\"https:\/\/tintafresca.net\/wp-content\/uploads\/2023\/09\/Leiria_Homens-que-cuidam10.png\" alt=\"\" width=\"400\" height=\"566\" srcset=\"https:\/\/tintafresca.net\/wp-content\/uploads\/2023\/09\/Leiria_Homens-que-cuidam10.png 500w, https:\/\/tintafresca.net\/wp-content\/uploads\/2023\/09\/Leiria_Homens-que-cuidam10-212x300.png 212w\" sizes=\"auto, (max-width: 400px) 100vw, 400px\" \/><p id=\"caption-attachment-30613\" class=\"wp-caption-text\">Cartaz<\/p><\/div>\n<p>No dia 27 de setembro, \u00e0s 18h30, realiza-se a primeira sess\u00e3o da iniciativa \u201cHomens que Cuidam\u201d no M|I|MO \u2013 Museu da Imagem em Movimento, em Leiria, e \u00e9 dinamizado pelo projeto \u201cLeiria Compassiva \u2013 ComPaix\u00e3o pelos seus!\u201d, promovido pela Associa\u00e7\u00e3o Portuguesa de Cuidados Paliativos e pela Funda\u00e7\u00e3o \u201cla Caixa\u201d e BPI, no quadro do Programa de Apoio integral a pessoas com doen\u00e7as avan\u00e7adas \u2013 Humaniza.<\/p>\n<p>Nesta primeira a\u00e7\u00e3o de sensibiliza\u00e7\u00e3o ser\u00e1 apresentado um pequeno v\u00eddeo que dar\u00e1 mote a um debate, moderado por Alexandra Carvalheiro, psic\u00f3loga cl\u00ednica do Servi\u00e7o de Cuidados Paliativos do Centro Hospitalar de Leiria, para partilha de experi\u00eancias dos participantes.<\/p>\n<p>A iniciativa \u201cHomens que Cuidam\u201d preconiza a concretiza\u00e7\u00e3o de quatro sess\u00f5es de sensibiliza\u00e7\u00e3o, atrav\u00e9s de diferentes recursos e din\u00e2micas, para a promo\u00e7\u00e3o do debate e da partilha, com foco e na perspetiva do homem cuidador. Este evento gratuito destina-se \u00e0 comunidade e a entrada \u00e9 livre.<\/p>\n<p>O projeto \u201cLeiria Compassiva\u201d tem como parceiros o Centro Hospitalar de Leiria, o Polit\u00e9cnico de Leiria, a C\u00e2mara Municipal de Leiria, a Sociedade Art\u00edstica Musical dos Pousos \u2013 SAMP, Jiga Joga, a Associa\u00e7\u00e3o Carlotazinha e a Associa\u00e7\u00e3o Portuguesa de AVC.<\/p>\n<p><strong>Funda\u00e7\u00e3o \u201dla Caixa\u201d: 50 milh\u00f5es de euros para 2023<\/strong><\/p>\n<p>Com o Programa Humaniza, a Funda\u00e7\u00e3o \u201dla Caixa\u201d estende a Portugal o seu Programa de Apoio Integral a Pessoas com Doen\u00e7as Avan\u00e7adas, criado em Espanha em 2008 e reconhecido pela Organiza\u00e7\u00e3o Mundial da Sa\u00fade. O Programa Humaniza iniciou em Portugal em 2018\u00a0 com o objetivo de impulsionar e ampliar o acesso \u00e0 interven\u00e7\u00e3o paliativa, promover a qualifica\u00e7\u00e3o dos profissionais e apoiar diferentes associa\u00e7\u00f5es na implementa\u00e7\u00e3o de projetos de sensibiliza\u00e7\u00e3o p\u00fablica e de acompanhamento em processos de doen\u00e7a avan\u00e7ada e luto.<\/p>\n<p>A Funda\u00e7\u00e3o \u201dla Caixa\u201d iniciou em 2018 a sua implanta\u00e7\u00e3o em Portugal, consequ\u00eancia da entrada do BPI no grupo CaixaBank. Em 2023, destina 50 milh\u00f5es de euros a projetos sociais, de investiga\u00e7\u00e3o, educativos e de divulga\u00e7\u00e3o cultural e cient\u00edfica.<\/p>\n<p><strong>\u00a0 \u00a0 \u00a0 Fonte: Midlandcom<\/strong><\/p>\n","protected":false},"excerpt":{"rendered":"<p>No dia 27 de setembro, \u00e0s 18h30, realiza-se a primeira sess\u00e3o da iniciativa \u201cHomens que Cuidam\u201d no M|I|MO \u2013 Museu da Imagem em Movimento, em Leiria, e \u00e9 dinamizado pelo projeto \u201cLeiria Compassiva \u2013 ComPaix\u00e3o pelos seus!\u201d, promovido pela Associa\u00e7\u00e3o Portuguesa de Cuidados Paliativos e pela Funda\u00e7\u00e3o \u201cla Caixa\u201d e BPI, no quadro do Programa [&hellip;]<\/p>\n","protected":false},"author":2,"featured_media":30614,"comment_status":"open","ping_status":"open","sticky":false,"template":"","format":"standard","meta":{"footnotes":""},"categories":[6],"tags":[],"class_list":["post-30611","post","type-post","status-publish","format-standard","has-post-thumbnail","hentry","category-saude"],"_links":{"self":[{"href":"https:\/\/tintafresca.net\/index.php\/wp-json\/wp\/v2\/posts\/30611","targetHints":{"allow":["GET"]}}],"collection":[{"href":"https:\/\/tintafresca.net\/index.php\/wp-json\/wp\/v2\/posts"}],"about":[{"href":"https:\/\/tintafresca.net\/index.php\/wp-json\/wp\/v2\/types\/post"}],"author":[{"embeddable":true,"href":"https:\/\/tintafresca.net\/index.php\/wp-json\/wp\/v2\/users\/2"}],"replies":[{"embeddable":true,"href":"https:\/\/tintafresca.net\/index.php\/wp-json\/wp\/v2\/comments?post=30611"}],"version-history":[{"count":2,"href":"https:\/\/tintafresca.net\/index.php\/wp-json\/wp\/v2\/posts\/30611\/revisions"}],"predecessor-version":[{"id":30615,"href":"https:\/\/tintafresca.net\/index.php\/wp-json\/wp\/v2\/posts\/30611\/revisions\/30615"}],"wp:featuredmedia":[{"embeddable":true,"href":"https:\/\/tintafresca.net\/index.php\/wp-json\/wp\/v2\/media\/30614"}],"wp:attachment":[{"href":"https:\/\/tintafresca.net\/index.php\/wp-json\/wp\/v2\/media?parent=30611"}],"wp:term":[{"taxonomy":"category","embeddable":true,"href":"https:\/\/tintafresca.net\/index.php\/wp-json\/wp\/v2\/categories?post=30611"},{"taxonomy":"post_tag","embeddable":true,"href":"https:\/\/tintafresca.net\/index.php\/wp-json\/wp\/v2\/tags?post=30611"}],"curies":[{"name":"wp","href":"https:\/\/api.w.org\/{rel}","templated":true}]}}