{"id":30760,"date":"2023-10-01T12:15:16","date_gmt":"2023-10-01T12:15:16","guid":{"rendered":"https:\/\/tintafresca.net\/?p=30760"},"modified":"2023-10-01T12:22:37","modified_gmt":"2023-10-01T12:22:37","slug":"precos-das-portagens-da-a13-e-a25-vao-descer-30","status":"publish","type":"post","link":"https:\/\/tintafresca.net\/index.php\/2023\/10\/01\/precos-das-portagens-da-a13-e-a25-vao-descer-30\/","title":{"rendered":"Pre\u00e7os das portagens da A13 e A23 v\u00e3o descer 30%"},"content":{"rendered":"<div id=\"attachment_30762\" style=\"width: 510px\" class=\"wp-caption alignleft\"><img loading=\"lazy\" decoding=\"async\" aria-describedby=\"caption-attachment-30762\" class=\"wp-image-30762 size-full\" src=\"https:\/\/tintafresca.net\/wp-content\/uploads\/2023\/10\/Leiria_Mulheres_Socialistas_AR10.jpg\" alt=\"\" width=\"500\" height=\"225\" srcset=\"https:\/\/tintafresca.net\/wp-content\/uploads\/2023\/10\/Leiria_Mulheres_Socialistas_AR10.jpg 500w, https:\/\/tintafresca.net\/wp-content\/uploads\/2023\/10\/Leiria_Mulheres_Socialistas_AR10-300x135.jpg 300w\" sizes=\"auto, (max-width: 500px) 100vw, 500px\" \/><p id=\"caption-attachment-30762\" class=\"wp-caption-text\">Mulheres Socialistas de Leiria com a dire\u00e7\u00e3o da Bancada do PS no Parlamento<\/p><\/div>\n<p>A Federa\u00e7\u00e3o Distrital de Leiria das Mulheres Socialistas congratulou-se, no dia 29 de setembro, pela descida de 30% no pre\u00e7o das portagens da A13, uma autoestrada que atravessa o distrito de Leiria.<\/p>\n<p>O decreto-lei que procede \u00e0 cria\u00e7\u00e3o de \u201cum regime de redu\u00e7\u00e3o no valor das taxas de portagens cobradas aos utilizadores nos lan\u00e7os e sublan\u00e7os das autoestradas com sistemas de portagem exclusivamente eletr\u00f3nicos dos territ\u00f3rios do interior do pa\u00eds, bem como naqueles onde n\u00e3o existem vias alternativas ou as existentes n\u00e3o permitem um uso em qualidade e seguran\u00e7a\u201d, foi aprovado esta quinta-feira, 28 de setembro, como refere o Conselho de Ministros em comunicado.<\/p>\n<p>A decis\u00e3o era h\u00e1 muito defendida pela Federa\u00e7\u00e3o Distrital de Leiria das Mulheres Socialistas, pelos deputados eleitos pelo distrito e autarcas da regi\u00e3o. A descida de pre\u00e7os pretende repor a justi\u00e7a territorial no interior j\u00e1 que nestes territ\u00f3rios a popula\u00e7\u00e3o n\u00e3o tem vias alternativas ou transportes p\u00fablicos que assegurar este percurso.<\/p>\n<p>\u201cCongratulamo-nos por este desconto que vai ter um impacto muito significativo na vida das pessoas e dos Empres\u00e1rios da Regi\u00e3o&#8221;, sublinha Cl\u00e1udia Avelar em comunicado, ex deputada do PS e Presidente da Federa\u00e7\u00e3o Distrital de Leiria das Mulheres Socialistas- Igualdade e Direitos.<\/p>\n<p>Considerando os valores base de 2011, quando as ex-SCUT come\u00e7aram a ser portajadas, estes descontos representar\u00e3o uma redu\u00e7\u00e3o de 50% para 65%.<\/p>\n<p>A medida do Governo aplica-se ainda \u00e0s autoestradas A23, IP e Beira Interior (entre Torres Novas e a Guarda), A24 (Interior Norte), A25 (Beiras Litoral e Alta) e A22 no Algarve (Via do Infante\/ Algarve).<\/p>\n<p>Os descontos dever\u00e3o entrar em vigor em janeiro de 2024 e aplicam-se aos ve\u00edculos de classe 1, 2, 3 e 4.<\/p>\n<p>De real\u00e7ar que, esta decis\u00e3o vai ao encontro da reivindica\u00e7\u00e3o que a Federa\u00e7\u00e3o Distrital de Leiria das Mulheres Socialistas, apresentou junto das propostas para or\u00e7amento de estado para 2024 na visita \u00e0 Assembleia da Rep\u00fablica, aquando da sua reuni\u00e3o com os deputados eleitos pelo c\u00edrculo eleitoral de Leiria e pelo L\u00edder da Bancada do PS.<\/p>\n<p><strong>\u00a0 \u00a0 Fonte: FDMS|Leiria<\/strong><\/p>\n","protected":false},"excerpt":{"rendered":"<p>A Federa\u00e7\u00e3o Distrital de Leiria das Mulheres Socialistas congratulou-se, no dia 29 de setembro, pela descida de 30% no pre\u00e7o das portagens da A13, uma autoestrada que atravessa o distrito de Leiria. O decreto-lei que procede \u00e0 cria\u00e7\u00e3o de \u201cum regime de redu\u00e7\u00e3o no valor das taxas de portagens cobradas aos utilizadores nos lan\u00e7os e [&hellip;]<\/p>\n","protected":false},"author":2,"featured_media":30763,"comment_status":"open","ping_status":"open","sticky":false,"template":"","format":"standard","meta":{"footnotes":""},"categories":[7],"tags":[],"class_list":["post-30760","post","type-post","status-publish","format-standard","has-post-thumbnail","hentry","category-economia"],"_links":{"self":[{"href":"https:\/\/tintafresca.net\/index.php\/wp-json\/wp\/v2\/posts\/30760","targetHints":{"allow":["GET"]}}],"collection":[{"href":"https:\/\/tintafresca.net\/index.php\/wp-json\/wp\/v2\/posts"}],"about":[{"href":"https:\/\/tintafresca.net\/index.php\/wp-json\/wp\/v2\/types\/post"}],"author":[{"embeddable":true,"href":"https:\/\/tintafresca.net\/index.php\/wp-json\/wp\/v2\/users\/2"}],"replies":[{"embeddable":true,"href":"https:\/\/tintafresca.net\/index.php\/wp-json\/wp\/v2\/comments?post=30760"}],"version-history":[{"count":4,"href":"https:\/\/tintafresca.net\/index.php\/wp-json\/wp\/v2\/posts\/30760\/revisions"}],"predecessor-version":[{"id":30766,"href":"https:\/\/tintafresca.net\/index.php\/wp-json\/wp\/v2\/posts\/30760\/revisions\/30766"}],"wp:featuredmedia":[{"embeddable":true,"href":"https:\/\/tintafresca.net\/index.php\/wp-json\/wp\/v2\/media\/30763"}],"wp:attachment":[{"href":"https:\/\/tintafresca.net\/index.php\/wp-json\/wp\/v2\/media?parent=30760"}],"wp:term":[{"taxonomy":"category","embeddable":true,"href":"https:\/\/tintafresca.net\/index.php\/wp-json\/wp\/v2\/categories?post=30760"},{"taxonomy":"post_tag","embeddable":true,"href":"https:\/\/tintafresca.net\/index.php\/wp-json\/wp\/v2\/tags?post=30760"}],"curies":[{"name":"wp","href":"https:\/\/api.w.org\/{rel}","templated":true}]}}