{"id":30767,"date":"2023-10-02T10:00:21","date_gmt":"2023-10-02T10:00:21","guid":{"rendered":"https:\/\/tintafresca.net\/?p=30767"},"modified":"2023-10-02T10:09:07","modified_gmt":"2023-10-02T10:09:07","slug":"autarca-de-pombal-alerta-no-congresso-da-anmp-ter-17-mil-utentes-sem-medico-de-familia","status":"publish","type":"post","link":"https:\/\/tintafresca.net\/index.php\/2023\/10\/02\/autarca-de-pombal-alerta-no-congresso-da-anmp-ter-17-mil-utentes-sem-medico-de-familia\/","title":{"rendered":"Autarca de Pombal alerta no Congresso da ANMP ter 17 mil utentes sem m\u00e9dico de fam\u00edlia"},"content":{"rendered":"<div id=\"attachment_30769\" style=\"width: 510px\" class=\"wp-caption alignleft\"><img loading=\"lazy\" decoding=\"async\" aria-describedby=\"caption-attachment-30769\" class=\"wp-image-30769 size-full\" src=\"https:\/\/tintafresca.net\/wp-content\/uploads\/2023\/10\/Pombal_Congresso-ANMP_Pedro-Pimpao10.jpg\" alt=\"\" width=\"500\" height=\"336\" srcset=\"https:\/\/tintafresca.net\/wp-content\/uploads\/2023\/10\/Pombal_Congresso-ANMP_Pedro-Pimpao10.jpg 500w, https:\/\/tintafresca.net\/wp-content\/uploads\/2023\/10\/Pombal_Congresso-ANMP_Pedro-Pimpao10-300x202.jpg 300w\" sizes=\"auto, (max-width: 500px) 100vw, 500px\" \/><p id=\"caption-attachment-30769\" class=\"wp-caption-text\">Interven\u00e7\u00e3o de Pedro Pimp\u00e3o no Congresso da ANMP<\/p><\/div>\n<p>O presidente da C\u00e2mara Municipal de Pombal, Pedro Pimp\u00e3o, exige o refor\u00e7o de m\u00e9dicos nas freguesias e unidades de sa\u00fade, tendo apelado ao aumento do investimento nacional no sector da sa\u00fade.\u00a0\u00a0Pedro Pimp\u00e3o discursava perante o Congresso da Associa\u00e7\u00e3o Nacional de Munic\u00edpios Portugueses, que decorreu no dia 30 de setembro, no Seixal.<\/p>\n<p>O autarca referiu, que o assunto que mais preocupa os cidad\u00e3os portugueses \u00e9 a sa\u00fade e que os autarcas, com cada um dos seus exemplos locais, n\u00e3o podem deixar de ser solid\u00e1rios com as suas popula\u00e7\u00f5es na justa reivindica\u00e7\u00e3o de mais e melhor presta\u00e7\u00e3o de cuidados de sa\u00fade.<\/p>\n<p>Pedro Pimp\u00e3o salientou que s\u00f3 no concelho de Pombal, num territ\u00f3rio com 51 mil habitantes, existem cerca de 17 mil utentes sem m\u00e9dico de fam\u00edlia, o que considera ser um n\u00famero gritante e deveras preocupante.<\/p>\n<p>No que respeita ao balan\u00e7o do processo de descentraliza\u00e7\u00e3o de compet\u00eancias, o presidente da C\u00e2mara referiu que se trata de uma alta transfer\u00eancia de responsabilidades e uma baixa transfer\u00eancia de verba para os munic\u00edpios, que t\u00eam que canalizar verbas dos seus parcos or\u00e7amentos para colmatar o d\u00e9fice de financiamento das novas responsabilidades.<\/p>\n<p>Referindo-se \u00e0 educa\u00e7\u00e3o, o edil lamentou o atraso do compromisso que o Governo assumiu com as autarquias que iria custear a 100% o financiamento das escolas que passaram para as suas responsabilidades, sendo que, estando a meio dos mandatos aut\u00e1rquicos, infelizmente, n\u00e3o havendo ainda avisos de financiamento abertos, nenhum autarca vai poder concretizar (neste mandato) essas obras, por in\u00e9rcia do Governo que ainda n\u00e3o concretizou o compromisso que assumiu com as autarquias locais h\u00e1 mais de um ano.<\/p>\n<p>Pedro Pimp\u00e3o centrou, contudo, a sua interven\u00e7\u00e3o na sua maior preocupa\u00e7\u00e3o e que se prende com a \u00e1rea da sa\u00fade, onde as coisas est\u00e3o muito pior, como se pode constatar em cada um dos territ\u00f3rios dos autarcas presentes, referindo que se queremos melhorar a qualidade de vida e o bem-estar das pessoas, como fator de atratividade das nossas comunidades, temos que exigir mais e melhores cuidados de sa\u00fade.<\/p>\n<p>Para o edil, precisamos urgentemente de mais profissionais de sa\u00fade nas nossas freguesias, elemento fundamental para a coes\u00e3o territorial, sendo urgente avan\u00e7ar com a reorganiza\u00e7\u00e3o (eficaz) da rede de cuidados sa\u00fade prim\u00e1rios, com o aumento da capacidade de resposta das nossas unidades hospitalares e com o refor\u00e7o de m\u00e9dicos nas nossas unidades de sa\u00fade e nas nossas freguesias.<\/p>\n<p>O presidente da C\u00e2mara Municipal de Pombal apelou, assim, aos \u00f3rg\u00e3os nacionais da ANMP que, juntos, possam exigir aos nossos governantes e a quem tem responsabilidade sectorial nesta mat\u00e9ria, para que haja real investimento e uma aposta forte na melhoria da presta\u00e7\u00e3o dos cuidados de sa\u00fade \u00e0 nossa popula\u00e7\u00e3o que s\u00e3o a raz\u00e3o de ser da nossa miss\u00e3o.<\/p>\n<p><strong>\u00a0 \u00a0 Fonte: OC|GC|CMP\u00a0<\/strong><\/p>\n","protected":false},"excerpt":{"rendered":"<p>O presidente da C\u00e2mara Municipal de Pombal, Pedro Pimp\u00e3o, exige o refor\u00e7o de m\u00e9dicos nas freguesias e unidades de sa\u00fade, tendo apelado ao aumento do investimento nacional no sector da sa\u00fade.\u00a0\u00a0Pedro Pimp\u00e3o discursava perante o Congresso da Associa\u00e7\u00e3o Nacional de Munic\u00edpios Portugueses, que decorreu no dia 30 de setembro, no Seixal. O autarca referiu, que [&hellip;]<\/p>\n","protected":false},"author":2,"featured_media":30771,"comment_status":"open","ping_status":"open","sticky":false,"template":"","format":"standard","meta":{"footnotes":""},"categories":[6],"tags":[],"class_list":["post-30767","post","type-post","status-publish","format-standard","has-post-thumbnail","hentry","category-saude"],"_links":{"self":[{"href":"https:\/\/tintafresca.net\/index.php\/wp-json\/wp\/v2\/posts\/30767","targetHints":{"allow":["GET"]}}],"collection":[{"href":"https:\/\/tintafresca.net\/index.php\/wp-json\/wp\/v2\/posts"}],"about":[{"href":"https:\/\/tintafresca.net\/index.php\/wp-json\/wp\/v2\/types\/post"}],"author":[{"embeddable":true,"href":"https:\/\/tintafresca.net\/index.php\/wp-json\/wp\/v2\/users\/2"}],"replies":[{"embeddable":true,"href":"https:\/\/tintafresca.net\/index.php\/wp-json\/wp\/v2\/comments?post=30767"}],"version-history":[{"count":4,"href":"https:\/\/tintafresca.net\/index.php\/wp-json\/wp\/v2\/posts\/30767\/revisions"}],"predecessor-version":[{"id":30773,"href":"https:\/\/tintafresca.net\/index.php\/wp-json\/wp\/v2\/posts\/30767\/revisions\/30773"}],"wp:featuredmedia":[{"embeddable":true,"href":"https:\/\/tintafresca.net\/index.php\/wp-json\/wp\/v2\/media\/30771"}],"wp:attachment":[{"href":"https:\/\/tintafresca.net\/index.php\/wp-json\/wp\/v2\/media?parent=30767"}],"wp:term":[{"taxonomy":"category","embeddable":true,"href":"https:\/\/tintafresca.net\/index.php\/wp-json\/wp\/v2\/categories?post=30767"},{"taxonomy":"post_tag","embeddable":true,"href":"https:\/\/tintafresca.net\/index.php\/wp-json\/wp\/v2\/tags?post=30767"}],"curies":[{"name":"wp","href":"https:\/\/api.w.org\/{rel}","templated":true}]}}