{"id":30783,"date":"2023-10-02T16:46:54","date_gmt":"2023-10-02T16:46:54","guid":{"rendered":"https:\/\/tintafresca.net\/?p=30783"},"modified":"2023-10-02T16:56:36","modified_gmt":"2023-10-02T16:56:36","slug":"nerlei-apoia-participacao-de-onze-empresas-portuguesas-em-duas-feiras-internacionais","status":"publish","type":"post","link":"https:\/\/tintafresca.net\/index.php\/2023\/10\/02\/nerlei-apoia-participacao-de-onze-empresas-portuguesas-em-duas-feiras-internacionais\/","title":{"rendered":"Nerlei apoia participa\u00e7\u00e3o de onze empresas portuguesas em duas feiras internacionais em Nuremberga e Mil\u00e3o"},"content":{"rendered":"<div id=\"attachment_9440\" style=\"width: 510px\" class=\"wp-caption alignleft\"><img loading=\"lazy\" decoding=\"async\" aria-describedby=\"caption-attachment-9440\" class=\"wp-image-9440 size-full\" src=\"https:\/\/tintafresca.net\/wp-content\/uploads\/2021\/10\/Nerlei_2010.jpg\" alt=\"\" width=\"500\" height=\"375\" srcset=\"https:\/\/tintafresca.net\/wp-content\/uploads\/2021\/10\/Nerlei_2010.jpg 500w, https:\/\/tintafresca.net\/wp-content\/uploads\/2021\/10\/Nerlei_2010-300x225.jpg 300w\" sizes=\"auto, (max-width: 500px) 100vw, 500px\" \/><p id=\"caption-attachment-9440\" class=\"wp-caption-text\">Sede da Nerlei<\/p><\/div>\n<p>Durante o m\u00eas de outubro onze empresas portuguesas v\u00e3o participar em duas feiras internacionais, na Alemanha e em It\u00e1lia, com o apoio da NERLEI \u2013 Associa\u00e7\u00e3o Empresarial da Regi\u00e3o de Leiria, no \u00e2mbito do seu projeto de apoio \u00e0 internacionaliza\u00e7\u00e3o de empresas <em>International Business<\/em> 2023-25, aprovado pelo Portugal 2030, e que prev\u00ea um investimento total de cerca de 7,3 milh\u00f5es de euros.<\/p>\n<p>A 11 de outubro come\u00e7a a feira INSIGHTS-X, que decorrer\u00e1 at\u00e9 14 de outubro, em Nuremberga, Alemanha. Esta \u00e9 uma feira de artigos de papelaria, material escolar e de escrit\u00f3rio, desenvolvida para e com este setor. Aqui, os principais fabricantes de marcas e fornecedores, de todas as dimens\u00f5es, encontram-se com visitantes profissionais e decisores qualificados.<\/p>\n<p>As tr\u00eas empresas portuguesas presentes no certame, v\u00e3o receber o apoio de 50% das despesas eleg\u00edveis por terem aderido ao projeto da NERLEI. S\u00e3o elas: Ambar Passion, SA, de Braga; Ant\u00f3nio Augusto Correia, Lda \u2013 ANCOR, de Vila do Conde; e a DKT Representa\u00e7\u00f5es, Lda, de Ermesinde.<\/p>\n<p>Entretanto, a 13 de outubro inicia tamb\u00e9m a HOST, em Mil\u00e3o, It\u00e1lia, onde estar\u00e3o oito empresas portuguesas apoiadas pela NERLEI. Este certame, que se prolonga at\u00e9 17 de outubro, \u00e9 o evento internacional de refer\u00eancia para os operadores profissionais do setor HORECA e destaca-se pelas suas tr\u00eas \u00e1reas de exposi\u00e7\u00e3o nomeadamente: equipamentos de <em>foodservice<\/em>, padaria, pizzas e massas; caf\u00e9, ch\u00e1, bar, m\u00e1quinas de caf\u00e9, gelado e pastelaria; e mobili\u00e1rio, tecnologia e lou\u00e7a de mesa.<\/p>\n<p>As empresas que participam na HOST com o apoio da NERLEI s\u00e3o: Arcaboa &#8211; Ind\u00fastria de Frio, SA, de Gondomar; a Artame, SA, de Rio Tinto; a Belo Inox, SA, de Guimar\u00e3es; a Face Cutlery, Lda, tamb\u00e9m de Guimar\u00e3es; a ICEL \u2013 Ind\u00fastria de Cutelarias da Estremadura, SA, da Benedita, Alcoba\u00e7a; a HERDMAR &#8211; Manuel Marques Herdeiros, Lda, de Guimar\u00e3es; a Maria Portugal Terracota, Lda, de Porto de M\u00f3s; e a Nosse Ceramics, Lda, da Batalha.<\/p>\n<p>Al\u00e9m de todo o trabalho de organiza\u00e7\u00e3o log\u00edstica das participa\u00e7\u00f5es destas empresas, e do apoio em 50% nas despesas eleg\u00edveis, a NERLEI ter\u00e1 uma t\u00e9cnica presente nos dois certames para acompanhar as empresas.<\/p>\n<p>Estas s\u00e3o as duas primeiras a\u00e7\u00f5es do projeto <em>International Business<\/em> 2023-25, que a NERLEI est\u00e1 a desenvolver e que visa promover a competitividade e capacidade exportadora num conjunto de PME das fileiras casa, escrit\u00f3rio e autom\u00f3vel, atrav\u00e9s da participa\u00e7\u00e3o coletiva em feiras, miss\u00f5es internacionais e na implementa\u00e7\u00e3o e promo\u00e7\u00e3o de a\u00e7\u00f5es de marketing internacional, de transforma\u00e7\u00e3o digital e do desenvolvimento do e-commerce nas PME. \u00c9 financiado pelo Portugal 2030, no \u00e2mbito do PITD &#8211; Programa Inova\u00e7\u00e3o e Transi\u00e7\u00e3o Digital, no montante de 7.373.726,41 de euros, dos quais 3.997.426,0 de euros s\u00e3o provenientes do Fundo Europeu de Desenvolvimento Regional.<\/p>\n<p>A execu\u00e7\u00e3o deste projeto estende-se at\u00e9 final de abril de 2025 e comtempla muitas outras a\u00e7\u00f5es, entre feiras internacionais, miss\u00f5es empresariais e a\u00e7\u00f5es de e-commerce e transforma\u00e7\u00e3o digital e campanhas de marketing internacional.<\/p>\n<p>Os interessados em conhecer melhor todas as a\u00e7\u00f5es apoiadas pelo projeto da NERLEI, podem consultar <a href=\"http:\/\/www.nerlei.pt\">www.nerlei.pt<\/a> ou contactar o Departamento de Apoio \u00e0 Internacionaliza\u00e7\u00e3o para <a href=\"mailto:internacional@nerlei.pt\">internacional@nerlei.pt<\/a>.<\/p>\n<p><strong> \u00a0Fonte: Nerlei<\/strong><\/p>\n","protected":false},"excerpt":{"rendered":"<p>Durante o m\u00eas de outubro onze empresas portuguesas v\u00e3o participar em duas feiras internacionais, na Alemanha e em It\u00e1lia, com o apoio da NERLEI \u2013 Associa\u00e7\u00e3o Empresarial da Regi\u00e3o de Leiria, no \u00e2mbito do seu projeto de apoio \u00e0 internacionaliza\u00e7\u00e3o de empresas International Business 2023-25, aprovado pelo Portugal 2030, e que prev\u00ea um investimento total [&hellip;]<\/p>\n","protected":false},"author":2,"featured_media":9441,"comment_status":"open","ping_status":"open","sticky":false,"template":"","format":"standard","meta":{"footnotes":""},"categories":[7],"tags":[],"class_list":["post-30783","post","type-post","status-publish","format-standard","has-post-thumbnail","hentry","category-economia"],"_links":{"self":[{"href":"https:\/\/tintafresca.net\/index.php\/wp-json\/wp\/v2\/posts\/30783","targetHints":{"allow":["GET"]}}],"collection":[{"href":"https:\/\/tintafresca.net\/index.php\/wp-json\/wp\/v2\/posts"}],"about":[{"href":"https:\/\/tintafresca.net\/index.php\/wp-json\/wp\/v2\/types\/post"}],"author":[{"embeddable":true,"href":"https:\/\/tintafresca.net\/index.php\/wp-json\/wp\/v2\/users\/2"}],"replies":[{"embeddable":true,"href":"https:\/\/tintafresca.net\/index.php\/wp-json\/wp\/v2\/comments?post=30783"}],"version-history":[{"count":3,"href":"https:\/\/tintafresca.net\/index.php\/wp-json\/wp\/v2\/posts\/30783\/revisions"}],"predecessor-version":[{"id":30786,"href":"https:\/\/tintafresca.net\/index.php\/wp-json\/wp\/v2\/posts\/30783\/revisions\/30786"}],"wp:featuredmedia":[{"embeddable":true,"href":"https:\/\/tintafresca.net\/index.php\/wp-json\/wp\/v2\/media\/9441"}],"wp:attachment":[{"href":"https:\/\/tintafresca.net\/index.php\/wp-json\/wp\/v2\/media?parent=30783"}],"wp:term":[{"taxonomy":"category","embeddable":true,"href":"https:\/\/tintafresca.net\/index.php\/wp-json\/wp\/v2\/categories?post=30783"},{"taxonomy":"post_tag","embeddable":true,"href":"https:\/\/tintafresca.net\/index.php\/wp-json\/wp\/v2\/tags?post=30783"}],"curies":[{"name":"wp","href":"https:\/\/api.w.org\/{rel}","templated":true}]}}