{"id":30816,"date":"2023-10-03T22:06:01","date_gmt":"2023-10-03T22:06:01","guid":{"rendered":"https:\/\/tintafresca.net\/?p=30816"},"modified":"2023-10-03T22:14:11","modified_gmt":"2023-10-03T22:14:11","slug":"ahresp-lamenta-via-proibicionista-e-repressiva-da-lei-do-tabaco-aprovada-na-generalidade","status":"publish","type":"post","link":"https:\/\/tintafresca.net\/index.php\/2023\/10\/03\/ahresp-lamenta-via-proibicionista-e-repressiva-da-lei-do-tabaco-aprovada-na-generalidade\/","title":{"rendered":"AHRESP lamenta via \u201cproibicionista\u201d e \u201crepressiva\u201d da Lei do Tabaco aprovada na generalidade"},"content":{"rendered":"<div id=\"attachment_30818\" style=\"width: 360px\" class=\"wp-caption alignleft\"><img loading=\"lazy\" decoding=\"async\" aria-describedby=\"caption-attachment-30818\" class=\"wp-image-30818\" src=\"https:\/\/tintafresca.net\/wp-content\/uploads\/2023\/10\/Maquina_tabaco.jpg\" alt=\"\" width=\"350\" height=\"637\" srcset=\"https:\/\/tintafresca.net\/wp-content\/uploads\/2023\/10\/Maquina_tabaco.jpg 563w, https:\/\/tintafresca.net\/wp-content\/uploads\/2023\/10\/Maquina_tabaco-165x300.jpg 165w\" sizes=\"auto, (max-width: 350px) 100vw, 350px\" \/><p id=\"caption-attachment-30818\" class=\"wp-caption-text\">M\u00e1quina de venda de tabaco<\/p><\/div>\n<p>A AHRESP reitera as suas preocupa\u00e7\u00f5es relativamente \u00e0s propostas agora aprovadas na generalidade e apela a que, na especialidade, se minimize o impacto negativo desta lei.<\/p>\n<p>Ap\u00f3s discuss\u00e3o na generalidade, foi votada e aprovada, na Assembleia da Rep\u00fablica, a proposta do governo de altera\u00e7\u00e3o \u00e0 Lei do Tabaco. A AHRESP mant\u00e9m a posi\u00e7\u00e3o j\u00e1 assumida, no sentido de n\u00e3o questionar os malef\u00edcios do tabaco e a import\u00e2ncia da promo\u00e7\u00e3o da sa\u00fade, mas de exigir que esta seja feita de forma justa e equilibrada, tendo todos os direitos em considera\u00e7\u00e3o.<\/p>\n<p>Confirmou-se, assim, a aprova\u00e7\u00e3o de altera\u00e7\u00f5es que segundo a Associa\u00e7\u00e3o da Hotelaria, Restaura\u00e7\u00e3o e Similares de Portugal, \u201cs\u00e3o, globalmente, desproporcionais e discriminat\u00f3rias, como \u00e9 o caso da proibi\u00e7\u00e3o de venda de tabaco nos estabelecimentos de restaura\u00e7\u00e3o e bebidas, sendo este setor de atividade o mais visado e prejudicado pelas altera\u00e7\u00f5es legislativas.\u201d<\/p>\n<p>A AHRESP n\u00e3o pode deixar de lamentar que, uma vez mais, se tenha optado pela via proibicionista e repressiva, ao inv\u00e9s de se investir na forma\u00e7\u00e3o, na informa\u00e7\u00e3o e num apoio s\u00e9rio a quem, efetivamente, pretenda deixar de fumar, nomeadamente atrav\u00e9s de consultas e comparticipa\u00e7\u00e3o de medicamentos para cessa\u00e7\u00e3o tab\u00e1gica.<\/p>\n<p>Enquanto membro do Grupo T\u00e9cnico Consultivo no \u00e2mbito da preven\u00e7\u00e3o e controlo do tabagismo, a AHRESP lamenta tamb\u00e9m n\u00e3o ter tido conhecimento pr\u00e9vio sobre a proposta do governo, nem sobre qualquer inten\u00e7\u00e3o de altera\u00e7\u00e3o \u00e0 atual legisla\u00e7\u00e3o. Nesta mat\u00e9ria, a associa\u00e7\u00e3o alerta ainda para o facto de n\u00e3o ter sido apresentado \u00e0 Assembleia da Rep\u00fablica, como devia, um relat\u00f3rio sobre o impacto da Lei do Tabaco ainda em vigor.<\/p>\n<p>A proposta com as altera\u00e7\u00f5es legislativas vai agora ser discutida e votada na especialidade pela Comiss\u00e3o de Sa\u00fade, sede onde a AHRESP ir\u00e1 intervir, contribuindo para uma reda\u00e7\u00e3o final que minimize o impacto negativo que se perspetiva para o setor da Restaura\u00e7\u00e3o e Bebidas.<\/p>\n<p><strong>\u00a0 \u00a0 Sobre a AHRESP\u00a0<\/strong><\/p>\n<p>A Associa\u00e7\u00e3o da Hotelaria, Restaura\u00e7\u00e3o e Similares de Portugal (AHRESP) nasceu em 1896. \u00c9 a maior associa\u00e7\u00e3o empresarial portuguesa, representando mais de 50 \u00e1reas de atividade dos setores da restaura\u00e7\u00e3o e similares e alojamento tur\u00edstico, que contribuem para uma das maiores locomotivas do desenvolvimento e da economia da sociedade portuguesa: o Turismo.<\/p>\n","protected":false},"excerpt":{"rendered":"<p>A AHRESP reitera as suas preocupa\u00e7\u00f5es relativamente \u00e0s propostas agora aprovadas na generalidade e apela a que, na especialidade, se minimize o impacto negativo desta lei. Ap\u00f3s discuss\u00e3o na generalidade, foi votada e aprovada, na Assembleia da Rep\u00fablica, a proposta do governo de altera\u00e7\u00e3o \u00e0 Lei do Tabaco. A AHRESP mant\u00e9m a posi\u00e7\u00e3o j\u00e1 assumida, [&hellip;]<\/p>\n","protected":false},"author":2,"featured_media":30819,"comment_status":"open","ping_status":"open","sticky":false,"template":"","format":"standard","meta":{"footnotes":""},"categories":[7,6],"tags":[],"class_list":["post-30816","post","type-post","status-publish","format-standard","has-post-thumbnail","hentry","category-economia","category-saude"],"_links":{"self":[{"href":"https:\/\/tintafresca.net\/index.php\/wp-json\/wp\/v2\/posts\/30816","targetHints":{"allow":["GET"]}}],"collection":[{"href":"https:\/\/tintafresca.net\/index.php\/wp-json\/wp\/v2\/posts"}],"about":[{"href":"https:\/\/tintafresca.net\/index.php\/wp-json\/wp\/v2\/types\/post"}],"author":[{"embeddable":true,"href":"https:\/\/tintafresca.net\/index.php\/wp-json\/wp\/v2\/users\/2"}],"replies":[{"embeddable":true,"href":"https:\/\/tintafresca.net\/index.php\/wp-json\/wp\/v2\/comments?post=30816"}],"version-history":[{"count":2,"href":"https:\/\/tintafresca.net\/index.php\/wp-json\/wp\/v2\/posts\/30816\/revisions"}],"predecessor-version":[{"id":30820,"href":"https:\/\/tintafresca.net\/index.php\/wp-json\/wp\/v2\/posts\/30816\/revisions\/30820"}],"wp:featuredmedia":[{"embeddable":true,"href":"https:\/\/tintafresca.net\/index.php\/wp-json\/wp\/v2\/media\/30819"}],"wp:attachment":[{"href":"https:\/\/tintafresca.net\/index.php\/wp-json\/wp\/v2\/media?parent=30816"}],"wp:term":[{"taxonomy":"category","embeddable":true,"href":"https:\/\/tintafresca.net\/index.php\/wp-json\/wp\/v2\/categories?post=30816"},{"taxonomy":"post_tag","embeddable":true,"href":"https:\/\/tintafresca.net\/index.php\/wp-json\/wp\/v2\/tags?post=30816"}],"curies":[{"name":"wp","href":"https:\/\/api.w.org\/{rel}","templated":true}]}}