{"id":30846,"date":"2023-10-05T12:35:59","date_gmt":"2023-10-05T12:35:59","guid":{"rendered":"https:\/\/tintafresca.net\/?p=30846"},"modified":"2023-10-06T10:44:39","modified_gmt":"2023-10-06T10:44:39","slug":"regiao-do-oeste-podera-ter-duas-unidades-locais-de-saude","status":"publish","type":"post","link":"https:\/\/tintafresca.net\/index.php\/2023\/10\/05\/regiao-do-oeste-podera-ter-duas-unidades-locais-de-saude\/","title":{"rendered":"Regi\u00e3o Oeste poder\u00e1 ter duas Unidades Locais de Sa\u00fade"},"content":{"rendered":"<div id=\"attachment_13074\" style=\"width: 510px\" class=\"wp-caption alignleft\"><img loading=\"lazy\" decoding=\"async\" aria-describedby=\"caption-attachment-13074\" class=\"wp-image-13074 size-full\" src=\"https:\/\/tintafresca.net\/wp-content\/uploads\/2022\/01\/Bombarral_USF_10.jpg\" alt=\"\" width=\"500\" height=\"333\" \/><p id=\"caption-attachment-13074\" class=\"wp-caption-text\">Unidade de Sa\u00fade Familiar do Bombarral<\/p><\/div>\n<p>Os deputados Hugo Patr\u00edcio Oliveira, Miguel Santos, Paulo Mota Pinto, Olga Silvestre e Jo\u00e3o Marques (PSD) entregaram, no dia 4 de outubro, na Assembleia da Rep\u00fablica, uma Pergunta ao ministro da Sa\u00fade, Manuel Pizarro, sobre a futura Unidade Local de Sa\u00fade do Oeste. O Governo diz pretender, com a recentemente anunciada cria\u00e7\u00e3o de 31 Unidades Locais de Sa\u00fade em todo o territ\u00f3rio de Portugal continental, otimizar a gest\u00e3o dos recursos humanos do Servi\u00e7o Nacional de Sa\u00fade (SNS), a fim de melhorar o funcionamento dos servi\u00e7os hospitalares e, consequentemente, de prestar melhores cuidados de sa\u00fade \u00e0s popula\u00e7\u00f5es. Contudo, o an\u00fancio suscita algumas d\u00favidas relativamente \u00e0s condi\u00e7\u00f5es de operacionalidade de uma Unidade Local de Sa\u00fade como a que atualmente se encontra prevista para a regi\u00e3o do Oeste, com uma grande extens\u00e3o..<\/p>\n<p>Com efeito, tanto quanto \u00e9 do conhecimento p\u00fablico, o Governo pretender\u00e1 criar uma Unidade Local de Sa\u00fade do Oeste, por integra\u00e7\u00e3o do Centro Hospitalar do Oeste com o Agrupamento de Centros de Sa\u00fade Oeste Sul, com exce\u00e7\u00e3o do Centro de Sa\u00fade de Mafra, e os Centros de Sa\u00fade do Bombarral, das Caldas da Rainha, de \u00d3bidos e de Peniche, todos atualmente integrados no Agrupamento de Centros de Sa\u00fade Oeste Norte.<\/p>\n<p>Daqui decorre que a \u00e1rea geogr\u00e1fica de atua\u00e7\u00e3o da Unidade Local de Sa\u00fade do Oeste dever\u00e1 abranger o territ\u00f3rio atualmente afeto \u00e0s Administra\u00e7\u00f5es Regionais de Sa\u00fade do Centro e de Lisboa e Vale do Tejo, bem como aos referidos ACES.<\/p>\n<p>Assim, face ao exposto, os cinco deputados do Grupo Parlamentar do PSD questionam o ministro da Sa\u00fade, se o estudo de referencia\u00e7\u00e3o hospitalar encomendado pelo Minist\u00e9rio da Sa\u00fade j\u00e1 se encontra conclu\u00eddo e, em caso afirmativo, quais as conclus\u00f5es do mesmo e que solu\u00e7\u00f5es preconiza.<\/p>\n<p>Tendo em conta a dimens\u00e3o da Unidade Local de Sa\u00fade proposta para a regi\u00e3o do Oeste, \u00a0aproximada de a de um hospital central, os parlamentares do PSD perguntam ainda se foi ponderada a possibilidade da cria\u00e7\u00e3o de duas Unidades Locais de Sa\u00fade, uma do Oeste Norte e outra do Oeste Norte e, caso as possibilidades suscitadas na quest\u00e3o anterior n\u00e3o tenham sido ponderadas, se o ministro da Sa\u00fade est\u00e1 dispon\u00edvel para o fazer.<\/p>\n","protected":false},"excerpt":{"rendered":"<p>Os deputados Hugo Patr\u00edcio Oliveira, Miguel Santos, Paulo Mota Pinto, Olga Silvestre e Jo\u00e3o Marques (PSD) entregaram, no dia 4 de outubro, na Assembleia da Rep\u00fablica, uma Pergunta ao ministro da Sa\u00fade, Manuel Pizarro, sobre a futura Unidade Local de Sa\u00fade do Oeste. O Governo diz pretender, com a recentemente anunciada cria\u00e7\u00e3o de 31 Unidades [&hellip;]<\/p>\n","protected":false},"author":2,"featured_media":30850,"comment_status":"open","ping_status":"open","sticky":false,"template":"","format":"standard","meta":{"footnotes":""},"categories":[6],"tags":[],"class_list":["post-30846","post","type-post","status-publish","format-standard","has-post-thumbnail","hentry","category-saude"],"_links":{"self":[{"href":"https:\/\/tintafresca.net\/index.php\/wp-json\/wp\/v2\/posts\/30846","targetHints":{"allow":["GET"]}}],"collection":[{"href":"https:\/\/tintafresca.net\/index.php\/wp-json\/wp\/v2\/posts"}],"about":[{"href":"https:\/\/tintafresca.net\/index.php\/wp-json\/wp\/v2\/types\/post"}],"author":[{"embeddable":true,"href":"https:\/\/tintafresca.net\/index.php\/wp-json\/wp\/v2\/users\/2"}],"replies":[{"embeddable":true,"href":"https:\/\/tintafresca.net\/index.php\/wp-json\/wp\/v2\/comments?post=30846"}],"version-history":[{"count":4,"href":"https:\/\/tintafresca.net\/index.php\/wp-json\/wp\/v2\/posts\/30846\/revisions"}],"predecessor-version":[{"id":30851,"href":"https:\/\/tintafresca.net\/index.php\/wp-json\/wp\/v2\/posts\/30846\/revisions\/30851"}],"wp:featuredmedia":[{"embeddable":true,"href":"https:\/\/tintafresca.net\/index.php\/wp-json\/wp\/v2\/media\/30850"}],"wp:attachment":[{"href":"https:\/\/tintafresca.net\/index.php\/wp-json\/wp\/v2\/media?parent=30846"}],"wp:term":[{"taxonomy":"category","embeddable":true,"href":"https:\/\/tintafresca.net\/index.php\/wp-json\/wp\/v2\/categories?post=30846"},{"taxonomy":"post_tag","embeddable":true,"href":"https:\/\/tintafresca.net\/index.php\/wp-json\/wp\/v2\/tags?post=30846"}],"curies":[{"name":"wp","href":"https:\/\/api.w.org\/{rel}","templated":true}]}}