{"id":30871,"date":"2023-10-05T22:33:37","date_gmt":"2023-10-05T22:33:37","guid":{"rendered":"https:\/\/tintafresca.net\/?p=30871"},"modified":"2023-10-05T22:40:00","modified_gmt":"2023-10-05T22:40:00","slug":"fnam-alerta-para-caos-nas-urgencias-apos-encerramentos-em-caldas-da-rainha-santarem-tomar-e-noutras-cidades","status":"publish","type":"post","link":"https:\/\/tintafresca.net\/index.php\/2023\/10\/05\/fnam-alerta-para-caos-nas-urgencias-apos-encerramentos-em-caldas-da-rainha-santarem-tomar-e-noutras-cidades\/","title":{"rendered":"FNAM alerta para caos nas urg\u00eancias ap\u00f3s encerramentos em Caldas da Rainha, Santar\u00e9m, Tomar e noutras cidades"},"content":{"rendered":"<div id=\"attachment_12375\" style=\"width: 510px\" class=\"wp-caption alignleft\"><img loading=\"lazy\" decoding=\"async\" aria-describedby=\"caption-attachment-12375\" class=\"wp-image-12375 size-full\" src=\"https:\/\/tintafresca.net\/wp-content\/uploads\/2021\/12\/Tomar_Hospital20.jpg\" alt=\"\" width=\"500\" height=\"375\" \/><p id=\"caption-attachment-12375\" class=\"wp-caption-text\">Hospital de Tomar<\/p><\/div>\n<p>A Federa\u00e7\u00e3o Nacional dos M\u00e9dicos alertou, no dia 4 de outubro, para o agravamento das condi\u00e7\u00f5es de funcionamento dos servi\u00e7os de urg\u00eancia dos hospitais portugueses<\/p>\n<p>\u201cQuando na \u00faltima ronda negocial afirmamos que as consequ\u00eancias para o Servi\u00e7o Nacional de Sa\u00fade seriam t\u00e3o r\u00e1pidas como dram\u00e1ticas, Manuel Pizarro relativizou e acusou o alerta da FNAM de ser \u201cagita\u00e7\u00e3o pol\u00edtica\u201d. A realidade demonstrou o contr\u00e1rio e o SNS est\u00e1 hoje \u00e0 beira do colapso de norte a sul do pa\u00eds, nos servi\u00e7os de urg\u00eancia e em v\u00e1rias especialidades, com mais de 2000 m\u00e9dicos a recusarem superar as 150 horas de trabalho suplementar anuais previstas na lei\u201d, recorda.<\/p>\n<p>Segundo a FNAM, \u201ca aus\u00eancia de um acordo capaz de fixar m\u00e9dicos no SNS est\u00e1 na base de um problema que tem solu\u00e7\u00f5es, e quer Manuel Pizarro quer Ant\u00f3nio Costa sabem bem quais s\u00e3o: 35h de trabalho semanais tal como os demais trabalhadores da sa\u00fade, revis\u00e3o das tabelas salariais, n\u00e3o aumentar o limite de trabalho suplementar al\u00e9m das 150 horas, respeito pelo descanso compensat\u00f3rio, cumprimento pelos acordos coletivos de trabalho, desenvolvidos num plano nacional para salvar a carreira m\u00e9dica e o SNS.\u201d<\/p>\n<p>Ainda segundo a FNAM, \u201cna entrevista que deu ao Pa\u00eds, Ant\u00f3nio Costa, sem nada a acrescentar, somou-se \u00e0 incompet\u00eancia e \u00e0 irresponsabilidade de Manuel Pizarro, sendo que ambos s\u00e3o, neste momento, os grandes respons\u00e1veis pela situa\u00e7\u00e3o ca\u00f3tica que se vive no SNS\u201d, que acrescenta que a sua \u00e9tica deontol\u00f3gica \u00e9 perante os utentes, n\u00e3o o ministro, o primeiro-ministro ou o governo.<\/p>\n<p>Ao longo dos locais por onde tem passado a Caravana da FNAM, que tem refor\u00e7ado a mobiliza\u00e7\u00e3o dos m\u00e9dicos para que se recusem a exceder o limite legal das 150 horas de trabalho suplementar, tornou-se poss\u00edvel um retrato preciso do estado em que Manuel Pizarro (MP) e Ant\u00f3nio Costa (AC) deixaram o SNS.<\/p>\n<p>Segundo a FNAM, \u201cao contr\u00e1rio do que MP e AC insinuam com a sua propaganda, os m\u00e9dicos j\u00e1 fizeram este ano este ano muito mais do que 150 horas extraordin\u00e1rias: muitos fizeram 500, 600, 700 horas extraordin\u00e1rias. N\u00e3o \u00e9 poss\u00edvel manter o SNS ref\u00e9m de trabalho suplementar. N\u00e3o pode ser esta a grande reforma pretendida para o SNS.\u201d<\/p>\n<p>Com as unidades de sa\u00fade e os hospitais mais perif\u00e9ricos a serem os primeiros a sentir os efeitos da falta de m\u00e9dicos \u2013 que agora se tornou indisfar\u00e7\u00e1vel sem a possibilidade de o esconder com o abuso do recurso \u00e0s horas suplementares \u2013 a FNAM alerta que a situa\u00e7\u00e3o vai ficar ainda mais dif\u00edcil em novembro, uma vez que parte significativa dos m\u00e9dicos entregaram as suas declara\u00e7\u00f5es em outubro, nomeadamente em hospitais de refer\u00eancia como o Hospital Santa Maria, em Lisboa, os Hospitais de Santo Ant\u00f3nio e de S\u00e3o Jo\u00e3o, no Porto, e o Centro Hospitalar da Universidade de Coimbra.<\/p>\n<p>A FNAM sublinha, em solidariedade, as raz\u00f5es invocadas pelos colegas de Santar\u00e9m, do servi\u00e7o de Medicina Interna, cujos especialistas e internos da especialidade entregaram em conjunto as declara\u00e7\u00f5es de indisponibilidade para a fazer mais do que 150 horas suplementares por ano, \u00e0 qual somaram um \u201cManifesto de Protesto\u201d corajoso, enviado ao Conselho de Administra\u00e7\u00e3o, sobre as raz\u00f5es da sua luta.<\/p>\n<p>O retrato \u00e9 de tal modo grave que o seu levantamento fala por si: Servi\u00e7os de Urg\u00eancias que j\u00e1 enfrentaram encerramentos: Barcelos, Caldas da Rainha, Chaves, Guarda, Santar\u00e9m e Tomar.<\/p>\n<p>Servi\u00e7os de Urg\u00eancia fortemente condicionados e com equipas insuficientes em: Almada, Amadora, Aveiro, Barcelos, Barreiro, Braga, Bragan\u00e7a, Caldas da Rainha, Famalic\u00e3o, Figueira da Foz, Lamego, Leiria, Lisboa, Matosinhos, Penafiel, Ponte de Lima, Porto, P\u00f3voa de Varzim, Portalegre, Portim\u00e3o, Santa Maria da Feira, Tomar, Torres Vedras, Viana do Castelo, Vila Nova de Gaia, Vila Real e Viseu al\u00e9m de Barcelos, Caldas da Rainha, Chaves, Guarda, Santar\u00e9m e Tomar, onde al\u00e9m dos encerramentos tamb\u00e9m se verificam constrangimentos nos demais servi\u00e7os.<\/p>\n<p>Al\u00e9m dos servi\u00e7os de urg\u00eancia, h\u00e1 efeitos conexos, fruto da desloca\u00e7\u00e3o dos m\u00e9dicos de outros servi\u00e7os para as escalas dos servi\u00e7os de urg\u00eancia, nos servi\u00e7os de Anestesia, Cardiologia, Cirurgia, Ginecologia-Obstetr\u00edcia, Medicina Interna, Medicina Intensiva, Ortopedia e Pediatria.<\/p>\n<p>Acrescem a este cen\u00e1rio as dificuldades nas maternidades. Com as urg\u00eancias do Hospital de Santa Maria e do Hospital das Caldas da Rainha encerradas para obras, h\u00e1 condicionamentos graves em Almada, Amadora, Aveiro, Barreiro, Caldas, Leiria, Loures, Santar\u00e9m, Set\u00fabal, Vila Franca de Xira.<\/p>\n<p>\u201cConforme se pode verificar, praticamente n\u00e3o sobra SNS ao Minist\u00e9rio da Sa\u00fade de Manuel Pizarro e ao Governo de Ant\u00f3nio Costa, que devem ser responsabilizados por todas as consequ\u00eancias da sua irresponsabilidade e incompet\u00eancia. O tempo das negocia\u00e7\u00f5es n\u00e3o produziu nada, foi uma encena\u00e7\u00e3o infrut\u00edfera, por decis\u00e3o pol\u00edtica do minist\u00e9rio de Manuel Pizarro e do Governo de Ant\u00f3nio Costa, onde a \u00fanica coisa que deixaram aos utentes e aos m\u00e9dicos foi o aprofundamento, unilateral, das raz\u00f5es que conduziram \u00e0 atual situa\u00e7\u00e3o, pelo que o tempo que agora vivemos \u00e9 de solu\u00e7\u00f5es, t\u00e3o urgentes como \u00e9 todo o universo do SNS\u201d, conclui a FNAM.<\/p>\n<p><strong>Manifesta\u00e7\u00f5es Nacionais<\/strong><\/p>\n<p>Dias 17 de outubro e 14 de novembro<br \/>\n15h, em frente ao Minist\u00e9rio da Sa\u00fade<\/p>\n<p><strong>Greve para todos os M\u00e9dicos<\/strong><\/p>\n<p>17 e 18 de outubro<br \/>\n14 e 15 de novembro<br \/>\n4 de outubro 2023<\/p>\n","protected":false},"excerpt":{"rendered":"<p>A Federa\u00e7\u00e3o Nacional dos M\u00e9dicos alertou, no dia 4 de outubro, para o agravamento das condi\u00e7\u00f5es de funcionamento dos servi\u00e7os de urg\u00eancia dos hospitais portugueses \u201cQuando na \u00faltima ronda negocial afirmamos que as consequ\u00eancias para o Servi\u00e7o Nacional de Sa\u00fade seriam t\u00e3o r\u00e1pidas como dram\u00e1ticas, Manuel Pizarro relativizou e acusou o alerta da FNAM de [&hellip;]<\/p>\n","protected":false},"author":2,"featured_media":7601,"comment_status":"open","ping_status":"open","sticky":false,"template":"","format":"standard","meta":{"footnotes":""},"categories":[6],"tags":[],"class_list":["post-30871","post","type-post","status-publish","format-standard","has-post-thumbnail","hentry","category-saude"],"_links":{"self":[{"href":"https:\/\/tintafresca.net\/index.php\/wp-json\/wp\/v2\/posts\/30871","targetHints":{"allow":["GET"]}}],"collection":[{"href":"https:\/\/tintafresca.net\/index.php\/wp-json\/wp\/v2\/posts"}],"about":[{"href":"https:\/\/tintafresca.net\/index.php\/wp-json\/wp\/v2\/types\/post"}],"author":[{"embeddable":true,"href":"https:\/\/tintafresca.net\/index.php\/wp-json\/wp\/v2\/users\/2"}],"replies":[{"embeddable":true,"href":"https:\/\/tintafresca.net\/index.php\/wp-json\/wp\/v2\/comments?post=30871"}],"version-history":[{"count":4,"href":"https:\/\/tintafresca.net\/index.php\/wp-json\/wp\/v2\/posts\/30871\/revisions"}],"predecessor-version":[{"id":30875,"href":"https:\/\/tintafresca.net\/index.php\/wp-json\/wp\/v2\/posts\/30871\/revisions\/30875"}],"wp:featuredmedia":[{"embeddable":true,"href":"https:\/\/tintafresca.net\/index.php\/wp-json\/wp\/v2\/media\/7601"}],"wp:attachment":[{"href":"https:\/\/tintafresca.net\/index.php\/wp-json\/wp\/v2\/media?parent=30871"}],"wp:term":[{"taxonomy":"category","embeddable":true,"href":"https:\/\/tintafresca.net\/index.php\/wp-json\/wp\/v2\/categories?post=30871"},{"taxonomy":"post_tag","embeddable":true,"href":"https:\/\/tintafresca.net\/index.php\/wp-json\/wp\/v2\/tags?post=30871"}],"curies":[{"name":"wp","href":"https:\/\/api.w.org\/{rel}","templated":true}]}}